{"id":27050,"date":"2025-04-04T08:03:30","date_gmt":"2025-04-04T11:03:30","guid":{"rendered":"https:\/\/minutobahia24h.com.br\/?p=27050"},"modified":"2025-04-04T08:03:32","modified_gmt":"2025-04-04T11:03:32","slug":"lider-do-pl-afirma-ja-ter-165-votos-a-favor-do-projeto-de-lei-para-anistiar-presos-no-8-1","status":"publish","type":"post","link":"https:\/\/minutobahia24h.com.br\/?p=27050","title":{"rendered":"L\u00edder do PL afirma j\u00e1 ter 165 votos a favor do projeto de lei para anistiar presos no 8\/1"},"content":{"rendered":"<div class=\"wp-block-image\">\n<figure class=\"aligncenter size-full\"><img data-recalc-dims=\"1\" fetchpriority=\"high\" decoding=\"async\" width=\"600\" height=\"422\" src=\"https:\/\/i0.wp.com\/minutobahia24h.com.br\/wp-content\/uploads\/2025\/04\/Sem-titulo-66.jpg?resize=600%2C422&#038;ssl=1\" alt=\"\" class=\"wp-image-27051\" srcset=\"https:\/\/i0.wp.com\/minutobahia24h.com.br\/wp-content\/uploads\/2025\/04\/Sem-titulo-66.jpg?w=600&amp;ssl=1 600w, https:\/\/i0.wp.com\/minutobahia24h.com.br\/wp-content\/uploads\/2025\/04\/Sem-titulo-66.jpg?resize=300%2C211&amp;ssl=1 300w\" sizes=\"(max-width: 600px) 100vw, 600px\" \/><figcaption class=\"wp-element-caption\">Foto: Fabio Rodrigues Pozzebom\/Ag\u00eancia Brasil<br><\/figcaption><\/figure>\n<\/div>\n\n\n<p>O deputado federal S\u00f3stenes Cavalcante (RJ) afirmou nesta quinta-feira (3) j\u00e1 ter 165 votos dentro da casa para incluir urg\u00eancia autom\u00e1tica em projeto de lei de anistia do 8 de janeiro. Ele \u00e9 o lider do PL (Partido Liberal) na Casa. Pelo regimento, o parlamentar precisar\u00e1, ao menos, de 257 assinaturas para incluir o PL com urg\u00eancia. S\u00f3stenes disse que Hugo Motta pediu para os l\u00edderes do partido n\u00e3o assinarem o requerimento, por enquanto.<\/p>\n\n\n\n<p>\u201cTodos os l\u00edderes de partidos, com exce\u00e7\u00e3o do PL e do Novo, que j\u00e1 assinaram o requerimento, est\u00e3o aguardando a sinaliza\u00e7\u00e3o do presidente Hugo Mota para assinarem [oficialmente]. Motta est\u00e1 alinhando alguns procedimentos e fazendo comunicados. Por isso, pediu momentaneamente que esses l\u00edderes n\u00e3o assinassem nosso requerimento, o que fez com que ele n\u00e3o entrasse na pauta [da reuni\u00e3o de l\u00edderes] hoje\u201d, revelou o liberal.<\/p>\n\n\n\n<p>A partir da pr\u00f3xima semana, ele ir\u00e1 fazer reuni\u00f5es em diversas bancadas para conseguir mais assinaturas. S\u00f3stenes diz respeitar e entender a decis\u00e3o de Motta, mas declarou que a desist\u00eancia da anistia n\u00e3o \u00e9 op\u00e7\u00e3o.<\/p>\n\n\n\n<p>\u201cMudamos a estrat\u00e9gia para demonstrar, mais uma vez, nosso respeito e considera\u00e7\u00e3o pelo presidente Hugo Motta e pela dificuldade da posi\u00e7\u00e3o que ocupa. Mas n\u00e3o abriremos m\u00e3o da anistia sob nenhuma circunst\u00e2ncia\u201d, explicou o parlamentar.<\/p>\n\n\n\n<p>Bahia.ba<\/p>\n","protected":false},"excerpt":{"rendered":"<p>O deputado federal S\u00f3stenes Cavalcante (RJ) afirmou nesta quinta-feira (3) j\u00e1 ter 165 votos dentro da casa para incluir urg\u00eancia autom\u00e1tica em projeto de lei de anistia do 8 de janeiro. Ele \u00e9 o lider do PL (Partido Liberal) na Casa. Pelo regimento, o parlamentar precisar\u00e1, ao menos, de 257 assinaturas para incluir o PL [&hellip;]<\/p>\n","protected":false},"author":2,"featured_media":27051,"comment_status":"open","ping_status":"open","sticky":false,"template":"","format":"standard","meta":{"_jetpack_memberships_contains_paid_content":false,"footnotes":""},"categories":[39],"tags":[],"class_list":["post-27050","post","type-post","status-publish","format-standard","has-post-thumbnail","hentry","category-politica"],"aioseo_notices":[],"jetpack_featured_media_url":"https:\/\/i0.wp.com\/minutobahia24h.com.br\/wp-content\/uploads\/2025\/04\/Sem-titulo-66.jpg?fit=600%2C422&ssl=1","jetpack_sharing_enabled":true,"_links":{"self":[{"href":"https:\/\/minutobahia24h.com.br\/index.php?rest_route=\/wp\/v2\/posts\/27050","targetHints":{"allow":["GET"]}}],"collection":[{"href":"https:\/\/minutobahia24h.com.br\/index.php?rest_route=\/wp\/v2\/posts"}],"about":[{"href":"https:\/\/minutobahia24h.com.br\/index.php?rest_route=\/wp\/v2\/types\/post"}],"author":[{"embeddable":true,"href":"https:\/\/minutobahia24h.com.br\/index.php?rest_route=\/wp\/v2\/users\/2"}],"replies":[{"embeddable":true,"href":"https:\/\/minutobahia24h.com.br\/index.php?rest_route=%2Fwp%2Fv2%2Fcomments&post=27050"}],"version-history":[{"count":1,"href":"https:\/\/minutobahia24h.com.br\/index.php?rest_route=\/wp\/v2\/posts\/27050\/revisions"}],"predecessor-version":[{"id":27052,"href":"https:\/\/minutobahia24h.com.br\/index.php?rest_route=\/wp\/v2\/posts\/27050\/revisions\/27052"}],"wp:featuredmedia":[{"embeddable":true,"href":"https:\/\/minutobahia24h.com.br\/index.php?rest_route=\/wp\/v2\/media\/27051"}],"wp:attachment":[{"href":"https:\/\/minutobahia24h.com.br\/index.php?rest_route=%2Fwp%2Fv2%2Fmedia&parent=27050"}],"wp:term":[{"taxonomy":"category","embeddable":true,"href":"https:\/\/minutobahia24h.com.br\/index.php?rest_route=%2Fwp%2Fv2%2Fcategories&post=27050"},{"taxonomy":"post_tag","embeddable":true,"href":"https:\/\/minutobahia24h.com.br\/index.php?rest_route=%2Fwp%2Fv2%2Ftags&post=27050"}],"curies":[{"name":"wp","href":"https:\/\/api.w.org\/{rel}","templated":true}]}}