{"id":27047,"date":"2025-04-04T08:01:56","date_gmt":"2025-04-04T11:01:56","guid":{"rendered":"https:\/\/minutobahia24h.com.br\/?p=27047"},"modified":"2025-04-04T08:01:58","modified_gmt":"2025-04-04T11:01:58","slug":"aliados-de-bolsonaro-veem-desempenho-fraco-de-tarcisio-em-pesquisa-quaest-para-2026","status":"publish","type":"post","link":"https:\/\/minutobahia24h.com.br\/?p=27047","title":{"rendered":"Aliados de Bolsonaro veem desempenho &#8216;fraco&#8217; de Tarc\u00edsio em pesquisa Quaest para 2026"},"content":{"rendered":"<div class=\"wp-block-image\">\n<figure class=\"aligncenter size-full\"><img data-recalc-dims=\"1\" fetchpriority=\"high\" decoding=\"async\" width=\"800\" height=\"532\" src=\"https:\/\/i0.wp.com\/minutobahia24h.com.br\/wp-content\/uploads\/2025\/04\/Sem-titulo-65.jpg?resize=800%2C532&#038;ssl=1\" alt=\"\" class=\"wp-image-27048\" srcset=\"https:\/\/i0.wp.com\/minutobahia24h.com.br\/wp-content\/uploads\/2025\/04\/Sem-titulo-65.jpg?w=984&amp;ssl=1 984w, https:\/\/i0.wp.com\/minutobahia24h.com.br\/wp-content\/uploads\/2025\/04\/Sem-titulo-65.jpg?resize=300%2C199&amp;ssl=1 300w, https:\/\/i0.wp.com\/minutobahia24h.com.br\/wp-content\/uploads\/2025\/04\/Sem-titulo-65.jpg?resize=768%2C510&amp;ssl=1 768w, https:\/\/i0.wp.com\/minutobahia24h.com.br\/wp-content\/uploads\/2025\/04\/Sem-titulo-65.jpg?resize=750%2C498&amp;ssl=1 750w\" sizes=\"(max-width: 800px) 100vw, 800px\" \/><figcaption class=\"wp-element-caption\">Tarc\u00edsio de Freitas, governador de SP, em evento no Tribunal de Contas do Estado \u2014 Foto: Pablo Jacob\/Governo do Estado de SP<br><br><\/figcaption><\/figure>\n<\/div>\n\n\n<p>Aliados do ex-presidente Jair Bolsonaro (<a class=\"\" href=\"https:\/\/g1.globo.com\/politica\/partido\/pl\/\">PL<\/a>) consideraram como fraco o desempenho de Tarc\u00edsio de Freitas (Republicanos) para a elei\u00e7\u00e3o presidencial de 2026, conforme&nbsp;<a class=\"\" href=\"https:\/\/g1.globo.com\/politica\/noticia\/2025\/04\/03\/quaest-lula-bolsonaro-cenarios-2026.ghtml\">pesquisa Quaest divulgada nesta quarta-feira (3)<\/a>.<\/p>\n\n\n\n<p>O governador de S\u00e3o Paulo soma 15% das respostas dos eleitores quando questionados sobre quem deveria ser o candidato da direita sem Bolsonaro, que est\u00e1 ineleg\u00edvel pela Justi\u00e7a Eleitoral &#8212; ele tenta aprovar um&nbsp;<a class=\"\" href=\"https:\/\/g1.globo.com\/politica\/noticia\/2025\/04\/01\/anistia-depende-de-projeto-de-lei-e-pode-ser-questionada-no-stf-entenda.ghtml\">projeto de anistia no Congresso Nacional&nbsp;<\/a>para reverter a situa\u00e7\u00e3o e concorrer em 2026.<\/p>\n\n\n\n<p>Logo atr\u00e1s do governador aparecem&nbsp;<a class=\"\" href=\"https:\/\/g1.globo.com\/tudo-sobre\/michelle-bolsonaro\/\">Michelle Bolsonaro<\/a>&nbsp;(PL), com 14%, e Pablo Mar\u00e7al (<a class=\"\" href=\"https:\/\/g1.globo.com\/politica\/partido\/prtb\/\">PRTB<\/a>), com 11%.<\/p>\n\n\n\n<p>Caso enfrentasse o presidente&nbsp;<a class=\"\" href=\"https:\/\/g1.globo.com\/politica\/politico\/lula\/\">Lula<\/a>&nbsp;(<a class=\"\" href=\"https:\/\/g1.globo.com\/politica\/partido\/pt\/\">PT<\/a>) em um eventual 2\u00baturno, Tarc\u00edsio tem 37%, contra 43% do petista. O governador tem o mesmo percentual se o desafiante fosse Pablo Mar\u00e7al e um ponto a menos do que a ex-primeira dama, que tem 38%.<\/p>\n\n\n\n<p>Pessoas pr\u00f3ximas ao ex-presidente avaliam que Tarc\u00edsio n\u00e3o sabe fazer pol\u00edtica, mesmo a frente do principal estado brasileiro. Eles veem os 15% como pouco para um governador de SP que pretende concorrer ao Planalto.<\/p>\n\n\n\n<blockquote class=\"wp-block-quote is-layout-flow wp-block-quote-is-layout-flow\">\n<p>&#8220;Governador com m\u00e1quina na m\u00e3o empatado com Michele e Mar\u00e7al, que tem apenas um [perfil no] Instagram&#8221;, analisou um interlocutor de Bolsonaro ao blog.<\/p>\n<\/blockquote>\n\n\n\n<p>Ser\u00e1 necess\u00e1rio para o governador melhorar a comunica\u00e7\u00e3o e &#8220;andar com o pr\u00f3prio motor&#8221;, segundo esta pessoa, e fazer pol\u00edtica para ele mesmo a fim de conseguir tra\u00e7\u00e3o para concorrer em 2026.<\/p>\n\n\n\n<p>Os aliados consideram os 14% de Michelle, mesmo sem ocupar cargo pol\u00edtico, como demonstra\u00e7\u00e3o do peso que a marca &#8220;Bolsonaro&#8221; tem. O ex-presidente tenta emplacar algu\u00e9m de sua fam\u00edlia como poss\u00edvel substituto para 2026, j\u00e1 que n\u00e3o pode ser candidato.<\/p>\n\n\n\n<p>Na alternativa do ex-presidente, Michelle ou o filho Eduardo seriam cabe\u00e7a de chapa ou, ent\u00e3o, ficariam como vice em chapa com o pr\u00f3prio Bolsonaro como candidato &#8211; e que depois assumiria a candidatura, em estrat\u00e9gia similar \u00e0 adotada por Lula com&nbsp;<a class=\"\" href=\"https:\/\/g1.globo.com\/topico\/fernando-haddad\">Fernando Haddad<\/a>&nbsp;(PT) em 2018.<\/p>\n\n\n\n<p><\/p>\n","protected":false},"excerpt":{"rendered":"<p>Aliados do ex-presidente Jair Bolsonaro (PL) consideraram como fraco o desempenho de Tarc\u00edsio de Freitas (Republicanos) para a elei\u00e7\u00e3o presidencial de 2026, conforme&nbsp;pesquisa Quaest divulgada nesta quarta-feira (3). O governador de S\u00e3o Paulo soma 15% das respostas dos eleitores quando questionados sobre quem deveria ser o candidato da direita sem Bolsonaro, que est\u00e1 ineleg\u00edvel pela [&hellip;]<\/p>\n","protected":false},"author":2,"featured_media":27048,"comment_status":"open","ping_status":"open","sticky":false,"template":"","format":"standard","meta":{"_jetpack_memberships_contains_paid_content":false,"footnotes":""},"categories":[39],"tags":[],"class_list":["post-27047","post","type-post","status-publish","format-standard","has-post-thumbnail","hentry","category-politica"],"aioseo_notices":[],"jetpack_featured_media_url":"https:\/\/i0.wp.com\/minutobahia24h.com.br\/wp-content\/uploads\/2025\/04\/Sem-titulo-65.jpg?fit=984%2C654&ssl=1","jetpack_sharing_enabled":true,"_links":{"self":[{"href":"https:\/\/minutobahia24h.com.br\/index.php?rest_route=\/wp\/v2\/posts\/27047","targetHints":{"allow":["GET"]}}],"collection":[{"href":"https:\/\/minutobahia24h.com.br\/index.php?rest_route=\/wp\/v2\/posts"}],"about":[{"href":"https:\/\/minutobahia24h.com.br\/index.php?rest_route=\/wp\/v2\/types\/post"}],"author":[{"embeddable":true,"href":"https:\/\/minutobahia24h.com.br\/index.php?rest_route=\/wp\/v2\/users\/2"}],"replies":[{"embeddable":true,"href":"https:\/\/minutobahia24h.com.br\/index.php?rest_route=%2Fwp%2Fv2%2Fcomments&post=27047"}],"version-history":[{"count":1,"href":"https:\/\/minutobahia24h.com.br\/index.php?rest_route=\/wp\/v2\/posts\/27047\/revisions"}],"predecessor-version":[{"id":27049,"href":"https:\/\/minutobahia24h.com.br\/index.php?rest_route=\/wp\/v2\/posts\/27047\/revisions\/27049"}],"wp:featuredmedia":[{"embeddable":true,"href":"https:\/\/minutobahia24h.com.br\/index.php?rest_route=\/wp\/v2\/media\/27048"}],"wp:attachment":[{"href":"https:\/\/minutobahia24h.com.br\/index.php?rest_route=%2Fwp%2Fv2%2Fmedia&parent=27047"}],"wp:term":[{"taxonomy":"category","embeddable":true,"href":"https:\/\/minutobahia24h.com.br\/index.php?rest_route=%2Fwp%2Fv2%2Fcategories&post=27047"},{"taxonomy":"post_tag","embeddable":true,"href":"https:\/\/minutobahia24h.com.br\/index.php?rest_route=%2Fwp%2Fv2%2Ftags&post=27047"}],"curies":[{"name":"wp","href":"https:\/\/api.w.org\/{rel}","templated":true}]}}