{"id":27,"date":"2023-09-06T14:47:02","date_gmt":"2023-09-06T17:47:02","guid":{"rendered":"https:\/\/minutobahia24h.com.br\/?p=27"},"modified":"2023-09-06T15:46:05","modified_gmt":"2023-09-06T18:46:05","slug":"representando-lauro-de-freitas-jovem-de-bonfim-e-a-miss-bahia-2023","status":"publish","type":"post","link":"https:\/\/minutobahia24h.com.br\/?p=27","title":{"rendered":"Representando Lauro de Freitas, jovem de Bonfim \u00e9 a Miss Bahia 2023"},"content":{"rendered":"\n<figure class=\"wp-block-image size-full\"><img data-recalc-dims=\"1\" fetchpriority=\"high\" decoding=\"async\" width=\"800\" height=\"800\" src=\"https:\/\/i0.wp.com\/minutobahia24h.com.br\/wp-content\/uploads\/2023\/09\/image-2.png?resize=800%2C800&#038;ssl=1\" alt=\"\" class=\"wp-image-28\" srcset=\"https:\/\/i0.wp.com\/minutobahia24h.com.br\/wp-content\/uploads\/2023\/09\/image-2.png?w=905&amp;ssl=1 905w, https:\/\/i0.wp.com\/minutobahia24h.com.br\/wp-content\/uploads\/2023\/09\/image-2.png?resize=300%2C300&amp;ssl=1 300w, https:\/\/i0.wp.com\/minutobahia24h.com.br\/wp-content\/uploads\/2023\/09\/image-2.png?resize=150%2C150&amp;ssl=1 150w, https:\/\/i0.wp.com\/minutobahia24h.com.br\/wp-content\/uploads\/2023\/09\/image-2.png?resize=768%2C768&amp;ssl=1 768w, https:\/\/i0.wp.com\/minutobahia24h.com.br\/wp-content\/uploads\/2023\/09\/image-2.png?resize=75%2C75&amp;ssl=1 75w, https:\/\/i0.wp.com\/minutobahia24h.com.br\/wp-content\/uploads\/2023\/09\/image-2.png?resize=750%2C750&amp;ssl=1 750w\" sizes=\"(max-width: 800px) 100vw, 800px\" \/><\/figure>\n\n\n\n<p>A jovem&nbsp;<strong><mark>Isabelle Vilas-B\u00f4as Maia<\/mark><\/strong>, de 26 anos, \u00e9 a Miss Bahia 2023. Ela foi eleita na noite deste s\u00e1bado (05), em evento realizado no Cerimonial Multiforma, em Piat\u00e3, Salvador, local que sediou a escolha do Mister e da Miss Bahia 2023.<\/p>\n\n\n\n<p>Segundo a organiza\u00e7\u00e3o do desfile de glamour e beleza, os postulantes desfilaram em trajes de moda praia e passeio completo, e puderam exibir a beleza, eleg\u00e2ncia e simpatia que tamb\u00e9m contribu\u00edram para o resultado final.<\/p>\n\n\n\n<p>Nascida em Senhor do Bonfim, a grande vencedora para ser a Miss Bahia 2023 concorreu representando a cidade de Lauro de Freitas, na Regi\u00e3o Metropolitana de Salvador, onde venceu o concurso local. Isabelle Maia \u00e9 publicit\u00e1ria e modelo fotogr\u00e1fica, e reside em Lauro de Freitas h\u00e1 alguns anos.<\/p>\n\n\n\n<p>\u201dEstou muito feliz pela conquista desse t\u00edtulo e quero dizer que estou representando Lauro de Freitas, mas tamb\u00e9m o dedico ao povo bonfinense, minha terra querida\u201d, declarou Isabelle Vilas-B\u00f4as Maia logo ap\u00f3s a vit\u00f3ria.<\/p>\n\n\n\n<p>O segundo lugar ficou para a representante de Salvador e o terceiro para Cama\u00e7ari.<\/p>\n\n\n\n<p>Isabelle ainda manifestou sua gratid\u00e3o ao colonista e promotor de eventos sociais de Bonfim, Beto Esteves, um de seus incentivadores. \u201cBeto Esteves, essa aqui \u00e9 pra voc\u00ea\u201d, disse apontando para a coroa, em v\u00eddeo divulgado em suas redes sociais.<\/p>\n\n\n\n<p>A nova Miss Bahia ainda gravou v\u00eddeo se dirigindo aos bonfinenses. \u201cEssa coroa tamb\u00e9m \u00e9 nossa. Bonfim tem Miss agora\u201d.&nbsp;<strong>Veja:<\/strong><\/p>\n\n\n\n<figure class=\"wp-block-embed is-type-video is-provider-youtube wp-block-embed-youtube wp-embed-aspect-16-9 wp-has-aspect-ratio\"><div class=\"wp-block-embed__wrapper\">\n<iframe title=\"Miss Bahia 2023   Isabelle Vilas B\u00f4as\" width=\"800\" height=\"450\" data-src=\"https:\/\/www.youtube.com\/embed\/Q0nRdTsmFUo?feature=oembed\" frameborder=\"0\" allow=\"accelerometer; autoplay; clipboard-write; encrypted-media; gyroscope; picture-in-picture; web-share\" allowfullscreen src=\"data:image\/gif;base64,R0lGODlhAQABAAAAACH5BAEKAAEALAAAAAABAAEAAAICTAEAOw==\" class=\"lazyload\" data-load-mode=\"1\"><\/iframe>\n<\/div><\/figure>\n","protected":false},"excerpt":{"rendered":"<p>A jovem&nbsp;Isabelle Vilas-B\u00f4as Maia, de 26 anos, \u00e9 a Miss Bahia 2023. Ela foi eleita na noite deste s\u00e1bado (05), em evento realizado no Cerimonial Multiforma, em Piat\u00e3, Salvador, local que sediou a escolha do Mister e da Miss Bahia 2023. Segundo a organiza\u00e7\u00e3o do desfile de glamour e beleza, os postulantes desfilaram em trajes [&hellip;]<\/p>\n","protected":false},"author":1,"featured_media":29,"comment_status":"open","ping_status":"open","sticky":false,"template":"","format":"standard","meta":{"_jetpack_memberships_contains_paid_content":false,"footnotes":""},"categories":[3],"tags":[5],"class_list":["post-27","post","type-post","status-publish","format-standard","has-post-thumbnail","hentry","category-regional","tag-bonfim"],"aioseo_notices":[],"jetpack_featured_media_url":"https:\/\/i0.wp.com\/minutobahia24h.com.br\/wp-content\/uploads\/2023\/09\/Isabelle-04-E.webp?fit=736%2C905&ssl=1","jetpack_sharing_enabled":true,"_links":{"self":[{"href":"https:\/\/minutobahia24h.com.br\/index.php?rest_route=\/wp\/v2\/posts\/27","targetHints":{"allow":["GET"]}}],"collection":[{"href":"https:\/\/minutobahia24h.com.br\/index.php?rest_route=\/wp\/v2\/posts"}],"about":[{"href":"https:\/\/minutobahia24h.com.br\/index.php?rest_route=\/wp\/v2\/types\/post"}],"author":[{"embeddable":true,"href":"https:\/\/minutobahia24h.com.br\/index.php?rest_route=\/wp\/v2\/users\/1"}],"replies":[{"embeddable":true,"href":"https:\/\/minutobahia24h.com.br\/index.php?rest_route=%2Fwp%2Fv2%2Fcomments&post=27"}],"version-history":[{"count":2,"href":"https:\/\/minutobahia24h.com.br\/index.php?rest_route=\/wp\/v2\/posts\/27\/revisions"}],"predecessor-version":[{"id":111,"href":"https:\/\/minutobahia24h.com.br\/index.php?rest_route=\/wp\/v2\/posts\/27\/revisions\/111"}],"wp:featuredmedia":[{"embeddable":true,"href":"https:\/\/minutobahia24h.com.br\/index.php?rest_route=\/wp\/v2\/media\/29"}],"wp:attachment":[{"href":"https:\/\/minutobahia24h.com.br\/index.php?rest_route=%2Fwp%2Fv2%2Fmedia&parent=27"}],"wp:term":[{"taxonomy":"category","embeddable":true,"href":"https:\/\/minutobahia24h.com.br\/index.php?rest_route=%2Fwp%2Fv2%2Fcategories&post=27"},{"taxonomy":"post_tag","embeddable":true,"href":"https:\/\/minutobahia24h.com.br\/index.php?rest_route=%2Fwp%2Fv2%2Ftags&post=27"}],"curies":[{"name":"wp","href":"https:\/\/api.w.org\/{rel}","templated":true}]}}