{"id":26990,"date":"2025-04-03T15:36:03","date_gmt":"2025-04-03T18:36:03","guid":{"rendered":"https:\/\/minutobahia24h.com.br\/?p=26990"},"modified":"2025-04-03T15:36:04","modified_gmt":"2025-04-03T18:36:04","slug":"camara-de-andorinha-realiza-8a-sessao-ordinaria-e-discute-projetos-nas-areas-de-infraestrutura-e-saude","status":"publish","type":"post","link":"https:\/\/minutobahia24h.com.br\/?p=26990","title":{"rendered":"C\u00e2mara de Andorinha realiza 8\u00aa Sess\u00e3o Ordin\u00e1ria e discute projetos nas \u00e1reas de infraestrutura e sa\u00fade"},"content":{"rendered":"<div class=\"wp-block-image\">\n<figure class=\"aligncenter size-large\"><img data-recalc-dims=\"1\" fetchpriority=\"high\" decoding=\"async\" width=\"800\" height=\"545\" src=\"https:\/\/i0.wp.com\/minutobahia24h.com.br\/wp-content\/uploads\/2025\/04\/WhatsApp-Image-2025-04-03-at-14.50.21-1024x698.jpeg?resize=800%2C545&#038;ssl=1\" alt=\"\" class=\"wp-image-26991\" srcset=\"https:\/\/i0.wp.com\/minutobahia24h.com.br\/wp-content\/uploads\/2025\/04\/WhatsApp-Image-2025-04-03-at-14.50.21.jpeg?resize=1024%2C698&amp;ssl=1 1024w, https:\/\/i0.wp.com\/minutobahia24h.com.br\/wp-content\/uploads\/2025\/04\/WhatsApp-Image-2025-04-03-at-14.50.21.jpeg?resize=300%2C204&amp;ssl=1 300w, https:\/\/i0.wp.com\/minutobahia24h.com.br\/wp-content\/uploads\/2025\/04\/WhatsApp-Image-2025-04-03-at-14.50.21.jpeg?resize=768%2C523&amp;ssl=1 768w, https:\/\/i0.wp.com\/minutobahia24h.com.br\/wp-content\/uploads\/2025\/04\/WhatsApp-Image-2025-04-03-at-14.50.21.jpeg?resize=750%2C511&amp;ssl=1 750w, https:\/\/i0.wp.com\/minutobahia24h.com.br\/wp-content\/uploads\/2025\/04\/WhatsApp-Image-2025-04-03-at-14.50.21.jpeg?w=1080&amp;ssl=1 1080w\" sizes=\"(max-width: 800px) 100vw, 800px\" \/><\/figure>\n<\/div>\n\n\n<p>A C\u00e2mara Municipal de Andorinha realizou, na tarde desta quarta-feira (02), a 8\u00aa Sess\u00e3o Ordin\u00e1ria do 1\u00ba per\u00edodo legislativo de 2025. Durante a sess\u00e3o presidida pelo vereador Cl\u00e9riston Grig\u00f3rio, foram discutidas mat\u00e9rias relacionadas a sa\u00fade e infraestrutura, al\u00e9m de projetos de lei encaminhados pelo Poder Executivo.<\/p>\n\n\n\n<p>Os vereadores debateram propostas voltadas para melhorias no munic\u00edpio, entre elas:<br>\u2022 Requerimento n\u00ba 001\/25 (Vereador Ednaldo Alves) \u2013 Solicita a instala\u00e7\u00e3o de quadros informativos nas Unidades de Sa\u00fade da Fam\u00edlia com dados sobre medicamentos, especialistas dispon\u00edveis e hor\u00e1rios de atendimento.<br>\u2022 Indica\u00e7\u00e3o n\u00ba 010\/25 (Vereador Marinaldo de Oliveira) \u2013 Pede agilidade na contrata\u00e7\u00e3o de m\u00e9dicos especialistas em angiologia, ortopedia e geriatria.<br>\u2022 Indica\u00e7\u00e3o n\u00ba 008\/25 (Vereadora Fausta Amorim) \u2013 Requer a contrata\u00e7\u00e3o de um t\u00e9cnico em seguran\u00e7a do trabalho para atender demandas municipais.<br>\u2022 Indica\u00e7\u00e3o n\u00ba 010\/25 (Vereador Agnaldo Pinheiro) \u2013 Sugere a constru\u00e7\u00e3o de um abatedouro p\u00fablico de pequeno porte para beneficiar produtores locais.<br>\u2022 Indica\u00e7\u00e3o n\u00ba 008\/25 (Vereador Rodrigo Evangelista) \u2013 Solicita um ve\u00edculo para atender a comunidade de Nova Jabuticaba, facilitando o transporte de moradores.<\/p>\n\n\n\n<p>O secret\u00e1rio municipal de Sa\u00fade, Anselmo Lino, utilizou a tribuna para apresentar um balan\u00e7o das a\u00e7\u00f5es realizadas e refor\u00e7ou o compromisso de expandir os servi\u00e7os de sa\u00fade em todas as regi\u00f5es do munic\u00edpio. Ele tamb\u00e9m se colocou \u00e0 disposi\u00e7\u00e3o dos vereadores e da popula\u00e7\u00e3o para esclarecer d\u00favidas e receber demandas.<\/p>\n\n\n\n<p>Durante o Uso da Tribuna, os parlamentares abordaram diversos temas:<br>\u2022 Vereador Irm\u00e3o Ednaldo criticou os servi\u00e7os da operadora TIM e prop\u00f4s a convoca\u00e7\u00e3o de um representante da empresa para explica\u00e7\u00f5es. Tamb\u00e9m cobrou organiza\u00e7\u00e3o no tr\u00e2nsito do centro da cidade, devido ao uso irregular de cones por comerciantes.<br>\u2022 Vereador Agnaldo Pinheiro elogiou a Secretaria de Assist\u00eancia Social pela organiza\u00e7\u00e3o para a distribui\u00e7\u00e3o de alimentos para fam\u00edlias carentes na Semana Santa e anunciou a vistoria do est\u00e1dio municipal pelo coordenador da SEDESB.<br>\u2022 Vereadora Fausta Amorim destacou o Dia Mundial de Conscientiza\u00e7\u00e3o do Autismo e rebateu acusa\u00e7\u00f5es do vereador Gilberto Teixeira sobre supostos pagamentos indevidos.<br>\u2022 Vereador Rodrigo Evangelista parabenizou o secret\u00e1rio de Infraestrutura, Jo\u00e3o Vitor Soares, pela manuten\u00e7\u00e3o das estradas vicinais.<br>\u2022 Vereador Ednaldo Oliveira pediu melhoria na ilumina\u00e7\u00e3o p\u00fablica ao redor do Gin\u00e1sio Altino Junior.<br>\u2022 Vereador Marinaldo Oliveira relatou reclama\u00e7\u00f5es sobre dificuldades em marcar exames e consultas e defendeu sua indica\u00e7\u00e3o por mais m\u00e9dicos especialistas.<br>\u2022 Presidente Cl\u00e9riston Grig\u00f3rio sugeriu a contrata\u00e7\u00e3o de um urologista para evitar que pacientes precisem buscar atendimento em outras cidades.<\/p>\n\n\n\n<p>Na Ordem do Dia, foram votados e aprovados por unanimidade:<br>\u2022 PL n\u00ba 004\/2025 \u2013 Cria o Sistema Municipal de Seguran\u00e7a Alimentar e Nutricional, visando garantir alimenta\u00e7\u00e3o adequada \u00e0 popula\u00e7\u00e3o.<br>\u2022 PL n\u00ba 006\/2025 \u2013 Determina a transfer\u00eancia da Biblioteca Municipal para a Secretaria de Educa\u00e7\u00e3o, com o objetivo de melhorar a gest\u00e3o do espa\u00e7o.<\/p>\n\n\n\n<p>ASCOM &#8211; C\u00e2mara Municipal de Andorinha<\/p>\n","protected":false},"excerpt":{"rendered":"<p>A C\u00e2mara Municipal de Andorinha realizou, na tarde desta quarta-feira (02), a 8\u00aa Sess\u00e3o Ordin\u00e1ria do 1\u00ba per\u00edodo legislativo de 2025. Durante a sess\u00e3o presidida pelo vereador Cl\u00e9riston Grig\u00f3rio, foram discutidas mat\u00e9rias relacionadas a sa\u00fade e infraestrutura, al\u00e9m de projetos de lei encaminhados pelo Poder Executivo. Os vereadores debateram propostas voltadas para melhorias no munic\u00edpio, [&hellip;]<\/p>\n","protected":false},"author":2,"featured_media":26991,"comment_status":"open","ping_status":"open","sticky":false,"template":"","format":"standard","meta":{"_jetpack_memberships_contains_paid_content":false,"footnotes":""},"categories":[3],"tags":[],"class_list":["post-26990","post","type-post","status-publish","format-standard","has-post-thumbnail","hentry","category-regional"],"aioseo_notices":[],"jetpack_featured_media_url":"https:\/\/i0.wp.com\/minutobahia24h.com.br\/wp-content\/uploads\/2025\/04\/WhatsApp-Image-2025-04-03-at-14.50.21.jpeg?fit=1080%2C736&ssl=1","jetpack_sharing_enabled":true,"_links":{"self":[{"href":"https:\/\/minutobahia24h.com.br\/index.php?rest_route=\/wp\/v2\/posts\/26990","targetHints":{"allow":["GET"]}}],"collection":[{"href":"https:\/\/minutobahia24h.com.br\/index.php?rest_route=\/wp\/v2\/posts"}],"about":[{"href":"https:\/\/minutobahia24h.com.br\/index.php?rest_route=\/wp\/v2\/types\/post"}],"author":[{"embeddable":true,"href":"https:\/\/minutobahia24h.com.br\/index.php?rest_route=\/wp\/v2\/users\/2"}],"replies":[{"embeddable":true,"href":"https:\/\/minutobahia24h.com.br\/index.php?rest_route=%2Fwp%2Fv2%2Fcomments&post=26990"}],"version-history":[{"count":1,"href":"https:\/\/minutobahia24h.com.br\/index.php?rest_route=\/wp\/v2\/posts\/26990\/revisions"}],"predecessor-version":[{"id":26992,"href":"https:\/\/minutobahia24h.com.br\/index.php?rest_route=\/wp\/v2\/posts\/26990\/revisions\/26992"}],"wp:featuredmedia":[{"embeddable":true,"href":"https:\/\/minutobahia24h.com.br\/index.php?rest_route=\/wp\/v2\/media\/26991"}],"wp:attachment":[{"href":"https:\/\/minutobahia24h.com.br\/index.php?rest_route=%2Fwp%2Fv2%2Fmedia&parent=26990"}],"wp:term":[{"taxonomy":"category","embeddable":true,"href":"https:\/\/minutobahia24h.com.br\/index.php?rest_route=%2Fwp%2Fv2%2Fcategories&post=26990"},{"taxonomy":"post_tag","embeddable":true,"href":"https:\/\/minutobahia24h.com.br\/index.php?rest_route=%2Fwp%2Fv2%2Ftags&post=26990"}],"curies":[{"name":"wp","href":"https:\/\/api.w.org\/{rel}","templated":true}]}}