{"id":26974,"date":"2025-04-03T07:59:34","date_gmt":"2025-04-03T10:59:34","guid":{"rendered":"https:\/\/minutobahia24h.com.br\/?p=26974"},"modified":"2025-04-03T07:59:35","modified_gmt":"2025-04-03T10:59:35","slug":"o-que-mais-irritou-ministros-do-stf-com-mudanca-de-fux-sobre-os-condenados-do-8-de-janeiro","status":"publish","type":"post","link":"https:\/\/minutobahia24h.com.br\/?p=26974","title":{"rendered":"O que mais irritou ministros do STF com mudan\u00e7a de Fux sobre os condenados do 8 de janeiro"},"content":{"rendered":"<div class=\"wp-block-image\">\n<figure class=\"aligncenter size-full\"><img data-recalc-dims=\"1\" fetchpriority=\"high\" decoding=\"async\" width=\"800\" height=\"535\" src=\"https:\/\/i0.wp.com\/minutobahia24h.com.br\/wp-content\/uploads\/2025\/04\/Sem-titulo-47.jpg?resize=800%2C535&#038;ssl=1\" alt=\"\" class=\"wp-image-26975\" srcset=\"https:\/\/i0.wp.com\/minutobahia24h.com.br\/wp-content\/uploads\/2025\/04\/Sem-titulo-47.jpg?w=885&amp;ssl=1 885w, https:\/\/i0.wp.com\/minutobahia24h.com.br\/wp-content\/uploads\/2025\/04\/Sem-titulo-47.jpg?resize=300%2C201&amp;ssl=1 300w, https:\/\/i0.wp.com\/minutobahia24h.com.br\/wp-content\/uploads\/2025\/04\/Sem-titulo-47.jpg?resize=768%2C514&amp;ssl=1 768w, https:\/\/i0.wp.com\/minutobahia24h.com.br\/wp-content\/uploads\/2025\/04\/Sem-titulo-47.jpg?resize=750%2C502&amp;ssl=1 750w\" sizes=\"(max-width: 800px) 100vw, 800px\" \/><figcaption class=\"wp-element-caption\">Ministro Luiz Fux da Primeira Turma do STF \u2014 Foto: Antonio Augusto \/ STF<br><\/figcaption><\/figure>\n<\/div>\n\n\n<p>A nova posi\u00e7\u00e3o do ministro do Supremo Tribunal Federal (<a class=\"\" href=\"https:\/\/oglobo.globo.com\/tudo-sobre\/instituicao-governamental\/stf\">STF<\/a>)&nbsp;<a class=\"\" href=\"https:\/\/oglobo.globo.com\/tudo-sobre\/personalidade\/luiz-fux\/\">Luiz Fux<\/a>&nbsp;sobre as penas dos condenados pelos atos golpistas do 8 de janeiro gerou irrita\u00e7\u00e3o entre seus colegas de corte, por um motivo principal. Magistrados ouvidos pela coluna se queixaram que Fux decidiu avaliar que as puni\u00e7\u00f5es seriam exageradas em um julgamento midi\u00e1tico, envolvendo&nbsp;<a class=\"\" href=\"https:\/\/oglobo.globo.com\/tudo-sobre\/politico\/jair-messias-bolsonaro\">Jair Bolsonaro<\/a>&nbsp;e a tentativa de golpe de Estado.<\/p>\n\n\n\n<p>Como<a class=\"\" href=\"https:\/\/oglobo.globo.com\/blogs\/bela-megale\/post\/2025\/03\/fux-nao-unico-ministro-do-stf-a-discordar-de-moraes-sobre-penas-do-8-de-janeiro.ghtml\">&nbsp;informou a coluna<\/a>, h\u00e1 outros magistrados do STF incomodados com as penas aplicadas para alguns condenados nos ataques. A maneira como Fux externou sua discord\u00e2ncia de Moraes, num julgamento de grande apelo popular e em meio \u00e0 press\u00e3o de bolsonaristas pela anistia, por\u00e9m, foi alvo de cr\u00edticas e descontentamento dos colegas.<\/p>\n\n\n\n<p>Tr\u00eas ministros ouvidos pela coluna pontuaram que, nos 500 processos envolvendo o 8 de janeiro avaliados no tribunal, Fux acompanhou o relator dos casos,&nbsp;<a class=\"\" href=\"https:\/\/oglobo.globo.com\/tudo-sobre\/personalidade\/alexandre-de-moraes\/\">Alexandre de Moraes<\/a>, em praticamente todas as condena\u00e7\u00f5es. Eles destacaram, ainda, que o ministro \u00e9 conhecido por ser duro em mat\u00e9rias penais.<\/p>\n\n\n\n<p>\u2014 Ficou a d\u00favida entre n\u00f3s por que o ministro Fux s\u00f3 teve essa rea\u00e7\u00e3o inflamada depois de julgar cerca de 500 processos \u2014 disse um integrante da corte, sob condi\u00e7\u00e3o de anonimato.<\/p>\n\n\n\n<p>Uma das falas de Fux que mais incomodaram os colegas foi quando ele afirmou que o STF julgou os envolvidos nos ataques de 8 de janeiro \u201csob violenta emo\u00e7\u00e3o\u201d.<\/p>\n\n\n\n<p>\u2014 &nbsp;Julgamos sob violenta emo\u00e7\u00e3o ap\u00f3s a verifica\u00e7\u00e3o da trag\u00e9dia do 8 de janeiro. Eu fui ao meu ex-gabinete, que a ministra Rosa (Weber) era minha vice-presidente. Vi mesa queimada, pap\u00e9is queimados. Mas eu acho que os ju\u00edzes, na sua vida, t\u00eam sempre que refletir sobre os erros e os acertos \u2014 afirmou Fux, durante o julgamento de Bolsonaro, na semana passada.<\/p>\n\n\n\n<p>A fala foi feita ap\u00f3s ele comunicar a Alexandre de Moraes, durante a sess\u00e3o, que iria rever a pena de 14 anos proposta \u00e0 cabeleireira D\u00e9bora Rodrigues, que participou dos atos golpistas do 8 de janeiro. Esse caso tem sido intensamente explorado politicamente por Bolsonaro e seus aliados para defender a anistia.<\/p>\n\n\n\n<p><\/p>\n","protected":false},"excerpt":{"rendered":"<p>A nova posi\u00e7\u00e3o do ministro do Supremo Tribunal Federal (STF)&nbsp;Luiz Fux&nbsp;sobre as penas dos condenados pelos atos golpistas do 8 de janeiro gerou irrita\u00e7\u00e3o entre seus colegas de corte, por um motivo principal. Magistrados ouvidos pela coluna se queixaram que Fux decidiu avaliar que as puni\u00e7\u00f5es seriam exageradas em um julgamento midi\u00e1tico, envolvendo&nbsp;Jair Bolsonaro&nbsp;e a [&hellip;]<\/p>\n","protected":false},"author":2,"featured_media":26975,"comment_status":"open","ping_status":"open","sticky":false,"template":"","format":"standard","meta":{"_jetpack_memberships_contains_paid_content":false,"footnotes":""},"categories":[46],"tags":[],"class_list":["post-26974","post","type-post","status-publish","format-standard","has-post-thumbnail","hentry","category-noticia"],"aioseo_notices":[],"jetpack_featured_media_url":"https:\/\/i0.wp.com\/minutobahia24h.com.br\/wp-content\/uploads\/2025\/04\/Sem-titulo-47.jpg?fit=885%2C592&ssl=1","jetpack_sharing_enabled":true,"_links":{"self":[{"href":"https:\/\/minutobahia24h.com.br\/index.php?rest_route=\/wp\/v2\/posts\/26974","targetHints":{"allow":["GET"]}}],"collection":[{"href":"https:\/\/minutobahia24h.com.br\/index.php?rest_route=\/wp\/v2\/posts"}],"about":[{"href":"https:\/\/minutobahia24h.com.br\/index.php?rest_route=\/wp\/v2\/types\/post"}],"author":[{"embeddable":true,"href":"https:\/\/minutobahia24h.com.br\/index.php?rest_route=\/wp\/v2\/users\/2"}],"replies":[{"embeddable":true,"href":"https:\/\/minutobahia24h.com.br\/index.php?rest_route=%2Fwp%2Fv2%2Fcomments&post=26974"}],"version-history":[{"count":1,"href":"https:\/\/minutobahia24h.com.br\/index.php?rest_route=\/wp\/v2\/posts\/26974\/revisions"}],"predecessor-version":[{"id":26976,"href":"https:\/\/minutobahia24h.com.br\/index.php?rest_route=\/wp\/v2\/posts\/26974\/revisions\/26976"}],"wp:featuredmedia":[{"embeddable":true,"href":"https:\/\/minutobahia24h.com.br\/index.php?rest_route=\/wp\/v2\/media\/26975"}],"wp:attachment":[{"href":"https:\/\/minutobahia24h.com.br\/index.php?rest_route=%2Fwp%2Fv2%2Fmedia&parent=26974"}],"wp:term":[{"taxonomy":"category","embeddable":true,"href":"https:\/\/minutobahia24h.com.br\/index.php?rest_route=%2Fwp%2Fv2%2Fcategories&post=26974"},{"taxonomy":"post_tag","embeddable":true,"href":"https:\/\/minutobahia24h.com.br\/index.php?rest_route=%2Fwp%2Fv2%2Ftags&post=26974"}],"curies":[{"name":"wp","href":"https:\/\/api.w.org\/{rel}","templated":true}]}}