{"id":26956,"date":"2025-04-03T07:42:54","date_gmt":"2025-04-03T10:42:54","guid":{"rendered":"https:\/\/minutobahia24h.com.br\/?p=26956"},"modified":"2025-04-03T07:42:55","modified_gmt":"2025-04-03T10:42:55","slug":"karateca-baiano-conquista-vaga-na-selecao-brasileira-novos-voos","status":"publish","type":"post","link":"https:\/\/minutobahia24h.com.br\/?p=26956","title":{"rendered":"Karateca baiano conquista vaga na sele\u00e7\u00e3o brasileira novos voos"},"content":{"rendered":"<div class=\"wp-block-image\">\n<figure class=\"aligncenter size-full\"><img data-recalc-dims=\"1\" fetchpriority=\"high\" decoding=\"async\" width=\"767\" height=\"599\" src=\"https:\/\/i0.wp.com\/minutobahia24h.com.br\/wp-content\/uploads\/2025\/04\/Sem-titulo-41.jpg?resize=767%2C599&#038;ssl=1\" alt=\"\" class=\"wp-image-26957\" srcset=\"https:\/\/i0.wp.com\/minutobahia24h.com.br\/wp-content\/uploads\/2025\/04\/Sem-titulo-41.jpg?w=767&amp;ssl=1 767w, https:\/\/i0.wp.com\/minutobahia24h.com.br\/wp-content\/uploads\/2025\/04\/Sem-titulo-41.jpg?resize=300%2C234&amp;ssl=1 300w, https:\/\/i0.wp.com\/minutobahia24h.com.br\/wp-content\/uploads\/2025\/04\/Sem-titulo-41.jpg?resize=750%2C586&amp;ssl=1 750w\" sizes=\"(max-width: 767px) 100vw, 767px\" \/><figcaption class=\"wp-element-caption\">Foto: divulga\u00e7\u00e3o<br><\/figcaption><\/figure>\n<\/div>\n\n\n<p>Na \u00faltima semana, o jovem karateca baiano Christian Gabriel, de 17 anos, conquistou dois t\u00edtulos na cidade de Maca\u00e9 (RJ). O atleta, apoiado pelo Bolsa Esporte do governo do Estado, foi campe\u00e3o na categoria kumit\u00ea sub-21 84kg em duas competi\u00e7\u00f5es importantes: a seletiva para a Sele\u00e7\u00e3o Brasileira de Karat\u00ea e o Campeonato Brasileiro Etapa Classificat\u00f3ria 2025.<\/p>\n\n\n\n<p>Com essas conquistas, Christian garantiu um calend\u00e1rio de competi\u00e7\u00f5es internacionais para este ano. O primeiro desafio ser\u00e1 entre os dias 19 e 25 de maio, no Campeonato Pan-Americano de Karat\u00ea Senior e Sub-21, em Monterrey, no M\u00e9xico. Em seguida, ele disputar\u00e1 o Campeonato Sul-Americano de Base, de 30 de junho a 6 de julho, no Recife. Por fim, participar\u00e1 da etapa final do Campeonato Brasileiro de Karat\u00ea 2025, marcada para novembro e dezembro, ainda sem local definido.<\/p>\n\n\n\n<p>\u201c<em>Sentimento de dever cumprido. Vinha treinando bastante desde o ano passado e, gra\u00e7as a Deus, consegui ter um \u00f3timo desempenho e conquistei a vaga na Sele\u00e7\u00e3o Brasileira no meu primeiro ano nessa categoria. Essa vaga tem uma import\u00e2ncia muito grande para mim, pois \u00e9 o quarto ano consecutivo que vou poder defender minha bandeira em campeonatos internacionai<\/em>s\u201d, comemorou Christian.<\/p>\n\n\n\n<p>O atleta tamb\u00e9m destacou a import\u00e2ncia do Bolsa Esporte \u2013 programa do Governo da Bahia gerido pela Superintend\u00eancia dos Desportos do Estado da Bahia (Sudesb) e pela Secretaria do Trabalho, Emprego, Renda e Esporte (Setre). \u201c<em>O Bolsa Esporte sempre me ajudou muito a realizar minhas viagens. \u00c9 um grande incentivo, n\u00e3o s\u00f3 para mim, mas para todos os atletas que treinam para conquistar seus sonhos<\/em>\u201c, afirmou. Atualmente, Christian \u00e9 o campe\u00e3o brasileiro de kumite \u2018+76 kg j\u00fanior\u2019, t\u00edtulo conquistado na etapa final do Campeonato Brasileiro de Karat\u00ea 2024, realizada em novembro no Recife. Al\u00e9m disso, ele representou o Brasil no Mundial Escolar 2024 no Bahrein. Com foco e dedica\u00e7\u00e3o, o atleta segue treinando forte para alcan\u00e7ar resultados expressivos nas competi\u00e7\u00f5es internacionais deste ano.<\/p>\n\n\n\n<p>carlosbritto<\/p>\n","protected":false},"excerpt":{"rendered":"<p>Na \u00faltima semana, o jovem karateca baiano Christian Gabriel, de 17 anos, conquistou dois t\u00edtulos na cidade de Maca\u00e9 (RJ). O atleta, apoiado pelo Bolsa Esporte do governo do Estado, foi campe\u00e3o na categoria kumit\u00ea sub-21 84kg em duas competi\u00e7\u00f5es importantes: a seletiva para a Sele\u00e7\u00e3o Brasileira de Karat\u00ea e o Campeonato Brasileiro Etapa Classificat\u00f3ria [&hellip;]<\/p>\n","protected":false},"author":2,"featured_media":26957,"comment_status":"open","ping_status":"open","sticky":false,"template":"","format":"standard","meta":{"_jetpack_memberships_contains_paid_content":false,"footnotes":""},"categories":[20],"tags":[],"class_list":["post-26956","post","type-post","status-publish","format-standard","has-post-thumbnail","hentry","category-esporte"],"aioseo_notices":[],"jetpack_featured_media_url":"https:\/\/i0.wp.com\/minutobahia24h.com.br\/wp-content\/uploads\/2025\/04\/Sem-titulo-41.jpg?fit=767%2C599&ssl=1","jetpack_sharing_enabled":true,"_links":{"self":[{"href":"https:\/\/minutobahia24h.com.br\/index.php?rest_route=\/wp\/v2\/posts\/26956","targetHints":{"allow":["GET"]}}],"collection":[{"href":"https:\/\/minutobahia24h.com.br\/index.php?rest_route=\/wp\/v2\/posts"}],"about":[{"href":"https:\/\/minutobahia24h.com.br\/index.php?rest_route=\/wp\/v2\/types\/post"}],"author":[{"embeddable":true,"href":"https:\/\/minutobahia24h.com.br\/index.php?rest_route=\/wp\/v2\/users\/2"}],"replies":[{"embeddable":true,"href":"https:\/\/minutobahia24h.com.br\/index.php?rest_route=%2Fwp%2Fv2%2Fcomments&post=26956"}],"version-history":[{"count":1,"href":"https:\/\/minutobahia24h.com.br\/index.php?rest_route=\/wp\/v2\/posts\/26956\/revisions"}],"predecessor-version":[{"id":26958,"href":"https:\/\/minutobahia24h.com.br\/index.php?rest_route=\/wp\/v2\/posts\/26956\/revisions\/26958"}],"wp:featuredmedia":[{"embeddable":true,"href":"https:\/\/minutobahia24h.com.br\/index.php?rest_route=\/wp\/v2\/media\/26957"}],"wp:attachment":[{"href":"https:\/\/minutobahia24h.com.br\/index.php?rest_route=%2Fwp%2Fv2%2Fmedia&parent=26956"}],"wp:term":[{"taxonomy":"category","embeddable":true,"href":"https:\/\/minutobahia24h.com.br\/index.php?rest_route=%2Fwp%2Fv2%2Fcategories&post=26956"},{"taxonomy":"post_tag","embeddable":true,"href":"https:\/\/minutobahia24h.com.br\/index.php?rest_route=%2Fwp%2Fv2%2Ftags&post=26956"}],"curies":[{"name":"wp","href":"https:\/\/api.w.org\/{rel}","templated":true}]}}