{"id":26953,"date":"2025-04-03T07:41:19","date_gmt":"2025-04-03T10:41:19","guid":{"rendered":"https:\/\/minutobahia24h.com.br\/?p=26953"},"modified":"2025-04-03T07:41:20","modified_gmt":"2025-04-03T10:41:20","slug":"morre-wanda-chase-icone-do-jornalismo-baiano","status":"publish","type":"post","link":"https:\/\/minutobahia24h.com.br\/?p=26953","title":{"rendered":"Morre Wanda Chase, \u00edcone do jornalismo baiano"},"content":{"rendered":"<div class=\"wp-block-image\">\n<figure class=\"aligncenter size-large\"><img data-recalc-dims=\"1\" fetchpriority=\"high\" decoding=\"async\" width=\"800\" height=\"420\" src=\"https:\/\/i0.wp.com\/minutobahia24h.com.br\/wp-content\/uploads\/2025\/04\/Sem-titulo-40-1024x538.jpg?resize=800%2C420&#038;ssl=1\" alt=\"\" class=\"wp-image-26954\" srcset=\"https:\/\/i0.wp.com\/minutobahia24h.com.br\/wp-content\/uploads\/2025\/04\/Sem-titulo-40.jpg?resize=1024%2C538&amp;ssl=1 1024w, https:\/\/i0.wp.com\/minutobahia24h.com.br\/wp-content\/uploads\/2025\/04\/Sem-titulo-40.jpg?resize=300%2C158&amp;ssl=1 300w, https:\/\/i0.wp.com\/minutobahia24h.com.br\/wp-content\/uploads\/2025\/04\/Sem-titulo-40.jpg?resize=768%2C403&amp;ssl=1 768w, https:\/\/i0.wp.com\/minutobahia24h.com.br\/wp-content\/uploads\/2025\/04\/Sem-titulo-40.jpg?resize=750%2C394&amp;ssl=1 750w, https:\/\/i0.wp.com\/minutobahia24h.com.br\/wp-content\/uploads\/2025\/04\/Sem-titulo-40.jpg?resize=1140%2C599&amp;ssl=1 1140w, https:\/\/i0.wp.com\/minutobahia24h.com.br\/wp-content\/uploads\/2025\/04\/Sem-titulo-40.jpg?w=1200&amp;ssl=1 1200w\" sizes=\"(max-width: 800px) 100vw, 800px\" \/><figcaption class=\"wp-element-caption\">Fotos: Caribefotografias \/ Bahia Not\u00edcias<br><\/figcaption><\/figure>\n<\/div>\n\n\n<p>A jornalista Wanda Chase, um dos principais nomes do jornalismo da Bahia, morreu na madrugada desta quinta-feira (3) em Salvador, aos 74 anos. Nascida no Amazonas, tinha t\u00edtulo de cidad\u00e3 soteropolitana, e se tornou refer\u00eancia como apresentadora, militante do movimento negro e defensora da cultura do estado. Informa\u00e7\u00f5es obtidas pelo BN apontam que ela teria morrido ap\u00f3s uma cirurgia no Hospital Teresa de Lisieux, em Salvador. Ela receberia o t\u00edtulo de cidad\u00e3 do estado logo ap\u00f3s o Carnaval, mas compartilhou que tinha sido acometida por uma virose durante a festa, e que uma nova data seria agendada para a honraria.<\/p>\n\n\n\n<p>Neta de caribenhos e com mais de 47 anos de experi\u00eancia em comunica\u00e7\u00e3o e mais de 45 pr\u00eamios recebidos, Wanda ganhou destaque no estado como apresentadora da TV Bahia.<\/p>\n\n\n\n<p>Iniciou sua carreira jornal\u00edstica no Jornal A Cr\u00edtica, em Manaus, foi estagi\u00e1ria na TV Amazonas e trabalhou em Recife e Campina Grande. J\u00e1 na d\u00e9cada de 80, Wanda visitava a Bahia para participar das passeatas pela liberta\u00e7\u00e3o de Nelson Mandela, assim como da Noite da Beleza Negra e da Noite da M\u00e3e Preta, atrav\u00e9s do Movimento Negro Unificado.<\/p>\n\n\n\n<p>BN<\/p>\n","protected":false},"excerpt":{"rendered":"<p>A jornalista Wanda Chase, um dos principais nomes do jornalismo da Bahia, morreu na madrugada desta quinta-feira (3) em Salvador, aos 74 anos. Nascida no Amazonas, tinha t\u00edtulo de cidad\u00e3 soteropolitana, e se tornou refer\u00eancia como apresentadora, militante do movimento negro e defensora da cultura do estado. Informa\u00e7\u00f5es obtidas pelo BN apontam que ela teria [&hellip;]<\/p>\n","protected":false},"author":2,"featured_media":26954,"comment_status":"open","ping_status":"open","sticky":false,"template":"","format":"standard","meta":{"_jetpack_memberships_contains_paid_content":false,"footnotes":""},"categories":[46],"tags":[],"class_list":["post-26953","post","type-post","status-publish","format-standard","has-post-thumbnail","hentry","category-noticia"],"aioseo_notices":[],"jetpack_featured_media_url":"https:\/\/i0.wp.com\/minutobahia24h.com.br\/wp-content\/uploads\/2025\/04\/Sem-titulo-40.jpg?fit=1200%2C630&ssl=1","jetpack_sharing_enabled":true,"_links":{"self":[{"href":"https:\/\/minutobahia24h.com.br\/index.php?rest_route=\/wp\/v2\/posts\/26953","targetHints":{"allow":["GET"]}}],"collection":[{"href":"https:\/\/minutobahia24h.com.br\/index.php?rest_route=\/wp\/v2\/posts"}],"about":[{"href":"https:\/\/minutobahia24h.com.br\/index.php?rest_route=\/wp\/v2\/types\/post"}],"author":[{"embeddable":true,"href":"https:\/\/minutobahia24h.com.br\/index.php?rest_route=\/wp\/v2\/users\/2"}],"replies":[{"embeddable":true,"href":"https:\/\/minutobahia24h.com.br\/index.php?rest_route=%2Fwp%2Fv2%2Fcomments&post=26953"}],"version-history":[{"count":1,"href":"https:\/\/minutobahia24h.com.br\/index.php?rest_route=\/wp\/v2\/posts\/26953\/revisions"}],"predecessor-version":[{"id":26955,"href":"https:\/\/minutobahia24h.com.br\/index.php?rest_route=\/wp\/v2\/posts\/26953\/revisions\/26955"}],"wp:featuredmedia":[{"embeddable":true,"href":"https:\/\/minutobahia24h.com.br\/index.php?rest_route=\/wp\/v2\/media\/26954"}],"wp:attachment":[{"href":"https:\/\/minutobahia24h.com.br\/index.php?rest_route=%2Fwp%2Fv2%2Fmedia&parent=26953"}],"wp:term":[{"taxonomy":"category","embeddable":true,"href":"https:\/\/minutobahia24h.com.br\/index.php?rest_route=%2Fwp%2Fv2%2Fcategories&post=26953"},{"taxonomy":"post_tag","embeddable":true,"href":"https:\/\/minutobahia24h.com.br\/index.php?rest_route=%2Fwp%2Fv2%2Ftags&post=26953"}],"curies":[{"name":"wp","href":"https:\/\/api.w.org\/{rel}","templated":true}]}}