{"id":26947,"date":"2025-04-03T07:24:08","date_gmt":"2025-04-03T10:24:08","guid":{"rendered":"https:\/\/minutobahia24h.com.br\/?p=26947"},"modified":"2025-04-03T07:24:09","modified_gmt":"2025-04-03T10:24:09","slug":"ex-prefeito-baiano-nega-participacao-em-video-intimo-montagem-de-ia","status":"publish","type":"post","link":"https:\/\/minutobahia24h.com.br\/?p=26947","title":{"rendered":"Ex-prefeito baiano nega participa\u00e7\u00e3o em v\u00eddeo \u00edntimo: \u201cMontagem de IA\u201d"},"content":{"rendered":"<div class=\"wp-block-image\">\n<figure class=\"aligncenter size-full\"><img data-recalc-dims=\"1\" fetchpriority=\"high\" decoding=\"async\" width=\"800\" height=\"445\" src=\"https:\/\/i0.wp.com\/minutobahia24h.com.br\/wp-content\/uploads\/2025\/04\/Sem-titulo-38.jpg?resize=800%2C445&#038;ssl=1\" alt=\"\" class=\"wp-image-26948\" srcset=\"https:\/\/i0.wp.com\/minutobahia24h.com.br\/wp-content\/uploads\/2025\/04\/Sem-titulo-38.jpg?w=801&amp;ssl=1 801w, https:\/\/i0.wp.com\/minutobahia24h.com.br\/wp-content\/uploads\/2025\/04\/Sem-titulo-38.jpg?resize=300%2C167&amp;ssl=1 300w, https:\/\/i0.wp.com\/minutobahia24h.com.br\/wp-content\/uploads\/2025\/04\/Sem-titulo-38.jpg?resize=768%2C428&amp;ssl=1 768w, https:\/\/i0.wp.com\/minutobahia24h.com.br\/wp-content\/uploads\/2025\/04\/Sem-titulo-38.jpg?resize=750%2C418&amp;ssl=1 750w\" sizes=\"(max-width: 800px) 100vw, 800px\" \/><figcaption class=\"wp-element-caption\">&#8220;Em hip\u00f3tese alguma trata-se da pessoa dele no v\u00eddeo&#8221;, disse advogado de Ramiro Campelo\u00a0\u00a0|\u00a0\u00a0\u00a0<img decoding=\"async\" width=\"17\" height=\"17\" data-src=\"https:\/\/www.bnews.com.br\/static\/img\/camera_icon.svg\" alt=\"Bnews - Divulga\u00e7\u00e3o\" src=\"data:image\/gif;base64,R0lGODlhAQABAAAAACH5BAEKAAEALAAAAAABAAEAAAICTAEAOw==\" class=\"lazyload\"><noscript><img decoding=\"async\" width=\"17\" height=\"17\" src=\"https:\/\/www.bnews.com.br\/static\/img\/camera_icon.svg\" alt=\"Bnews - Divulga\u00e7\u00e3o\"><\/noscript>\u00a0Divulga\u00e7\u00e3o<br><\/figcaption><\/figure>\n<\/div>\n\n\n<p class=\"has-text-align-justify\">O empres\u00e1rio e ex-prefeito de Valen\u00e7a,\u00a0<strong><a href=\"https:\/\/www.bnews.com.br\/tags\/ramiro-campelo\" target=\"_blank\" rel=\"noreferrer noopener\">Ramiro Campelo de Queiroz<\/a><\/strong>, negou que seja ele a pessoa que aparece em um v\u00eddeo com cenas de sexo que come\u00e7ou a circular nas redes sociais nesta quarta-feira (2). No registro de poucos segundos, um homem aparece fazendo car\u00edcias nas partes \u00edntimas de uma mulher n\u00e3o identificada.<\/p>\n\n\n\n<p class=\"has-text-align-justify\">O\u00a0<strong>BNews<\/strong>\u00a0entrou em contato com o advogado Carlos da Silva Magalh\u00e3es, que faz a defesa de Ramiro Campelo. Para a reportagem, ele informou que seu cliente garantiu que em &#8220;hip\u00f3tese alguma trata-se da pessoa dele no v\u00eddeo&#8221;.\u00a0<\/p>\n\n\n\n<p class=\"has-text-align-justify\">\u201cSegundo o mesmo, que assistiu ao v\u00eddeo, trata-se de uma montagem criada por IA. Uma fake news\u201d, afirmou o advogado em contato com o site.<\/p>\n\n\n\n<p><strong>Hist\u00f3rico<\/strong><\/p>\n\n\n\n<p>Ramiro Campelo \u00e9 uma figura conhecida no baixo sul da Bahia. Al\u00e9m de ex-prefeito de Valen\u00e7a, ele tamb\u00e9m \u00e9 o fundador das Lojas Guaibim, uma das maiores redes de m\u00f3veis e eletrodom\u00e9sticos do estado.&nbsp;<\/p>\n\n\n\n<p>Em 2014, ele foi preso na Opera\u00e7\u00e3o Data Venia, deflagrada pela Pol\u00edcia Federal para apurar o desvio de verbas p\u00fablicas repassadas pelos minist\u00e9rios da Educa\u00e7\u00e3o e da Sa\u00fade.&nbsp;<\/p>\n\n\n\n<p>Durante buscas realizadas na resid\u00eancia dele, a fim de apurar as den\u00fancias de irregularidades, a pol\u00edcia acabou encontrando armas e muni\u00e7\u00f5es. As apreens\u00f5es resultaram na pris\u00e3o em flagrante do ex-prefeito por posse ilegal de armas.<\/p>\n\n\n\n<p>Em janeiro de 2018,&nbsp;<strong><a href=\"https:\/\/www.bnews.com.br\/noticias\/policia\/198046-apos-25-dias-sequestradores-libertam-ex-prefeito-de-valenca.html\" rel=\"noreferrer noopener\" target=\"_blank\">Ramiro ficou quase um m\u00eas nas m\u00e3os de criminosos<\/a><\/strong>, que o sequestraram quando ele sa\u00eda de casa. Quatro homens envolvidos no sequestro acabaram presos.&nbsp;<\/p>\n\n\n\n<p>As circunst\u00e2ncias da elucida\u00e7\u00e3o do crime chamaram aten\u00e7\u00e3o na \u00e9poca. Campelo foi solto no Esp\u00edrito Santo, mas os detalhes sobre a negocia\u00e7\u00e3o n\u00e3o foram detalhados. A fam\u00edlia n\u00e3o aceitou a participa\u00e7\u00e3o da pol\u00edcia na negocia\u00e7\u00e3o com a quadrilha, mas a Pol\u00edcia Civil seguiu com as investiga\u00e7\u00f5es.<\/p>\n\n\n\n<p>&nbsp;&#8220;Os familiares n\u00e3o registraram nenhum tipo de boletim de ocorr\u00eancia. A pol\u00edcia ficou sabendo atrav\u00e9s dos sites de not\u00edcias local, que come\u00e7aram a veicular as informa\u00e7\u00f5es. A partir da\u00ed iniciamos as investiga\u00e7\u00f5es que resultou na identifica\u00e7\u00e3o e pris\u00e3o do grupo&#8221;, declarou o delegado respons\u00e1vel pelo caso, Cleandro Pimenta.<\/p>\n\n\n\n<p>bnews<\/p>\n\n\n\n<p class=\"has-text-align-justify\"><\/p>\n\n\n\n<p class=\"has-text-align-justify\"><\/p>\n","protected":false},"excerpt":{"rendered":"<p>O empres\u00e1rio e ex-prefeito de Valen\u00e7a,\u00a0Ramiro Campelo de Queiroz, negou que seja ele a pessoa que aparece em um v\u00eddeo com cenas de sexo que come\u00e7ou a circular nas redes sociais nesta quarta-feira (2). No registro de poucos segundos, um homem aparece fazendo car\u00edcias nas partes \u00edntimas de uma mulher n\u00e3o identificada. O\u00a0BNews\u00a0entrou em contato [&hellip;]<\/p>\n","protected":false},"author":2,"featured_media":26948,"comment_status":"open","ping_status":"open","sticky":false,"template":"","format":"standard","meta":{"_jetpack_memberships_contains_paid_content":false,"footnotes":""},"categories":[46],"tags":[],"class_list":["post-26947","post","type-post","status-publish","format-standard","has-post-thumbnail","hentry","category-noticia"],"aioseo_notices":[],"jetpack_featured_media_url":"https:\/\/i0.wp.com\/minutobahia24h.com.br\/wp-content\/uploads\/2025\/04\/Sem-titulo-38.jpg?fit=801%2C446&ssl=1","jetpack_sharing_enabled":true,"_links":{"self":[{"href":"https:\/\/minutobahia24h.com.br\/index.php?rest_route=\/wp\/v2\/posts\/26947","targetHints":{"allow":["GET"]}}],"collection":[{"href":"https:\/\/minutobahia24h.com.br\/index.php?rest_route=\/wp\/v2\/posts"}],"about":[{"href":"https:\/\/minutobahia24h.com.br\/index.php?rest_route=\/wp\/v2\/types\/post"}],"author":[{"embeddable":true,"href":"https:\/\/minutobahia24h.com.br\/index.php?rest_route=\/wp\/v2\/users\/2"}],"replies":[{"embeddable":true,"href":"https:\/\/minutobahia24h.com.br\/index.php?rest_route=%2Fwp%2Fv2%2Fcomments&post=26947"}],"version-history":[{"count":1,"href":"https:\/\/minutobahia24h.com.br\/index.php?rest_route=\/wp\/v2\/posts\/26947\/revisions"}],"predecessor-version":[{"id":26949,"href":"https:\/\/minutobahia24h.com.br\/index.php?rest_route=\/wp\/v2\/posts\/26947\/revisions\/26949"}],"wp:featuredmedia":[{"embeddable":true,"href":"https:\/\/minutobahia24h.com.br\/index.php?rest_route=\/wp\/v2\/media\/26948"}],"wp:attachment":[{"href":"https:\/\/minutobahia24h.com.br\/index.php?rest_route=%2Fwp%2Fv2%2Fmedia&parent=26947"}],"wp:term":[{"taxonomy":"category","embeddable":true,"href":"https:\/\/minutobahia24h.com.br\/index.php?rest_route=%2Fwp%2Fv2%2Fcategories&post=26947"},{"taxonomy":"post_tag","embeddable":true,"href":"https:\/\/minutobahia24h.com.br\/index.php?rest_route=%2Fwp%2Fv2%2Ftags&post=26947"}],"curies":[{"name":"wp","href":"https:\/\/api.w.org\/{rel}","templated":true}]}}