{"id":26944,"date":"2025-04-03T07:18:42","date_gmt":"2025-04-03T10:18:42","guid":{"rendered":"https:\/\/minutobahia24h.com.br\/?p=26944"},"modified":"2025-04-03T07:18:44","modified_gmt":"2025-04-03T10:18:44","slug":"mp-ba-recomenda-suspensao-de-exames-ginecologicos-obrigatorios-em-concurso-publico-de-feira-de-santana","status":"publish","type":"post","link":"https:\/\/minutobahia24h.com.br\/?p=26944","title":{"rendered":"MP-BA recomenda suspens\u00e3o de exames ginecol\u00f3gicos obrigat\u00f3rios em concurso p\u00fablico de Feira de Santana"},"content":{"rendered":"<div class=\"wp-block-image\">\n<figure class=\"aligncenter size-large\"><img data-recalc-dims=\"1\" fetchpriority=\"high\" decoding=\"async\" width=\"800\" height=\"420\" src=\"https:\/\/i0.wp.com\/minutobahia24h.com.br\/wp-content\/uploads\/2025\/04\/Sem-titulo-37-1024x538.jpg?resize=800%2C420&#038;ssl=1\" alt=\"\" class=\"wp-image-26945\" srcset=\"https:\/\/i0.wp.com\/minutobahia24h.com.br\/wp-content\/uploads\/2025\/04\/Sem-titulo-37.jpg?resize=1024%2C538&amp;ssl=1 1024w, https:\/\/i0.wp.com\/minutobahia24h.com.br\/wp-content\/uploads\/2025\/04\/Sem-titulo-37.jpg?resize=300%2C158&amp;ssl=1 300w, https:\/\/i0.wp.com\/minutobahia24h.com.br\/wp-content\/uploads\/2025\/04\/Sem-titulo-37.jpg?resize=768%2C403&amp;ssl=1 768w, https:\/\/i0.wp.com\/minutobahia24h.com.br\/wp-content\/uploads\/2025\/04\/Sem-titulo-37.jpg?resize=750%2C394&amp;ssl=1 750w, https:\/\/i0.wp.com\/minutobahia24h.com.br\/wp-content\/uploads\/2025\/04\/Sem-titulo-37.jpg?resize=1140%2C599&amp;ssl=1 1140w, https:\/\/i0.wp.com\/minutobahia24h.com.br\/wp-content\/uploads\/2025\/04\/Sem-titulo-37.jpg?w=1200&amp;ssl=1 1200w\" sizes=\"(max-width: 800px) 100vw, 800px\" \/><figcaption class=\"wp-element-caption\">Foto: Izinaldo Barreto \/ Reprodu\u00e7\u00e3o<br><\/figcaption><\/figure>\n<\/div>\n\n\n<p>O Minist\u00e9rio P\u00fablico do Estado da Bahia (MP-BA) emitiu uma recomenda\u00e7\u00e3o exigindo a retirada imediata da obrigatoriedade de exames ginecol\u00f3gicos para candidatas aprovadas no concurso p\u00fablico municipal de Feira de Santana, na Bahia. A medida, publicada na ter\u00e7a-feira (1\u00ba), foi tomada pela Promotora de Justi\u00e7a Lara Vasconcelos Palmeira Cruz Leone, que identificou viola\u00e7\u00f5es graves aos princ\u00edpios constitucionais de igualdade, dignidade humana e privacidade no edital do concurso.<\/p>\n\n\n\n<p>O caso surgiu a partir de&nbsp;um edital de concurso para magist\u00e9rio, que exigia de todas as candidatas do sexo feminino a realiza\u00e7\u00e3o de exames como colposcopia, citologia e an\u00e1lise de microflora, al\u00e9m de mamografia para mulheres com 40 anos ou mais. Para os homens, a \u00fanica exig\u00eancia era o exame de PSA (ant\u00edgeno prost\u00e1tico espec\u00edfico) a partir da mesma idade. O n\u00e3o cumprimento desses requisitos acarretaria a perda do direito \u00e0 nomea\u00e7\u00e3o, conforme estabelecido no artigo 4\u00ba do edital.<\/p>\n\n\n\n<p>O Minist\u00e9rio P\u00fablico destacou que essas exig\u00eancias configuram tratamento desigual e discriminat\u00f3rio contra as mulheres, violando diretamente o princ\u00edpio da isonomia previsto na Constitui\u00e7\u00e3o Federal. Al\u00e9m disso, a obrigatoriedade de exames \u00edntimos foi considerada uma afronta aos direitos fundamentais de privacidade e dignidade humana, j\u00e1 que tais procedimentos n\u00e3o guardam rela\u00e7\u00e3o com a aptid\u00e3o necess\u00e1ria para o exerc\u00edcio do cargo de professor, fun\u00e7\u00e3o a que se destinava o concurso.<\/p>\n\n\n\n<p>A Promotoria ressaltou ainda que o Poder P\u00fablico n\u00e3o pode impor barreiras desproporcionais ao acesso a cargos p\u00fablicos, especialmente quando essas restri\u00e7\u00f5es recaem de forma mais gravosa sobre as mulheres.&nbsp;<\/p>\n\n\n\n<p>O MP-BA recomendou ao prefeito Jos\u00e9 Ronaldo de Carvalho que promova a exclus\u00e3o imediata das exig\u00eancias de exames ginecol\u00f3gicos do edital, com ampla divulga\u00e7\u00e3o da altera\u00e7\u00e3o pelos mesmos meios utilizados na publica\u00e7\u00e3o original. A recomenda\u00e7\u00e3o inclui ainda a determina\u00e7\u00e3o de que o munic\u00edpio se abstenha de incluir tais exig\u00eancias em futuros concursos e encaminhe ao Minist\u00e9rio P\u00fablico, no prazo de cinco dias, comprova\u00e7\u00e3o do cumprimento dessas medidas.<\/p>\n\n\n\n<p>A exig\u00eancia foi criticada por especialistas em direito constitucional, que consideram a medida discriminat\u00f3ria. Segundo Geovane Peixoto, professor de Ci\u00eancia Pol\u00edtica e Direito Constitucional da Faculdade Baiana de Direito,\u00a0em entrevista ao Bahia Not\u00edcias, h\u00e1 um tratamento desigual entre homens e mulheres no edital. Enquanto os candidatos do sexo masculino precisam apresentar apenas um exame de sangue para avaliar o PSA (ant\u00edgeno prost\u00e1tico espec\u00edfico), as mulheres s\u00e3o submetidas a exames invasivos.<\/p>\n\n\n\n<p>\u201cA Constitui\u00e7\u00e3o Federal estabelece a igualdade de direitos e deveres entre homens e mulheres. Al\u00e9m disso, veda qualquer forma de discrimina\u00e7\u00e3o. Obrigar candidatas a realizarem exames ginecol\u00f3gicos configura uma viola\u00e7\u00e3o desses princ\u00edpios e pode ser considerada uma imposi\u00e7\u00e3o vexat\u00f3ria\u201d, afirmou o especialista.<\/p>\n\n\n\n<p>De acordo com o jurista, o Minist\u00e9rio P\u00fablico est\u00e1 advertindo o munic\u00edpio. Ele ainda explicou que\u00a0h\u00e1 possibilidade de judicializa\u00e7\u00e3o do caso, se a prefeitura n\u00e3o acatar a orienta\u00e7\u00e3o. Se a exig\u00eancia for mantida, o Poder Judici\u00e1rio poder\u00e1 declarar sua inconstitucionalidade.<\/p>\n\n\n\n<p>Procurada pelo Bahia Not\u00edcias, a Prefeitura de Feira de Santana ainda n\u00e3o se manifestou oficialmente sobre a recomenda\u00e7\u00e3o do Minist\u00e9rio P\u00fablico.<\/p>\n\n\n\n<p>BN<\/p>\n","protected":false},"excerpt":{"rendered":"<p>O Minist\u00e9rio P\u00fablico do Estado da Bahia (MP-BA) emitiu uma recomenda\u00e7\u00e3o exigindo a retirada imediata da obrigatoriedade de exames ginecol\u00f3gicos para candidatas aprovadas no concurso p\u00fablico municipal de Feira de Santana, na Bahia. A medida, publicada na ter\u00e7a-feira (1\u00ba), foi tomada pela Promotora de Justi\u00e7a Lara Vasconcelos Palmeira Cruz Leone, que identificou viola\u00e7\u00f5es graves aos [&hellip;]<\/p>\n","protected":false},"author":2,"featured_media":26945,"comment_status":"open","ping_status":"open","sticky":false,"template":"","format":"standard","meta":{"_jetpack_memberships_contains_paid_content":false,"footnotes":""},"categories":[3],"tags":[],"class_list":["post-26944","post","type-post","status-publish","format-standard","has-post-thumbnail","hentry","category-regional"],"aioseo_notices":[],"jetpack_featured_media_url":"https:\/\/i0.wp.com\/minutobahia24h.com.br\/wp-content\/uploads\/2025\/04\/Sem-titulo-37.jpg?fit=1200%2C630&ssl=1","jetpack_sharing_enabled":true,"_links":{"self":[{"href":"https:\/\/minutobahia24h.com.br\/index.php?rest_route=\/wp\/v2\/posts\/26944","targetHints":{"allow":["GET"]}}],"collection":[{"href":"https:\/\/minutobahia24h.com.br\/index.php?rest_route=\/wp\/v2\/posts"}],"about":[{"href":"https:\/\/minutobahia24h.com.br\/index.php?rest_route=\/wp\/v2\/types\/post"}],"author":[{"embeddable":true,"href":"https:\/\/minutobahia24h.com.br\/index.php?rest_route=\/wp\/v2\/users\/2"}],"replies":[{"embeddable":true,"href":"https:\/\/minutobahia24h.com.br\/index.php?rest_route=%2Fwp%2Fv2%2Fcomments&post=26944"}],"version-history":[{"count":1,"href":"https:\/\/minutobahia24h.com.br\/index.php?rest_route=\/wp\/v2\/posts\/26944\/revisions"}],"predecessor-version":[{"id":26946,"href":"https:\/\/minutobahia24h.com.br\/index.php?rest_route=\/wp\/v2\/posts\/26944\/revisions\/26946"}],"wp:featuredmedia":[{"embeddable":true,"href":"https:\/\/minutobahia24h.com.br\/index.php?rest_route=\/wp\/v2\/media\/26945"}],"wp:attachment":[{"href":"https:\/\/minutobahia24h.com.br\/index.php?rest_route=%2Fwp%2Fv2%2Fmedia&parent=26944"}],"wp:term":[{"taxonomy":"category","embeddable":true,"href":"https:\/\/minutobahia24h.com.br\/index.php?rest_route=%2Fwp%2Fv2%2Fcategories&post=26944"},{"taxonomy":"post_tag","embeddable":true,"href":"https:\/\/minutobahia24h.com.br\/index.php?rest_route=%2Fwp%2Fv2%2Ftags&post=26944"}],"curies":[{"name":"wp","href":"https:\/\/api.w.org\/{rel}","templated":true}]}}