{"id":26902,"date":"2025-04-02T08:08:12","date_gmt":"2025-04-02T11:08:12","guid":{"rendered":"https:\/\/minutobahia24h.com.br\/?p=26902"},"modified":"2025-04-02T08:08:13","modified_gmt":"2025-04-02T11:08:13","slug":"ex-aliado-de-neto-pablo-barrozo-e-anunciado-novo-secretario-estadual-de-agricultura","status":"publish","type":"post","link":"https:\/\/minutobahia24h.com.br\/?p=26902","title":{"rendered":"Ex-aliado de Neto, Pablo Barrozo \u00e9 anunciado novo secret\u00e1rio estadual de Agricultura"},"content":{"rendered":"<div class=\"wp-block-image\">\n<figure class=\"aligncenter size-full\"><img data-recalc-dims=\"1\" fetchpriority=\"high\" decoding=\"async\" width=\"638\" height=\"297\" src=\"https:\/\/i0.wp.com\/minutobahia24h.com.br\/wp-content\/uploads\/2025\/04\/Sem-titulo-24.jpg?resize=638%2C297&#038;ssl=1\" alt=\"\" class=\"wp-image-26903\" srcset=\"https:\/\/i0.wp.com\/minutobahia24h.com.br\/wp-content\/uploads\/2025\/04\/Sem-titulo-24.jpg?w=638&amp;ssl=1 638w, https:\/\/i0.wp.com\/minutobahia24h.com.br\/wp-content\/uploads\/2025\/04\/Sem-titulo-24.jpg?resize=300%2C140&amp;ssl=1 300w\" sizes=\"(max-width: 638px) 100vw, 638px\" \/><\/figure>\n<\/div>\n\n\n<p>Em mais uma troca de comando no alto escal\u00e3o do Pal\u00e1cio de Ondina, o governador Jer\u00f4nimo Rodrigues (PT) anunciou nesta terceira feira o ex-deputado estadual Pablo Barrozo (Avante) como novo titular da Secretaria da Agricultura, Pecu\u00e1ria, Irriga\u00e7\u00e3o, Pesca e Aquicultura (Seagri), at\u00e9 ent\u00e3o comandada pelo tamb\u00e9m ex-deputado estadual Wallison Tum (Avante).<\/p>\n\n\n\n<p>A nomea\u00e7\u00e3o faz parte das negocia\u00e7\u00f5es com o presidente da sigla no estado, o ex-deputado federal Ronaldo Carletto, para acomodar o partido no secretariado de Jer\u00f4nimo. Como foi noticiado pela coluna Metropol\u00edtica, a demora em contemplar o Avante gerou um princ\u00edpio de crise entre Carletto e o governador.<\/p>\n\n\n\n<p>Antigo aliado do ex-prefeito ACM Neto (Uni\u00e3o Brasil), de quem foi amigo pr\u00f3ximos por muitos anos, Barrozo deixou o PSDB, rompeu politicamente com o bloco de oposi\u00e7\u00e3o ao PT e migrou para o Avante, onde se tornou membro da Executiva Estadual e secret\u00e1rio-geral. Coube a ele parte da montagem do tabuleiro do Avante nas elei\u00e7\u00f5es municipais do ano passado.<\/p>\n\n\n\n<p>Ao apresentar o novo secret\u00e1rio, Jer\u00f4nimo destacou a experi\u00eancia de Barrozo na pol\u00edtica e sua familiaridade com quest\u00f5es or\u00e7ament\u00e1rias e pol\u00edticas p\u00fablicas. O novo chefe da Seagri tamb\u00e9m foi secret\u00e1rio de Cultura e Turismo de Salvador no fim da segunda gest\u00e3o de ACM Neto. &#8220;Tenho certeza de que, com a for\u00e7a do setor e a compet\u00eancia do Pablo, conseguiremos desenvolver uma boa agenda para a agricultura baiana&#8221;, afirmou o governador.<\/p>\n\n\n\n<p>Barrozo refor\u00e7ou o compromisso com o setor agropecu\u00e1rio e a import\u00e2ncia da agricultura para a economia do estado. &#8220;A agricultura \u00e9 uma pasta extremamente importante, sendo uma das principais respons\u00e1veis pela economia do nosso estado, ao lado da pecu\u00e1ria. O governador foi claro ao exigir que a agricultura baiana esteja entre as melhores do pa\u00eds, e esse ser\u00e1 o nosso foco: fazer mais e melhor, garantindo que o agro da Bahia continue crescendo e se destacando nacionalmente&#8221;, declarou o novo secret\u00e1rio.<\/p>\n\n\n\n<p>O novo secret\u00e1rio e o governador tamb\u00e9m agradeceram a Wallison Tum, que colocou-se inteiramente \u00e0 disposi\u00e7\u00e3o para a transi\u00e7\u00e3o de comando na Seagri.<\/p>\n\n\n\n<p>Fonte: Metro 1<\/p>\n","protected":false},"excerpt":{"rendered":"<p>Em mais uma troca de comando no alto escal\u00e3o do Pal\u00e1cio de Ondina, o governador Jer\u00f4nimo Rodrigues (PT) anunciou nesta terceira feira o ex-deputado estadual Pablo Barrozo (Avante) como novo titular da Secretaria da Agricultura, Pecu\u00e1ria, Irriga\u00e7\u00e3o, Pesca e Aquicultura (Seagri), at\u00e9 ent\u00e3o comandada pelo tamb\u00e9m ex-deputado estadual Wallison Tum (Avante). A nomea\u00e7\u00e3o faz parte [&hellip;]<\/p>\n","protected":false},"author":2,"featured_media":26903,"comment_status":"open","ping_status":"open","sticky":false,"template":"","format":"standard","meta":{"_jetpack_memberships_contains_paid_content":false,"footnotes":""},"categories":[46],"tags":[],"class_list":["post-26902","post","type-post","status-publish","format-standard","has-post-thumbnail","hentry","category-noticia"],"aioseo_notices":[],"jetpack_featured_media_url":"https:\/\/i0.wp.com\/minutobahia24h.com.br\/wp-content\/uploads\/2025\/04\/Sem-titulo-24.jpg?fit=638%2C297&ssl=1","jetpack_sharing_enabled":true,"_links":{"self":[{"href":"https:\/\/minutobahia24h.com.br\/index.php?rest_route=\/wp\/v2\/posts\/26902","targetHints":{"allow":["GET"]}}],"collection":[{"href":"https:\/\/minutobahia24h.com.br\/index.php?rest_route=\/wp\/v2\/posts"}],"about":[{"href":"https:\/\/minutobahia24h.com.br\/index.php?rest_route=\/wp\/v2\/types\/post"}],"author":[{"embeddable":true,"href":"https:\/\/minutobahia24h.com.br\/index.php?rest_route=\/wp\/v2\/users\/2"}],"replies":[{"embeddable":true,"href":"https:\/\/minutobahia24h.com.br\/index.php?rest_route=%2Fwp%2Fv2%2Fcomments&post=26902"}],"version-history":[{"count":1,"href":"https:\/\/minutobahia24h.com.br\/index.php?rest_route=\/wp\/v2\/posts\/26902\/revisions"}],"predecessor-version":[{"id":26904,"href":"https:\/\/minutobahia24h.com.br\/index.php?rest_route=\/wp\/v2\/posts\/26902\/revisions\/26904"}],"wp:featuredmedia":[{"embeddable":true,"href":"https:\/\/minutobahia24h.com.br\/index.php?rest_route=\/wp\/v2\/media\/26903"}],"wp:attachment":[{"href":"https:\/\/minutobahia24h.com.br\/index.php?rest_route=%2Fwp%2Fv2%2Fmedia&parent=26902"}],"wp:term":[{"taxonomy":"category","embeddable":true,"href":"https:\/\/minutobahia24h.com.br\/index.php?rest_route=%2Fwp%2Fv2%2Fcategories&post=26902"},{"taxonomy":"post_tag","embeddable":true,"href":"https:\/\/minutobahia24h.com.br\/index.php?rest_route=%2Fwp%2Fv2%2Ftags&post=26902"}],"curies":[{"name":"wp","href":"https:\/\/api.w.org\/{rel}","templated":true}]}}