{"id":26893,"date":"2025-04-02T07:55:35","date_gmt":"2025-04-02T10:55:35","guid":{"rendered":"https:\/\/minutobahia24h.com.br\/?p=26893"},"modified":"2025-04-02T07:55:37","modified_gmt":"2025-04-02T10:55:37","slug":"policia-civil-redefine-comandos-estrategicos-na-capital-e-interior-da-bahia","status":"publish","type":"post","link":"https:\/\/minutobahia24h.com.br\/?p=26893","title":{"rendered":"Pol\u00edcia Civil redefine comandos estrat\u00e9gicos na capital e interior da Bahia"},"content":{"rendered":"<div class=\"wp-block-image\">\n<figure class=\"aligncenter size-full\"><img data-recalc-dims=\"1\" fetchpriority=\"high\" decoding=\"async\" width=\"800\" height=\"450\" src=\"https:\/\/i0.wp.com\/minutobahia24h.com.br\/wp-content\/uploads\/2025\/04\/Sem-titulo-22.jpg?resize=800%2C450&#038;ssl=1\" alt=\"\" class=\"wp-image-26894\" srcset=\"https:\/\/i0.wp.com\/minutobahia24h.com.br\/wp-content\/uploads\/2025\/04\/Sem-titulo-22.jpg?w=800&amp;ssl=1 800w, https:\/\/i0.wp.com\/minutobahia24h.com.br\/wp-content\/uploads\/2025\/04\/Sem-titulo-22.jpg?resize=300%2C169&amp;ssl=1 300w, https:\/\/i0.wp.com\/minutobahia24h.com.br\/wp-content\/uploads\/2025\/04\/Sem-titulo-22.jpg?resize=768%2C432&amp;ssl=1 768w, https:\/\/i0.wp.com\/minutobahia24h.com.br\/wp-content\/uploads\/2025\/04\/Sem-titulo-22.jpg?resize=750%2C422&amp;ssl=1 750w\" sizes=\"(max-width: 800px) 100vw, 800px\" \/><figcaption class=\"wp-element-caption\">A reestrutura\u00e7\u00e3o da Pol\u00edcia Civil da Bahia traz novas nomea\u00e7\u00f5es e exonera\u00e7\u00f5es em cargos de dire\u00e7\u00e3o e coordena\u00e7\u00e3o, impactando diversas \u00e1reas.\u00a0\u00a0|\u00a0\u00a0\u00a0<img decoding=\"async\" width=\"17\" height=\"17\" data-src=\"https:\/\/www.bnews.com.br\/static\/img\/camera_icon.svg\" alt=\"Bnews - Divulga\u00e7\u00e3o\" src=\"data:image\/gif;base64,R0lGODlhAQABAAAAACH5BAEKAAEALAAAAAABAAEAAAICTAEAOw==\" class=\"lazyload\"><noscript><img decoding=\"async\" width=\"17\" height=\"17\" src=\"https:\/\/www.bnews.com.br\/static\/img\/camera_icon.svg\" alt=\"Bnews - Divulga\u00e7\u00e3o\"><\/noscript>\u00a0Arquivo \/ SSP-BA<br><a href=\"https:\/\/www.bnews.com.br\/autor\/redacao-bnews\/\"><\/a><\/figcaption><\/figure>\n<\/div>\n\n\n<p>Uma significativa reestrutura\u00e7\u00e3o nos quadros da Pol\u00edcia Civil da Bahia foi publicada no Di\u00e1rio Oficial do Estado, nesta quarta-feira (2), com diversas exonera\u00e7\u00f5es e nomea\u00e7\u00f5es em cargos de dire\u00e7\u00e3o, coordena\u00e7\u00e3o e assessoramento dentro da institui\u00e7\u00e3o. As mudan\u00e7as abrangem diversas diretorias da Pol\u00edcia Civil, incluindo a Corregedoria e a Academia de Pol\u00edcia. Al\u00e9m disso, foram feitas mudan\u00e7as tamb\u00e9m no Departamento de Pol\u00edcia T\u00e9cnica (DPT).<\/p>\n\n\n\n<p>A Pol\u00edcia Civil tamb\u00e9m viu diversas altera\u00e7\u00f5es em suas diretorias. A delegada Patr\u00edcia Barreto Oliveira deixou a Diretoria do Departamento de Prote\u00e7\u00e3o \u00e0 Mulher, Cidadania e Pessoas Vulner\u00e1veis, mas assume agora a Corregedoria da Pol\u00edcia Civil. Quem assume o Departamento de Prote\u00e7\u00e3o \u00e0 Mulher \u00e9 a delegada Juliana Fontes Barbosa.<\/p>\n\n\n\n<p>Na Diretoria do Departamento de Intelig\u00eancia Policial, o delegado Ivo Carvalho Tourinho foi exonerado, mas retorna \u00e0 c\u00fapula da Pol\u00edcia Civil como Chefe de Gabinete da Delegada Geral. Para a Diretoria de Intelig\u00eancia Policial, foi nomeado o delegado Alexandre Takeshi Narita, que deixou a Coordenadoria T\u00e9cnica do Departamento de Repress\u00e3o e Combate ao Crime Organizado.<\/p>\n\n\n\n<p>O Departamento de Pol\u00edcia Metropolitana ter\u00e1 como novo diretor o delegado Mois\u00e9s Nunes Damasceno, que anteriormente coordenava a 8\u00aa Coordenadoria de Pol\u00edcia do Interior em Teixeira de Freitas. A delegada L\u00edgia Nunes de S\u00e1, que estava \u00e0 frente da 17\u00aa Coordenadoria de Pol\u00edcia do Interior em Juazeiro, assume a Diretoria do Departamento de Homic\u00eddios e Prote\u00e7\u00e3o \u00e0 Pessoa, sucedendo Andrea Barbosa Ribeiro Magalh\u00e3es Ribeiro.<\/p>\n\n\n\n<p>O delegado Fabio Daniel Lordello Vasconcelos deixa a Coordenadoria T\u00e9cnica do Departamento de Repress\u00e3o e Combate \u00e0 Corrup\u00e7\u00e3o, ao Crime Organizado e \u00e0 Lavagem de Dinheiro para assumir a diretoria deste mesmo departamento. J\u00e1 o delegado Ernandes Reis Santos J\u00fanior, que coordenava a 14\u00aa Coordenadoria de Pol\u00edcia do Interior em Irec\u00ea, agora \u00e9 o novo diretor do Departamento Especializado de Investiga\u00e7\u00e3o e Repress\u00e3o ao Narcotr\u00e1fico.<\/p>\n\n\n\n<p>A Academia da Pol\u00edcia Civil ter\u00e1 como novo diretor o delegado Jackson Carvalho da Silva, que foi exonerado da Coordenadoria I da Corregedoria Geral. A delegada Elaine Nogueira da Silva assume a Diretoria do Departamento de Pol\u00edcia do Interior, no lugar de Rog\u00e9ria da Silva Ara\u00fajo.<\/p>\n\n\n\n<p>A Coordena\u00e7\u00e3o de Pol\u00edcia Interestadual ter\u00e1 como diretor o delegado Jos\u00e9 Marcelo Marques Novo, substituindo Cristiane Inoc\u00eancia Xavier Rodrigues Coelho. O Departamento de Infraestrutura e Log\u00edstica ter\u00e1 \u00e0 frente a escriv\u00e3 de pol\u00edcia Terlindalva Reis Nunes Silva, sucedendo Laura Maria Cerqueira Lima Moura. O Departamento de Gest\u00e3o Tecnol\u00f3gica, Telecomunica\u00e7\u00f5es e Inova\u00e7\u00e3o passa a ser dirigido pelo investigador de pol\u00edcia Valter Souza Barbosa, no lugar de Leandro Sady Rodrigues.<\/p>\n\n\n\n<p><strong>Assessoria de Comunica\u00e7\u00e3o e Coordena\u00e7\u00f5es<\/strong><\/p>\n\n\n\n<p>Na Assessoria de Comunica\u00e7\u00e3o da Pol\u00edcia Civil, Antonio Jorge Ferreira dos Santos Silva assume como Assessor de Comunica\u00e7\u00e3o Social, substituindo Daiane Lima da Silva.<\/p>\n\n\n\n<p>Houve tamb\u00e9m mudan\u00e7as em coordena\u00e7\u00f5es do Departamento de Pol\u00edcia do Interior. O delegado Paulo Jason de Melo Falc\u00e3o, que deixa a 25\u00aa Coordenadoria de Pol\u00edcia do Interior em Euclides da Cunha, assume a Coordenadoria I do Departamento de Pol\u00edcia do Interior. A Coordenadoria I de Fiscaliza\u00e7\u00e3o de Produtos Controlados passa a ser ocupada pelo delegado Arthur Jos\u00e9 Pedreira Gallas e Souza, que deixa a Diretoria do Departamento de Pol\u00edcia Metropolitana.<\/p>\n\n\n\n<p><strong>Departamento de Pol\u00edcia T\u00e9cnica (DPT) Passa por Reformula\u00e7\u00e3o<\/strong><\/p>\n\n\n\n<p>No \u00e2mbito do Departamento de Pol\u00edcia T\u00e9cnica, houve uma dan\u00e7a de cadeiras em importantes diretorias. O perito criminal Rog\u00e9rio Serafim Vieira de Souza foi exonerado da Diretoria do Interior, mas logo em seguida nomeado para a Coordenadoria Regional da mesma diretoria. Quem assume a Diretoria do Interior \u00e9 o tamb\u00e9m perito criminal Vanderclei Carvalho Moreira, que anteriormente ocupava a Coordenadoria II. Renato Lacerda Silva J\u00fanior e Ana Maria Jones Neves tamb\u00e9m foram exonerados de suas coordena\u00e7\u00f5es na Diretoria do Interior. Para a Coordenadoria II da Diretoria do Interior, foi nomeado o perito criminal Jo\u00e3o Luis Dami\u00e3o Caldoncelli. No Instituto M\u00e9dico Legal Nina Rodrigues, a perita m\u00e9dica legista Andrea Leite Mascarenhas dos Santos assume a Coordenadoria II, sucedendo M\u00e1rio C\u00e9sar Lopes Pontes C\u00e2mara, que foi exonerado a pedido.<\/p>\n\n\n\n<p>Na Superintend\u00eancia de Telecomunica\u00e7\u00f5es, o perito criminal Paulo Roberto Maltez de Oliveira Filho deixa a Coordenadoria T\u00e9cnica para dar lugar a Wagner Jos\u00e9 Guerreiro Nascimento, mas \u00e9 novamente nomeado, desta vez para o cargo de Chefe de Gabinete do Departamento de Pol\u00edcia T\u00e9cnica.<\/p>\n\n\n\n<p><strong>Novo Assistente Militar na SSP<\/strong><\/p>\n\n\n\n<p>Al\u00e9m das mudan\u00e7as na Pol\u00edcia Civil, o Coronel Alexandre Motta Lima foi nomeado para o cargo de Assistente Militar do Gabinete do Secret\u00e1rio da Secretaria da Seguran\u00e7a P\u00fablica.<\/p>\n\n\n\n<p>bnews<\/p>\n","protected":false},"excerpt":{"rendered":"<p>Uma significativa reestrutura\u00e7\u00e3o nos quadros da Pol\u00edcia Civil da Bahia foi publicada no Di\u00e1rio Oficial do Estado, nesta quarta-feira (2), com diversas exonera\u00e7\u00f5es e nomea\u00e7\u00f5es em cargos de dire\u00e7\u00e3o, coordena\u00e7\u00e3o e assessoramento dentro da institui\u00e7\u00e3o. As mudan\u00e7as abrangem diversas diretorias da Pol\u00edcia Civil, incluindo a Corregedoria e a Academia de Pol\u00edcia. Al\u00e9m disso, foram feitas [&hellip;]<\/p>\n","protected":false},"author":2,"featured_media":26894,"comment_status":"open","ping_status":"open","sticky":false,"template":"","format":"standard","meta":{"_jetpack_memberships_contains_paid_content":false,"footnotes":""},"categories":[46],"tags":[],"class_list":["post-26893","post","type-post","status-publish","format-standard","has-post-thumbnail","hentry","category-noticia"],"aioseo_notices":[],"jetpack_featured_media_url":"https:\/\/i0.wp.com\/minutobahia24h.com.br\/wp-content\/uploads\/2025\/04\/Sem-titulo-22.jpg?fit=800%2C450&ssl=1","jetpack_sharing_enabled":true,"_links":{"self":[{"href":"https:\/\/minutobahia24h.com.br\/index.php?rest_route=\/wp\/v2\/posts\/26893","targetHints":{"allow":["GET"]}}],"collection":[{"href":"https:\/\/minutobahia24h.com.br\/index.php?rest_route=\/wp\/v2\/posts"}],"about":[{"href":"https:\/\/minutobahia24h.com.br\/index.php?rest_route=\/wp\/v2\/types\/post"}],"author":[{"embeddable":true,"href":"https:\/\/minutobahia24h.com.br\/index.php?rest_route=\/wp\/v2\/users\/2"}],"replies":[{"embeddable":true,"href":"https:\/\/minutobahia24h.com.br\/index.php?rest_route=%2Fwp%2Fv2%2Fcomments&post=26893"}],"version-history":[{"count":1,"href":"https:\/\/minutobahia24h.com.br\/index.php?rest_route=\/wp\/v2\/posts\/26893\/revisions"}],"predecessor-version":[{"id":26895,"href":"https:\/\/minutobahia24h.com.br\/index.php?rest_route=\/wp\/v2\/posts\/26893\/revisions\/26895"}],"wp:featuredmedia":[{"embeddable":true,"href":"https:\/\/minutobahia24h.com.br\/index.php?rest_route=\/wp\/v2\/media\/26894"}],"wp:attachment":[{"href":"https:\/\/minutobahia24h.com.br\/index.php?rest_route=%2Fwp%2Fv2%2Fmedia&parent=26893"}],"wp:term":[{"taxonomy":"category","embeddable":true,"href":"https:\/\/minutobahia24h.com.br\/index.php?rest_route=%2Fwp%2Fv2%2Fcategories&post=26893"},{"taxonomy":"post_tag","embeddable":true,"href":"https:\/\/minutobahia24h.com.br\/index.php?rest_route=%2Fwp%2Fv2%2Ftags&post=26893"}],"curies":[{"name":"wp","href":"https:\/\/api.w.org\/{rel}","templated":true}]}}