{"id":26872,"date":"2025-04-02T07:37:08","date_gmt":"2025-04-02T10:37:08","guid":{"rendered":"https:\/\/minutobahia24h.com.br\/?p=26872"},"modified":"2025-04-02T07:37:09","modified_gmt":"2025-04-02T10:37:09","slug":"caso-davi-apos-conclusao-de-inquerito-mp-ba-pede-informacoes-e-documentos-a-policia","status":"publish","type":"post","link":"https:\/\/minutobahia24h.com.br\/?p=26872","title":{"rendered":"Caso Davi: ap\u00f3s conclus\u00e3o de inqu\u00e9rito, MP-BA pede informa\u00e7\u00f5es e documentos \u00e0 pol\u00edcia"},"content":{"rendered":"<div class=\"wp-block-image\">\n<figure class=\"aligncenter size-full\"><img data-recalc-dims=\"1\" fetchpriority=\"high\" decoding=\"async\" width=\"800\" height=\"536\" src=\"https:\/\/i0.wp.com\/minutobahia24h.com.br\/wp-content\/uploads\/2025\/04\/Sem-titulo-16.jpg?resize=800%2C536&#038;ssl=1\" alt=\"\" class=\"wp-image-26873\" srcset=\"https:\/\/i0.wp.com\/minutobahia24h.com.br\/wp-content\/uploads\/2025\/04\/Sem-titulo-16.jpg?w=820&amp;ssl=1 820w, https:\/\/i0.wp.com\/minutobahia24h.com.br\/wp-content\/uploads\/2025\/04\/Sem-titulo-16.jpg?resize=300%2C201&amp;ssl=1 300w, https:\/\/i0.wp.com\/minutobahia24h.com.br\/wp-content\/uploads\/2025\/04\/Sem-titulo-16.jpg?resize=768%2C514&amp;ssl=1 768w, https:\/\/i0.wp.com\/minutobahia24h.com.br\/wp-content\/uploads\/2025\/04\/Sem-titulo-16.jpg?resize=750%2C502&amp;ssl=1 750w\" sizes=\"(max-width: 800px) 100vw, 800px\" \/><figcaption class=\"wp-element-caption\"><sub>Foto: Arquivo da Fam\u00edlia<\/sub><br><\/figcaption><\/figure>\n<\/div>\n\n\n<p>O Minist\u00e9rio P\u00fablico da Bahia (MP-BA) informou, nesta ter\u00e7a-feira (1\u00ba), que solicitou informa\u00e7\u00f5es e documentos sobre o caso Davi Lima \u00e0 Pol\u00edcia Civil. O garoto de 12 anos desapareceu em 2021, na cidade de Iti\u00faba. Em mar\u00e7o deste ano, o inqu\u00e9rito foi finalizado e a pol\u00edcia concluiu que n\u00e3o houve crime, o que \u00e9 refutado pelos familiares.<\/p>\n\n\n\n<p>Davi Lima desapareceu no dia 28 de mar\u00e7o de 2021, enquanto passava f\u00e9rias na cidade. Apesar de terem sido feitas buscas com c\u00e3es farejadores, drones e helic\u00f3pteros, nenhum rastro do menino foi achado durante quase quatro anos.<\/p>\n\n\n\n<p>Somente em novembro de 2024, os restos mortais do garoto foram encontrados por vaqueiros em uma \u00e1rea de dif\u00edcil acesso. Em mar\u00e7o deste ano, a pol\u00edcia informou que o inqu\u00e9rito havia sido conclu\u00eddo. O documento aponta que Davi se perdeu na mata e morreu de causas naturais ou devido a algum acidente.<\/p>\n\n\n\n<p>A m\u00e3e do garoto contestou a vers\u00e3o da pol\u00edcia e pediu apoio do MP-BA para que haja uma revis\u00e3o na investiga\u00e7\u00e3o. Ap\u00f3s a finaliza\u00e7\u00e3o do inqu\u00e9rito, o \u00f3rg\u00e3o informou que requisitou acesso \u00e0 \u00edntegra de:<\/p>\n\n\n\n<ul class=\"wp-block-list\">\n<li>todas as medidas cautelares realizadas;<\/li>\n\n\n\n<li>laudo de reprodu\u00e7\u00e3o simulada dos fatos;<\/li>\n\n\n\n<li>laudo do local em que a ossada foi encontrada;<\/li>\n\n\n\n<li>confirma\u00e7\u00e3o de que todas as dilig\u00eancias anteriormente determinadas foram realizadas durante a investiga\u00e7\u00e3o.<\/li>\n<\/ul>\n\n\n\n<p>blogdoeloiltoncajuhy<\/p>\n","protected":false},"excerpt":{"rendered":"<p>O Minist\u00e9rio P\u00fablico da Bahia (MP-BA) informou, nesta ter\u00e7a-feira (1\u00ba), que solicitou informa\u00e7\u00f5es e documentos sobre o caso Davi Lima \u00e0 Pol\u00edcia Civil. O garoto de 12 anos desapareceu em 2021, na cidade de Iti\u00faba. Em mar\u00e7o deste ano, o inqu\u00e9rito foi finalizado e a pol\u00edcia concluiu que n\u00e3o houve crime, o que \u00e9 refutado [&hellip;]<\/p>\n","protected":false},"author":2,"featured_media":26873,"comment_status":"open","ping_status":"open","sticky":false,"template":"","format":"standard","meta":{"_jetpack_memberships_contains_paid_content":false,"footnotes":""},"categories":[3],"tags":[],"class_list":["post-26872","post","type-post","status-publish","format-standard","has-post-thumbnail","hentry","category-regional"],"aioseo_notices":[],"jetpack_featured_media_url":"https:\/\/i0.wp.com\/minutobahia24h.com.br\/wp-content\/uploads\/2025\/04\/Sem-titulo-16.jpg?fit=820%2C549&ssl=1","jetpack_sharing_enabled":true,"_links":{"self":[{"href":"https:\/\/minutobahia24h.com.br\/index.php?rest_route=\/wp\/v2\/posts\/26872","targetHints":{"allow":["GET"]}}],"collection":[{"href":"https:\/\/minutobahia24h.com.br\/index.php?rest_route=\/wp\/v2\/posts"}],"about":[{"href":"https:\/\/minutobahia24h.com.br\/index.php?rest_route=\/wp\/v2\/types\/post"}],"author":[{"embeddable":true,"href":"https:\/\/minutobahia24h.com.br\/index.php?rest_route=\/wp\/v2\/users\/2"}],"replies":[{"embeddable":true,"href":"https:\/\/minutobahia24h.com.br\/index.php?rest_route=%2Fwp%2Fv2%2Fcomments&post=26872"}],"version-history":[{"count":1,"href":"https:\/\/minutobahia24h.com.br\/index.php?rest_route=\/wp\/v2\/posts\/26872\/revisions"}],"predecessor-version":[{"id":26874,"href":"https:\/\/minutobahia24h.com.br\/index.php?rest_route=\/wp\/v2\/posts\/26872\/revisions\/26874"}],"wp:featuredmedia":[{"embeddable":true,"href":"https:\/\/minutobahia24h.com.br\/index.php?rest_route=\/wp\/v2\/media\/26873"}],"wp:attachment":[{"href":"https:\/\/minutobahia24h.com.br\/index.php?rest_route=%2Fwp%2Fv2%2Fmedia&parent=26872"}],"wp:term":[{"taxonomy":"category","embeddable":true,"href":"https:\/\/minutobahia24h.com.br\/index.php?rest_route=%2Fwp%2Fv2%2Fcategories&post=26872"},{"taxonomy":"post_tag","embeddable":true,"href":"https:\/\/minutobahia24h.com.br\/index.php?rest_route=%2Fwp%2Fv2%2Ftags&post=26872"}],"curies":[{"name":"wp","href":"https:\/\/api.w.org\/{rel}","templated":true}]}}