{"id":26804,"date":"2025-03-31T14:55:08","date_gmt":"2025-03-31T17:55:08","guid":{"rendered":"https:\/\/minutobahia24h.com.br\/?p=26804"},"modified":"2025-03-31T14:55:10","modified_gmt":"2025-03-31T17:55:10","slug":"caso-ingrid-vitoria-corpo-de-adolescente-de-13-anos-e-sepultado-sob-forte-comocao-em-floresta","status":"publish","type":"post","link":"https:\/\/minutobahia24h.com.br\/?p=26804","title":{"rendered":"Caso Ingrid Vit\u00f3ria: corpo de adolescente de 13 anos \u00e9 sepultado sob forte como\u00e7\u00e3o em Floresta"},"content":{"rendered":"<div class=\"wp-block-image\">\n<figure class=\"aligncenter size-full\"><img data-recalc-dims=\"1\" fetchpriority=\"high\" decoding=\"async\" width=\"666\" height=\"387\" src=\"https:\/\/i0.wp.com\/minutobahia24h.com.br\/wp-content\/uploads\/2025\/03\/Sem-titulo-433.jpg?resize=666%2C387&#038;ssl=1\" alt=\"\" class=\"wp-image-26805\" srcset=\"https:\/\/i0.wp.com\/minutobahia24h.com.br\/wp-content\/uploads\/2025\/03\/Sem-titulo-433.jpg?w=666&amp;ssl=1 666w, https:\/\/i0.wp.com\/minutobahia24h.com.br\/wp-content\/uploads\/2025\/03\/Sem-titulo-433.jpg?resize=300%2C174&amp;ssl=1 300w\" sizes=\"(max-width: 666px) 100vw, 666px\" \/><\/figure>\n<\/div>\n\n\n<p>Foi sepultado na manh\u00e3 desta segunda-feira (31), em Floresta, Sert\u00e3o de Pernambuco, o corpo de Ingrid Vit\u00f3ria, de 13 anos, que foi sequestrada e morta em Santa Maria da Boa Vista. O sequestro aconteceu pr\u00f3ximo ao povoado de Cara\u00edbas. O corpo da adolescente foi encontrado no \u00faltimo s\u00e1bado (29) ap\u00f3s cinco dias de buscas (v\u00eddeo abaixo).<\/p>\n\n\n\n<p>Durante o cortejo que saiu da Par\u00f3quia S\u00e3o Francisco de Assis, em Santa Maria da Boa Vista, uma multid\u00e3o de pessoas participam do momento de despedida da garota. No trajeto, aconteceu uma parada na casa dos familiares da v\u00edtima em Floresta e em seguida o corpo foi sepultado no cemit\u00e9rio municipal da cidade onde Ingrid Vit\u00f3ria havia se mudado recentemente para morar.<\/p>\n\n\n\n<p>O sequestro ocorreu na \u00faltima ter\u00e7a-feira (25) quando a adolescente voltava do projeto Cura\u00e7\u00e1 NH2, distrito de Itamotinga, em Juazeiro (BA) com o irm\u00e3o de quatro anos e a m\u00e3e, de carona com um conhecido da fam\u00edlia. Em determinado momento, o homem agrediu e amarrou a mulher e levou a menina no porta-malas do carro.<\/p>\n\n\n\n<p>Segundo a pol\u00edcia, o corpo de Ingrid Vit\u00f3ria foi achado a 7km do ponto de apoio das for\u00e7as policiais, em uma regi\u00e3o de mata fechada, nas imedia\u00e7\u00f5es da Fazenda Jequi, distrito de Cara\u00edbas.<\/p>\n\n\n\n<p>Quem \u00e9 o sequestrador-O suspeito do sequestro, Jocelmo Caldas da Silva, de 36 anos, foi localizado por policiais por volta das 12h do \u00faltimo s\u00e1bado (29), \u00e0s margens do rio S\u00e3o Francisco, em Santa Maria da Boa Vista. Segundo a pol\u00edcia, ele estava armado, reagiu e foi baleado. Os policiais disseram que o socorreram para o Hospital do munic\u00edpio, mas o homem n\u00e3o resistiu.<\/p>\n\n\n\n<p>Os corpos da adolescente e do suspeito do crime foram encaminhados para o Instituto de Medicina Legal (IML) de Petrolina, tamb\u00e9m no Sert\u00e3o do Estado.<\/p>\n\n\n\n<p>A causa da morte de Ingrid Vit\u00f3ria ainda n\u00e3o foi informada. Segundo a per\u00edcia do IML havia ferimentos na cabe\u00e7a da v\u00edtima e uma pedra tamb\u00e9m foi encontrada no local. A suspeita \u00e9 que ela pode ter sido morta a pedradas.<\/p>\n\n\n\n<p>G1 Petrolina Foto TV Asa Branca Caruaru PE<\/p>\n","protected":false},"excerpt":{"rendered":"<p>Foi sepultado na manh\u00e3 desta segunda-feira (31), em Floresta, Sert\u00e3o de Pernambuco, o corpo de Ingrid Vit\u00f3ria, de 13 anos, que foi sequestrada e morta em Santa Maria da Boa Vista. O sequestro aconteceu pr\u00f3ximo ao povoado de Cara\u00edbas. O corpo da adolescente foi encontrado no \u00faltimo s\u00e1bado (29) ap\u00f3s cinco dias de buscas (v\u00eddeo [&hellip;]<\/p>\n","protected":false},"author":2,"featured_media":26805,"comment_status":"open","ping_status":"open","sticky":false,"template":"","format":"standard","meta":{"_jetpack_memberships_contains_paid_content":false,"footnotes":""},"categories":[3],"tags":[],"class_list":["post-26804","post","type-post","status-publish","format-standard","has-post-thumbnail","hentry","category-regional"],"aioseo_notices":[],"jetpack_featured_media_url":"https:\/\/i0.wp.com\/minutobahia24h.com.br\/wp-content\/uploads\/2025\/03\/Sem-titulo-433.jpg?fit=666%2C387&ssl=1","jetpack_sharing_enabled":true,"_links":{"self":[{"href":"https:\/\/minutobahia24h.com.br\/index.php?rest_route=\/wp\/v2\/posts\/26804","targetHints":{"allow":["GET"]}}],"collection":[{"href":"https:\/\/minutobahia24h.com.br\/index.php?rest_route=\/wp\/v2\/posts"}],"about":[{"href":"https:\/\/minutobahia24h.com.br\/index.php?rest_route=\/wp\/v2\/types\/post"}],"author":[{"embeddable":true,"href":"https:\/\/minutobahia24h.com.br\/index.php?rest_route=\/wp\/v2\/users\/2"}],"replies":[{"embeddable":true,"href":"https:\/\/minutobahia24h.com.br\/index.php?rest_route=%2Fwp%2Fv2%2Fcomments&post=26804"}],"version-history":[{"count":1,"href":"https:\/\/minutobahia24h.com.br\/index.php?rest_route=\/wp\/v2\/posts\/26804\/revisions"}],"predecessor-version":[{"id":26806,"href":"https:\/\/minutobahia24h.com.br\/index.php?rest_route=\/wp\/v2\/posts\/26804\/revisions\/26806"}],"wp:featuredmedia":[{"embeddable":true,"href":"https:\/\/minutobahia24h.com.br\/index.php?rest_route=\/wp\/v2\/media\/26805"}],"wp:attachment":[{"href":"https:\/\/minutobahia24h.com.br\/index.php?rest_route=%2Fwp%2Fv2%2Fmedia&parent=26804"}],"wp:term":[{"taxonomy":"category","embeddable":true,"href":"https:\/\/minutobahia24h.com.br\/index.php?rest_route=%2Fwp%2Fv2%2Fcategories&post=26804"},{"taxonomy":"post_tag","embeddable":true,"href":"https:\/\/minutobahia24h.com.br\/index.php?rest_route=%2Fwp%2Fv2%2Ftags&post=26804"}],"curies":[{"name":"wp","href":"https:\/\/api.w.org\/{rel}","templated":true}]}}