{"id":26719,"date":"2025-03-31T07:12:03","date_gmt":"2025-03-31T10:12:03","guid":{"rendered":"https:\/\/minutobahia24h.com.br\/?p=26719"},"modified":"2025-03-31T07:12:05","modified_gmt":"2025-03-31T10:12:05","slug":"sebrae-vai-discutir-oportunidades-de-negocios-e-fortalecimento-da-economia-em-senhor-do-bonfim","status":"publish","type":"post","link":"https:\/\/minutobahia24h.com.br\/?p=26719","title":{"rendered":"Sebrae vai discutir oportunidades de neg\u00f3cios e fortalecimento da economia em Senhor do Bonfim"},"content":{"rendered":"<div class=\"wp-block-image\">\n<figure class=\"aligncenter size-full\"><img data-recalc-dims=\"1\" fetchpriority=\"high\" decoding=\"async\" width=\"478\" height=\"640\" src=\"https:\/\/i0.wp.com\/minutobahia24h.com.br\/wp-content\/uploads\/2025\/03\/Sem-titulo-409.jpg?resize=478%2C640&#038;ssl=1\" alt=\"\" class=\"wp-image-26720\" srcset=\"https:\/\/i0.wp.com\/minutobahia24h.com.br\/wp-content\/uploads\/2025\/03\/Sem-titulo-409.jpg?w=478&amp;ssl=1 478w, https:\/\/i0.wp.com\/minutobahia24h.com.br\/wp-content\/uploads\/2025\/03\/Sem-titulo-409.jpg?resize=224%2C300&amp;ssl=1 224w\" sizes=\"(max-width: 478px) 100vw, 478px\" \/><\/figure>\n<\/div>\n\n\n<p>Conselheiros Deliberativo do Sebrae Bahia e membros da Diretoria Executiva realizam agenda em Jacobina e Senhor do Bonfim<\/p>\n\n\n\n<p>Por Tamara Leal para a ML Comunica\u00e7\u00e3o<\/p>\n\n\n\n<p>A cidade de Senhor do Bonfim, no Centro-Norte da Bahia, sediar\u00e1, na ter\u00e7a-feira, 1\u00ba de abril, o Semin\u00e1rio \u2018As Perspectivas e Oportunidades de Neg\u00f3cios para o Fortalecimento da Economia Regional: integrando atores \u2013 A Vis\u00e3o P\u00fablica e Empresarial\u2019. Iniciativa do Sebrae, a a\u00e7\u00e3o vai contar com a presen\u00e7a de membros do Conselho Deliberativo da institui\u00e7\u00e3o e da Diretoria Executiva, empreendedores de munic\u00edpios da regi\u00e3o, lideran\u00e7as pol\u00edticas e dirigentes de entidades.<\/p>\n\n\n\n<p>Para o Presidente do Conselho Deliberativo do Sebrae Bahia e do Sistema FAEB\/SENAR, Humberto Miranda, o \u201cSemin\u00e1rio \u00e9 um importante espa\u00e7o para os membros do plural Conselho do Sebrae, ouvir sobre as potencialidades da regi\u00e3o e os anseios da comunidade sobre as a\u00e7\u00f5es das institui\u00e7\u00f5es que comp\u00f5e esse colegiado.\u201d<\/p>\n\n\n\n<p>O semin\u00e1rio vai contar com quatro pain\u00e9is. O primeiro, \u2018Projetos e Programas na Jurisdi\u00e7\u00e3o da Unidade Regional do Sebrae\u2019, apresentado pelo gerente e a adjunta do Sebrae em Jacobina, Geronilson Pereira e Jilvania Bezerra, respectivamente. O segundo painel, \u2018As Perspectivas e Oportunidades de Neg\u00f3cios para o Fortalecimento da Economia Regional integrando atores \u2013 A Vis\u00e3o P\u00fablica e Empresarial\u2019, contar\u00e1 com as participa\u00e7\u00f5es do doutor em administra\u00e7\u00e3o, M\u00e1rcio Ara\u00fajo, o prefeito de Senhor do Bonfim, La\u00e9rcio J\u00fanior, o empres\u00e1rio e secret\u00e1rio Planejamento e Desenvolvimento de Jacobina, Levi Bahia, e o Dr. p\u00f3s-doutor em antropologia e Empreendedor Rural, Juracy Marques.<\/p>\n\n\n\n<p>Mediado pelo diretor de administra\u00e7\u00e3o e finan\u00e7as do Sebrae, Vitor Lopes, o painel \u2018A Vis\u00e3o das Intui\u00e7\u00f5es Financeiras sobre o Desenvolvimento Regional\u2019 ter\u00e1 a participa\u00e7\u00e3o dos representantes da Caixa Econ\u00f4mica Federal, Danilo Modesto, do Banco do Nordeste, Marilda Galindo, o Superintendente Regional do Banco do Brasil, Reiner Borges Alves. O \u00faltimo painel, \u2018Conversa com Lideran\u00e7as e Demandas Locais\u2019, ser\u00e1 mediado com o presidente do Conselho Deliberativo do Sebrae Bahia e presidente do Sistema FAEB\/SENAR, Humberto Miranda.<\/p>\n\n\n\n<p>\u201c\u00c9 um prazer sediar a reuni\u00e3o do Conselho Deliberativo Estadual (CDE) do Sebrae Bahia e poder, ainda, por meio do semin\u00e1rio, discutir as oportunidades de neg\u00f3cios e o fortalecimento da economia para os 32 munic\u00edpios que comp\u00f5em a base do Sebrae Regional\u201d, destacou gerente regional do Sebrae, Geronilson Pereira.<\/p>\n\n\n\n<p>Agenda<\/p>\n\n\n\n<p>Al\u00e9m das atividades do semin\u00e1rio, a comitiva de conselheiros e da diretoria realizar\u00e1 uma s\u00e9rie de encontros e reuni\u00f5es na regi\u00e3o. A agenda ter\u00e1 in\u00edcio na segunda-feira (31), no munic\u00edpio de Jacobina, com a reuni\u00e3o ordin\u00e1ria do Conselho, sendo realizada de forma in\u00e9dita na Ag\u00eancia do Sebrae. Ap\u00f3s a reuni\u00e3o haver\u00e1 um encontro dos conselheiros com a equipe da regional do Sebrae em Jacobina e um jantar com lideran\u00e7as no restaurante Rancho Catarinense.<\/p>\n\n\n\n<p>Em Senhor do Bonfim, al\u00e9m do Semin\u00e1rio, haver\u00e1 visitas ao Centro de Atendimento ao Cidad\u00e3o (CAC), espa\u00e7o refer\u00eancia na presta\u00e7\u00e3o de servi\u00e7os\/apoio \u00e0s empresas e clientes do Sebrae.<\/p>\n\n\n\n<p>nonatonoticias<\/p>\n","protected":false},"excerpt":{"rendered":"<p>Conselheiros Deliberativo do Sebrae Bahia e membros da Diretoria Executiva realizam agenda em Jacobina e Senhor do Bonfim Por Tamara Leal para a ML Comunica\u00e7\u00e3o A cidade de Senhor do Bonfim, no Centro-Norte da Bahia, sediar\u00e1, na ter\u00e7a-feira, 1\u00ba de abril, o Semin\u00e1rio \u2018As Perspectivas e Oportunidades de Neg\u00f3cios para o Fortalecimento da Economia Regional: [&hellip;]<\/p>\n","protected":false},"author":2,"featured_media":26720,"comment_status":"open","ping_status":"open","sticky":false,"template":"","format":"standard","meta":{"_jetpack_memberships_contains_paid_content":false,"footnotes":""},"categories":[3],"tags":[],"class_list":["post-26719","post","type-post","status-publish","format-standard","has-post-thumbnail","hentry","category-regional"],"aioseo_notices":[],"jetpack_featured_media_url":"https:\/\/i0.wp.com\/minutobahia24h.com.br\/wp-content\/uploads\/2025\/03\/Sem-titulo-409.jpg?fit=478%2C640&ssl=1","jetpack_sharing_enabled":true,"_links":{"self":[{"href":"https:\/\/minutobahia24h.com.br\/index.php?rest_route=\/wp\/v2\/posts\/26719","targetHints":{"allow":["GET"]}}],"collection":[{"href":"https:\/\/minutobahia24h.com.br\/index.php?rest_route=\/wp\/v2\/posts"}],"about":[{"href":"https:\/\/minutobahia24h.com.br\/index.php?rest_route=\/wp\/v2\/types\/post"}],"author":[{"embeddable":true,"href":"https:\/\/minutobahia24h.com.br\/index.php?rest_route=\/wp\/v2\/users\/2"}],"replies":[{"embeddable":true,"href":"https:\/\/minutobahia24h.com.br\/index.php?rest_route=%2Fwp%2Fv2%2Fcomments&post=26719"}],"version-history":[{"count":1,"href":"https:\/\/minutobahia24h.com.br\/index.php?rest_route=\/wp\/v2\/posts\/26719\/revisions"}],"predecessor-version":[{"id":26721,"href":"https:\/\/minutobahia24h.com.br\/index.php?rest_route=\/wp\/v2\/posts\/26719\/revisions\/26721"}],"wp:featuredmedia":[{"embeddable":true,"href":"https:\/\/minutobahia24h.com.br\/index.php?rest_route=\/wp\/v2\/media\/26720"}],"wp:attachment":[{"href":"https:\/\/minutobahia24h.com.br\/index.php?rest_route=%2Fwp%2Fv2%2Fmedia&parent=26719"}],"wp:term":[{"taxonomy":"category","embeddable":true,"href":"https:\/\/minutobahia24h.com.br\/index.php?rest_route=%2Fwp%2Fv2%2Fcategories&post=26719"},{"taxonomy":"post_tag","embeddable":true,"href":"https:\/\/minutobahia24h.com.br\/index.php?rest_route=%2Fwp%2Fv2%2Ftags&post=26719"}],"curies":[{"name":"wp","href":"https:\/\/api.w.org\/{rel}","templated":true}]}}