{"id":26627,"date":"2025-03-27T08:16:33","date_gmt":"2025-03-27T11:16:33","guid":{"rendered":"https:\/\/minutobahia24h.com.br\/?p=26627"},"modified":"2025-03-27T08:16:34","modified_gmt":"2025-03-27T11:16:34","slug":"derrotado-no-stf-bolsonaro-aposta-em-cartilha-trump-para-sobreviver-na-arena-politica","status":"publish","type":"post","link":"https:\/\/minutobahia24h.com.br\/?p=26627","title":{"rendered":"Derrotado no STF, Bolsonaro aposta em cartilha Trump para sobreviver na arena pol\u00edtica"},"content":{"rendered":"<div class=\"wp-block-image\">\n<figure class=\"aligncenter size-full\"><img data-recalc-dims=\"1\" fetchpriority=\"high\" decoding=\"async\" width=\"800\" height=\"534\" src=\"https:\/\/i0.wp.com\/minutobahia24h.com.br\/wp-content\/uploads\/2025\/03\/Sem-titulo-380.jpg?resize=800%2C534&#038;ssl=1\" alt=\"\" class=\"wp-image-26628\" srcset=\"https:\/\/i0.wp.com\/minutobahia24h.com.br\/wp-content\/uploads\/2025\/03\/Sem-titulo-380.jpg?w=887&amp;ssl=1 887w, https:\/\/i0.wp.com\/minutobahia24h.com.br\/wp-content\/uploads\/2025\/03\/Sem-titulo-380.jpg?resize=300%2C200&amp;ssl=1 300w, https:\/\/i0.wp.com\/minutobahia24h.com.br\/wp-content\/uploads\/2025\/03\/Sem-titulo-380.jpg?resize=768%2C513&amp;ssl=1 768w, https:\/\/i0.wp.com\/minutobahia24h.com.br\/wp-content\/uploads\/2025\/03\/Sem-titulo-380.jpg?resize=750%2C501&amp;ssl=1 750w\" sizes=\"(max-width: 800px) 100vw, 800px\" \/><figcaption class=\"wp-element-caption\">Jair Bolsonaro em coletiva no Senado Federal ap\u00f3s virar r\u00e9u \u2014 Foto: Brenno Carvalho \/ Ag\u00eancia O Globo<br><\/figcaption><\/figure>\n<\/div>\n\n\n<p>No mesmo dia em que o ex-presidente&nbsp;<a class=\"\" href=\"https:\/\/oglobo.globo.com\/tudo-sobre\/politico\/jair-messias-bolsonaro\">Jair Bolsonaro<\/a>&nbsp;se tornou r\u00e9u no Supremo Tribunal Federal (<a class=\"\" href=\"https:\/\/oglobo.globo.com\/tudo-sobre\/instituicao-governamental\/stf\">STF<\/a>) por golpe de Estado e outros quatro crimes, a Comiss\u00e3o de Rela\u00e7\u00f5es Exteriores da&nbsp;<a class=\"\" href=\"https:\/\/oglobo.globo.com\/tudo-sobre\/instituicao-governamental\/camara-dos-deputados\">C\u00e2mara dos Deputados<\/a>, comandada pelo bolsonarista Filipe Barros (<a class=\"\" href=\"https:\/\/oglobo.globo.com\/tudo-sobre\/partido-politico\/pl\/\">PL<\/a>-PR), aprovou a convoca\u00e7\u00e3o de um ex-assessor do primeiro governo de&nbsp;<a class=\"\" href=\"https:\/\/oglobo.globo.com\/tudo-sobre\/politico\/donald-trump\/\">Donald Trump<\/a>&nbsp;para esclarecer uma suposta interfer\u00eancia de uma ag\u00eancia americana nas elei\u00e7\u00f5es brasileiras.<\/p>\n\n\n\n<p>Michael Benz, que se apresenta como Mike Benz nas redes, ocupou um cargo de baixo escal\u00e3o no Departamento de Estado americano na primeira gest\u00e3o de Trump (2017-2021) e ganhou notoriedade entre bolsonaristas ap\u00f3s declarar \u2013 sem provas \u2013 que a Ag\u00eancia dos&nbsp;<a class=\"\" href=\"https:\/\/oglobo.globo.com\/tudo-sobre\/pais\/estados-unidos\">Estados Unidos<\/a>&nbsp;para o Desenvolvimento Internacional (USAid) agiu deliberadamente para for\u00e7ar a derrota de Bolsonaro nas elei\u00e7\u00f5es de 2022.<\/p>\n\n\n\n<p>Segundo Benz, o \u00f3rg\u00e3o americano financiou a aprova\u00e7\u00e3o de leis contra a desinforma\u00e7\u00e3o em v\u00e1rios pa\u00edses, e que programas de combate \u00e0s fake news do Tribunal Superior Eleitoral (<a class=\"\" href=\"https:\/\/oglobo.globo.com\/tudo-sobre\/instituicao-governamental\/tse\">TSE<\/a>) teriam servido para derrubar publica\u00e7\u00f5es do ent\u00e3o chefe de Estado brasileiro e aliados. Chegou, inclusive, a afirmar que \u201cse a USAid n\u00e3o existisse, Bolsonaro ainda seria presidente do&nbsp;<a class=\"\" href=\"https:\/\/oglobo.globo.com\/tudo-sobre\/pais\/brasil\">Brasil<\/a>\u201d.<\/p>\n\n\n\n<p>Desde ent\u00e3o, passou a ser replicado nas redes pelo ex-presidente e seu filho, o deputado federal licenciado\u00a0<a class=\"\" href=\"https:\/\/oglobo.globo.com\/tudo-sobre\/politico\/eduardo-bolsonaro\">Eduardo Bolsonaro<\/a>\u00a0(PL-SP), que assumiria a presid\u00eancia da Comiss\u00e3o de Rela\u00e7\u00f5es Exteriores n\u00e3o fosse sua decis\u00e3o de se afastar do mandato e permanecer nos Estados Unidos alegando-se um perseguido pol\u00edtico.<\/p>\n\n\n\n<p>A USAid j\u00e1 havia sido pano de fundo de outra viagem de Eduardo aos EUA em fevereiro. Na ocasi\u00e3o, o parlamentar, ainda no exerc\u00edcio do cargo, participou de uma rodada de reuni\u00f5es com parlamentares do Partido Republicano, legenda do presidente Donald Trump, em busca de dados sobre a agenda de investimentos no exterior.<\/p>\n\n\n\n<p>Desde que Trump elegeu a USAid como um de seus principais alvos no governo americano, Eduardo e outros bolsonaristas t\u00eam alimentado nas redes sociais e em canais da direita a tese de que a ag\u00eancia teria interferido na elei\u00e7\u00e3o presidencial brasileira de 2022 durante o governo&nbsp;<a class=\"\" href=\"https:\/\/oglobo.globo.com\/tudo-sobre\/politico\/joe-biden\/\">Joe Biden<\/a>&nbsp;com repasse de dinheiro para o TSE, a pretexto de combater a desinforma\u00e7\u00e3o e as fake news, quando a Corte era presidida por&nbsp;<a class=\"\" href=\"https:\/\/oglobo.globo.com\/tudo-sobre\/personalidade\/alexandre-de-moraes\/\">Alexandre de Moraes<\/a>.<\/p>\n\n\n\n<p>O requerimento de convoca\u00e7\u00e3o de Benz foi assinado pelo l\u00edder do PL na C\u00e2mara, S\u00f3stenes Cavalcante (PL), e foi abra\u00e7ado por Filipe Barros. Nas redes, o presidente da comiss\u00e3o destacou que a \u201csoberania brasileira, sempre unida \u00e0 vontade do povo, \u00e9 a nossa prioridade\u201d. O an\u00fancio foi elogiado por Eduardo, que afagou o aliado.<\/p>\n\n\n\n<p>\u201cParab\u00e9ns. Este tamb\u00e9m seria o primeiro requerimento a ser apreciado se eu presidisse a CREDN [Comiss\u00e3o de Rela\u00e7\u00f5es Exteriores]\u201d, escreveu no X.<\/p>\n\n\n\n<p>Em entrevista ao podcast Intelig\u00eancia Ltda na \u00faltima segunda-feira, o filho 03 de Bolsonaro disse ter articulado junto a Filipe Barros a prioriza\u00e7\u00e3o do requerimento, mesmo sem exercer o mandato.<\/p>\n\n\n\n<p>\u201cO poder que a gente exerce n\u00e3o depende de cargo ou diploma na parede. A gente continua jogando juntinho com o Filipe Barros, presidente da CREDN, e estamos para apreciar o requerimento na comiss\u00e3o para uma audi\u00eancia p\u00fablica onde participar\u00e1 o Mike Benz\u201d, declarou o deputado licenciado.<\/p>\n\n\n\n<p>\u201cQuem \u00e9 o Mike Benz? Mike Benz \u00e9 o protagonista que tem colocado no ventilador, em bom portugu\u00eas, tudo aquilo relativo a envio de dinheiro dos Estados Unidos para outros pa\u00edses, inclusive o Brasil, atrav\u00e9s de parcerias como a da USAid com o TSE\u201d, prosseguiu.<\/p>\n\n\n\n<p>Durante o podcast, Eduardo discorreu de forma gen\u00e9rica sobre como exatamente os investimentos da USAid teriam interferido nas elei\u00e7\u00f5es brasileiras. Citando Benz, alegou que o dinheiro teria financiado a \u201cdoutrina\u00e7\u00e3o de imprensa, reforma do Poder Judici\u00e1rio e conversas para o soft power [sic] junto a ju\u00edzes\u201d.<\/p>\n\n\n\n<p>\u201cJ\u00e1 come\u00e7am a aparecer alguns contratos, alguns milh\u00f5es de d\u00f3lares na mesa. A gente tem a perspectiva de que o Mike Benz possa vir pessoalmente ao Brasil para trazer mais novidades e aprofundar esse tipo de situa\u00e7\u00e3o\u201d, garantiu.<\/p>\n\n\n\n<h2 class=\"wp-block-heading\">Viagem aos EUA<\/h2>\n\n\n\n<p>No p\u00e9riplo pelos EUA em fevereiro em busca de dados da USAid, Eduardo se reuniu com os deputados trumpistas Chris Smith (Nova Jersey) e Mar\u00eda Elvira Salazar (Fl\u00f3rida), que s\u00e3o autores de um projeto de lei protocolado em outubro passado que pretende restringir a coopera\u00e7\u00e3o financeira e judicial entre \u00f3rg\u00e3os americanos e institui\u00e7\u00f5es do Brasil e barrar o financiamento a entidades voltadas para o combate \u00e0 desinforma\u00e7\u00e3o que venham a assessorar a&nbsp;<a class=\"\" href=\"https:\/\/oglobo.globo.com\/tudo-sobre\/assunto\/justica\">Justi\u00e7a<\/a>&nbsp;Eleitoral brasileira.<\/p>\n\n\n\n<p>Um dos exemplos da suposta interfer\u00eancia citados no projeto de lei dos&nbsp;<a class=\"\" href=\"https:\/\/oglobo.globo.com\/tudo-sobre\/partido-politico\/republicanos\/\">republicanos<\/a>&nbsp;\u00e9 a participa\u00e7\u00e3o do TSE em um estudo internacional contra as fake news financiado por um programa da USAid, al\u00e9m de um interc\u00e2mbio entre o tribunal e ONGs de combate \u00e0 desinforma\u00e7\u00e3o financiadas pela ag\u00eancia.<\/p>\n\n\n\n<p>Criada nos anos 60 durante o governo John Kennedy no contexto da Guerra Fria, a USAid destinou em 2023 US$ 40 bilh\u00f5es \u2013 o equivalente a R$ 235 bilh\u00f5es, ou apenas 1% do or\u00e7amento dos EUA \u2013 a doa\u00e7\u00f5es para 130 pa\u00edses. A ag\u00eancia opera em parceria com ONGs, entidades internacionais e governos nacionais em projetos que variam desde desafios de governan\u00e7a at\u00e9 o combate ao v\u00edrus HIV no continente africano.<\/p>\n\n\n\n<p>Trump, por\u00e9m, congelou os investimentos da USAid por 90 dias e acusou publicamente a entidade de vi\u00e9s ideol\u00f3gico. Al\u00e9m disso, n\u00e3o esconde o objetivo de desmantelar o \u00f3rg\u00e3o at\u00e9 o fim do seu governo, o que tamb\u00e9m \u00e9 defendido pelo bilion\u00e1rio Elon Musk, designado pelo presidente americano para chefiar o Departamento de Efici\u00eancia Governamental com o objetivo de economizar US$ 2 trilh\u00f5es e remodelar a m\u00e1quina p\u00fablica dos EUA.<\/p>\n\n\n\n<p>A iniciativa, por\u00e9m, tem sido questionada nos tribunais americanos e pode acabar derrubada como outras medidas controversas do segundo governo Trump.<\/p>\n","protected":false},"excerpt":{"rendered":"<p>No mesmo dia em que o ex-presidente&nbsp;Jair Bolsonaro&nbsp;se tornou r\u00e9u no Supremo Tribunal Federal (STF) por golpe de Estado e outros quatro crimes, a Comiss\u00e3o de Rela\u00e7\u00f5es Exteriores da&nbsp;C\u00e2mara dos Deputados, comandada pelo bolsonarista Filipe Barros (PL-PR), aprovou a convoca\u00e7\u00e3o de um ex-assessor do primeiro governo de&nbsp;Donald Trump&nbsp;para esclarecer uma suposta interfer\u00eancia de uma ag\u00eancia [&hellip;]<\/p>\n","protected":false},"author":2,"featured_media":26628,"comment_status":"open","ping_status":"open","sticky":false,"template":"","format":"standard","meta":{"_jetpack_memberships_contains_paid_content":false,"footnotes":""},"categories":[39],"tags":[],"class_list":["post-26627","post","type-post","status-publish","format-standard","has-post-thumbnail","hentry","category-politica"],"aioseo_notices":[],"jetpack_featured_media_url":"https:\/\/i0.wp.com\/minutobahia24h.com.br\/wp-content\/uploads\/2025\/03\/Sem-titulo-380.jpg?fit=887%2C592&ssl=1","jetpack_sharing_enabled":true,"_links":{"self":[{"href":"https:\/\/minutobahia24h.com.br\/index.php?rest_route=\/wp\/v2\/posts\/26627","targetHints":{"allow":["GET"]}}],"collection":[{"href":"https:\/\/minutobahia24h.com.br\/index.php?rest_route=\/wp\/v2\/posts"}],"about":[{"href":"https:\/\/minutobahia24h.com.br\/index.php?rest_route=\/wp\/v2\/types\/post"}],"author":[{"embeddable":true,"href":"https:\/\/minutobahia24h.com.br\/index.php?rest_route=\/wp\/v2\/users\/2"}],"replies":[{"embeddable":true,"href":"https:\/\/minutobahia24h.com.br\/index.php?rest_route=%2Fwp%2Fv2%2Fcomments&post=26627"}],"version-history":[{"count":1,"href":"https:\/\/minutobahia24h.com.br\/index.php?rest_route=\/wp\/v2\/posts\/26627\/revisions"}],"predecessor-version":[{"id":26629,"href":"https:\/\/minutobahia24h.com.br\/index.php?rest_route=\/wp\/v2\/posts\/26627\/revisions\/26629"}],"wp:featuredmedia":[{"embeddable":true,"href":"https:\/\/minutobahia24h.com.br\/index.php?rest_route=\/wp\/v2\/media\/26628"}],"wp:attachment":[{"href":"https:\/\/minutobahia24h.com.br\/index.php?rest_route=%2Fwp%2Fv2%2Fmedia&parent=26627"}],"wp:term":[{"taxonomy":"category","embeddable":true,"href":"https:\/\/minutobahia24h.com.br\/index.php?rest_route=%2Fwp%2Fv2%2Fcategories&post=26627"},{"taxonomy":"post_tag","embeddable":true,"href":"https:\/\/minutobahia24h.com.br\/index.php?rest_route=%2Fwp%2Fv2%2Ftags&post=26627"}],"curies":[{"name":"wp","href":"https:\/\/api.w.org\/{rel}","templated":true}]}}