{"id":26624,"date":"2025-03-27T08:13:41","date_gmt":"2025-03-27T11:13:41","guid":{"rendered":"https:\/\/minutobahia24h.com.br\/?p=26624"},"modified":"2025-03-27T08:13:42","modified_gmt":"2025-03-27T11:13:42","slug":"lei-larissa-manoela-entenda-projeto-que-pode-limitar-acesso-dos-pais-a-dinheiro-dos-filhos","status":"publish","type":"post","link":"https:\/\/minutobahia24h.com.br\/?p=26624","title":{"rendered":"&#8216;Lei Larissa Manoela&#8217;: entenda projeto que pode limitar acesso dos pais a dinheiro dos filhos"},"content":{"rendered":"\n<p>A\u00a0<a class=\"\" href=\"https:\/\/g1.globo.com\/tudo-sobre\/camara-dos-deputados\/\">C\u00e2mara dos Deputados<\/a>\u00a0aprovou na ter\u00e7a-feira (25) um projeto que\u00a0descreve condutas abusivas dos pais na administra\u00e7\u00e3o dos bens dos filhos e permite \u00e0 Justi\u00e7a limitar o acesso a esses recursos para proteger o interesse de crian\u00e7as e adolescentes.<\/p>\n\n\n<div class=\"wp-block-image\">\n<figure class=\"aligncenter size-full\"><img data-recalc-dims=\"1\" fetchpriority=\"high\" decoding=\"async\" width=\"800\" height=\"452\" src=\"https:\/\/i0.wp.com\/minutobahia24h.com.br\/wp-content\/uploads\/2025\/03\/Sem-titulo-379.jpg?resize=800%2C452&#038;ssl=1\" alt=\"\" class=\"wp-image-26625\" srcset=\"https:\/\/i0.wp.com\/minutobahia24h.com.br\/wp-content\/uploads\/2025\/03\/Sem-titulo-379.jpg?w=984&amp;ssl=1 984w, https:\/\/i0.wp.com\/minutobahia24h.com.br\/wp-content\/uploads\/2025\/03\/Sem-titulo-379.jpg?resize=300%2C170&amp;ssl=1 300w, https:\/\/i0.wp.com\/minutobahia24h.com.br\/wp-content\/uploads\/2025\/03\/Sem-titulo-379.jpg?resize=768%2C434&amp;ssl=1 768w, https:\/\/i0.wp.com\/minutobahia24h.com.br\/wp-content\/uploads\/2025\/03\/Sem-titulo-379.jpg?resize=750%2C424&amp;ssl=1 750w\" sizes=\"(max-width: 800px) 100vw, 800px\" \/><figcaption class=\"wp-element-caption\">Larissa Manoela \u2014 Foto: Reprodu\u00e7\u00e3o\/TV Globo<br><\/figcaption><\/figure>\n<\/div>\n\n\n<p>O texto agora segue para o\u00a0<a class=\"\" href=\"https:\/\/g1.globo.com\/tudo-sobre\/senado-federal\/\">Senado<\/a>\u00a0e, se aprovado, vai para san\u00e7\u00e3o do presidente Luiz In\u00e1cio Lula da Silva. <\/p>\n\n\n\n<p>A proposta foi inspirada na cantora e atriz&nbsp;<a class=\"\" href=\"https:\/\/g1.globo.com\/tudo-sobre\/larissa-manoela\/\">Larissa Manoela<\/a>. O projeto foi protocolado um dia depois de&nbsp;<a class=\"\" href=\"https:\/\/g1.globo.com\/fantastico\/noticia\/2023\/08\/14\/larissa-manoela-no-fantastico-veja-entrevista-completa.ghtml\">a artista revelar, em entrevista ao&nbsp;<strong>Fant\u00e1stico<\/strong>, que estava abrindo m\u00e3o de todo o dinheiro que acumulou em 18 anos de carreira por causa de uma briga com o pai e a m\u00e3e.<\/a><\/p>\n\n\n\n<p><strong>A artista abriu m\u00e3o de patrim\u00f4nio estimado em R$ 18 milh\u00f5es.&nbsp;<\/strong>Ela contou que n\u00e3o tinha acesso no dia a dia ao pr\u00f3prio dinheiro e relatou brigas envolvendo, entre outras coisas, pedidos negados de transfer\u00eancia por PIX.<\/p>\n\n\n\n<h2 class=\"wp-block-heading\">O que diz o projeto?<\/h2>\n\n\n\n<p>O texto fala sobre o direito de crian\u00e7as e adolescentes \u00e0 prote\u00e7\u00e3o contra condutas abusivas dos pais ou de pessoas que administram os bens dos menores, independente da origem dos recursos (como atividades art\u00edsticas, esportivas ou intelectuais, entre outras).<\/p>\n\n\n\n<h2 class=\"wp-block-heading\">Como \u00e9 definida a conduta abusiva?<\/h2>\n\n\n\n<p>Conforme o projeto,&nbsp;<strong>a conduta abusiva dos pais ser\u00e1 configurada por meio da utiliza\u00e7\u00e3o indiscriminada, a veda\u00e7\u00e3o do acesso, sem justo motivo, ao proveito econ\u00f4mico obtido pela crian\u00e7a ou adolescente e a apropria\u00e7\u00e3o indevida dos recursos.<\/strong><\/p>\n\n\n\n<p>Ainda de acordo com a proposta, a gest\u00e3o patrimonial da crian\u00e7a ou do adolescente deve ser realizada de forma respons\u00e1vel e atender aos interesses dos menores, \u00e0 sua forma\u00e7\u00e3o e ao seu bem-estar.<\/p>\n\n\n\n<figure class=\"wp-block-image\"><img data-recalc-dims=\"1\" decoding=\"async\" src=\"https:\/\/i0.wp.com\/s2-g1.glbimg.com\/84aqW2za17XUuuA4sV4OCs-QLBw%3D\/0x0%3A700x466\/984x0\/smart\/filters%3Astrip_icc%28%29\/i.s3.glbimg.com\/v1\/AUTH_59edd422c0c84a879bd37670ae4f538a\/internal_photos\/bs\/2023\/k\/5\/flof36TVq9rvR44BsO6g\/larissa-manoela-com-os-pais.jpg?w=800&#038;ssl=1\" alt=\"A atriz Larissa Manoela ao lado dos pais \u2014 Foto: Instagram\/Reprodu\u00e7\u00e3o\"\/><\/figure>\n\n\n\n<p>A atriz Larissa Manoela ao lado dos pais \u2014 Foto: Instagram\/Reprodu\u00e7\u00e3o<\/p>\n\n\n\n<h2 class=\"wp-block-heading\">Os pais v\u00e3o precisar prestar contas?<\/h2>\n\n\n\n<p>Sim. De acordo com o projeto,&nbsp;<strong>a gest\u00e3o do patrim\u00f4nio dos filhos dever\u00e1 observar os princ\u00edpios da legalidade e transpar\u00eancia, com a presta\u00e7\u00e3o de contas, no m\u00ednimo, a cada dois anos, ou nos termos de decis\u00e3o judicial.<\/strong><\/p>\n\n\n\n<h2 class=\"wp-block-heading\">A Justi\u00e7a pode limitar o acesso ao patrim\u00f4nio?<\/h2>\n\n\n\n<p>Se identificada a conduta abusiva na gest\u00e3o patrimonial, a Justi\u00e7a poder\u00e1 tomar tr\u00eas decis\u00f5es:<\/p>\n\n\n\n<ul class=\"wp-block-list\">\n<li>restringir o acesso dos pais aos recursos financeiros oriundos das atividades da crian\u00e7a ou do adolescente;<\/li>\n\n\n\n<li>criar uma reserva especial de parcela dos recursos financeiros provenientes das atividades dos menores;<\/li>\n\n\n\n<li>realizar auditoria peri\u00f3dica nas contas, bens e investimentos relacionados a recursos oriundos das atividades da crian\u00e7a ou do adolescente.<\/li>\n<\/ul>\n\n\n\n<h2 class=\"wp-block-heading\">O texto obriga os pais a apresentar uma cau\u00e7\u00e3o?<\/h2>\n\n\n\n<p>No caso de amea\u00e7a ao patrim\u00f4nio dos filhos,&nbsp;<strong>sim<\/strong>. A proposta altera o C\u00f3digo Civil, para condicionar a continua\u00e7\u00e3o da administra\u00e7\u00e3o dos bens do filho pelos pais \u00e0 presta\u00e7\u00e3o de cau\u00e7\u00e3o ou fian\u00e7a id\u00f4nea.<\/p>\n","protected":false},"excerpt":{"rendered":"<p>A\u00a0C\u00e2mara dos Deputados\u00a0aprovou na ter\u00e7a-feira (25) um projeto que\u00a0descreve condutas abusivas dos pais na administra\u00e7\u00e3o dos bens dos filhos e permite \u00e0 Justi\u00e7a limitar o acesso a esses recursos para proteger o interesse de crian\u00e7as e adolescentes. O texto agora segue para o\u00a0Senado\u00a0e, se aprovado, vai para san\u00e7\u00e3o do presidente Luiz In\u00e1cio Lula da Silva. [&hellip;]<\/p>\n","protected":false},"author":2,"featured_media":26625,"comment_status":"open","ping_status":"open","sticky":false,"template":"","format":"standard","meta":{"_jetpack_memberships_contains_paid_content":false,"footnotes":""},"categories":[39],"tags":[],"class_list":["post-26624","post","type-post","status-publish","format-standard","has-post-thumbnail","hentry","category-politica"],"aioseo_notices":[],"jetpack_featured_media_url":"https:\/\/i0.wp.com\/minutobahia24h.com.br\/wp-content\/uploads\/2025\/03\/Sem-titulo-379.jpg?fit=984%2C556&ssl=1","jetpack_sharing_enabled":true,"_links":{"self":[{"href":"https:\/\/minutobahia24h.com.br\/index.php?rest_route=\/wp\/v2\/posts\/26624","targetHints":{"allow":["GET"]}}],"collection":[{"href":"https:\/\/minutobahia24h.com.br\/index.php?rest_route=\/wp\/v2\/posts"}],"about":[{"href":"https:\/\/minutobahia24h.com.br\/index.php?rest_route=\/wp\/v2\/types\/post"}],"author":[{"embeddable":true,"href":"https:\/\/minutobahia24h.com.br\/index.php?rest_route=\/wp\/v2\/users\/2"}],"replies":[{"embeddable":true,"href":"https:\/\/minutobahia24h.com.br\/index.php?rest_route=%2Fwp%2Fv2%2Fcomments&post=26624"}],"version-history":[{"count":1,"href":"https:\/\/minutobahia24h.com.br\/index.php?rest_route=\/wp\/v2\/posts\/26624\/revisions"}],"predecessor-version":[{"id":26626,"href":"https:\/\/minutobahia24h.com.br\/index.php?rest_route=\/wp\/v2\/posts\/26624\/revisions\/26626"}],"wp:featuredmedia":[{"embeddable":true,"href":"https:\/\/minutobahia24h.com.br\/index.php?rest_route=\/wp\/v2\/media\/26625"}],"wp:attachment":[{"href":"https:\/\/minutobahia24h.com.br\/index.php?rest_route=%2Fwp%2Fv2%2Fmedia&parent=26624"}],"wp:term":[{"taxonomy":"category","embeddable":true,"href":"https:\/\/minutobahia24h.com.br\/index.php?rest_route=%2Fwp%2Fv2%2Fcategories&post=26624"},{"taxonomy":"post_tag","embeddable":true,"href":"https:\/\/minutobahia24h.com.br\/index.php?rest_route=%2Fwp%2Fv2%2Ftags&post=26624"}],"curies":[{"name":"wp","href":"https:\/\/api.w.org\/{rel}","templated":true}]}}