{"id":26621,"date":"2025-03-27T08:11:54","date_gmt":"2025-03-27T11:11:54","guid":{"rendered":"https:\/\/minutobahia24h.com.br\/?p=26621"},"modified":"2025-03-27T08:11:56","modified_gmt":"2025-03-27T11:11:56","slug":"coreia-do-sul-admite-ter-exportado-criancas-para-adocao-como-se-fossem-bagagem-por-decadas","status":"publish","type":"post","link":"https:\/\/minutobahia24h.com.br\/?p=26621","title":{"rendered":"Coreia do Sul admite ter &#8216;exportado&#8217; crian\u00e7as para ado\u00e7\u00e3o como se fossem &#8216;bagagem&#8217; por d\u00e9cadas"},"content":{"rendered":"<div class=\"wp-block-image\">\n<figure class=\"aligncenter size-full\"><img data-recalc-dims=\"1\" fetchpriority=\"high\" decoding=\"async\" width=\"800\" height=\"533\" src=\"https:\/\/i0.wp.com\/minutobahia24h.com.br\/wp-content\/uploads\/2025\/03\/Sem-titulo-378.jpg?resize=800%2C533&#038;ssl=1\" alt=\"\" class=\"wp-image-26622\" srcset=\"https:\/\/i0.wp.com\/minutobahia24h.com.br\/wp-content\/uploads\/2025\/03\/Sem-titulo-378.jpg?w=984&amp;ssl=1 984w, https:\/\/i0.wp.com\/minutobahia24h.com.br\/wp-content\/uploads\/2025\/03\/Sem-titulo-378.jpg?resize=300%2C200&amp;ssl=1 300w, https:\/\/i0.wp.com\/minutobahia24h.com.br\/wp-content\/uploads\/2025\/03\/Sem-titulo-378.jpg?resize=768%2C512&amp;ssl=1 768w, https:\/\/i0.wp.com\/minutobahia24h.com.br\/wp-content\/uploads\/2025\/03\/Sem-titulo-378.jpg?resize=750%2C500&amp;ssl=1 750w\" sizes=\"(max-width: 800px) 100vw, 800px\" \/><figcaption class=\"wp-element-caption\">A presidente da Comiss\u00e3o de Verdade e Reconcilia\u00e7\u00e3o, Park Sun Young (\u00e0 direita), conforta a adotada Yooree Kim durante uma coletiva de imprensa \u2014 Foto: AP Photo\/Ahn Young-joon<br><br><\/figcaption><\/figure>\n<\/div>\n\n\n<p>Ag\u00eancias de ado\u00e7\u00e3o da\u00a0<a class=\"\" href=\"https:\/\/g1.globo.com\/tudo-sobre\/coreia-do-sul\/\">Coreia do Sul<\/a>\u00a0enviaram crian\u00e7as para outros pa\u00edses como se fossem &#8220;bagagem&#8221; por d\u00e9cadas, revelou uma comiss\u00e3o que investigou o caso nesta quarta-feira (26). Algumas crian\u00e7as foram registradas como \u00f3rf\u00e3s pelas ag\u00eancias, mesmo tendo pais. Al\u00e9m disso, em casos de beb\u00eas que morreram antes da viagem, outras crian\u00e7as foram enviadas no lugar, segundo as autoridades.<\/p>\n\n\n\n<p>Ap\u00f3s dois anos de apura\u00e7\u00e3o, a Comiss\u00e3o de Verdade e Reconcilia\u00e7\u00e3o recomendou que o governo fa\u00e7a um pedido de desculpas oficial. O relat\u00f3rio tamb\u00e9m sugere novas investiga\u00e7\u00f5es e medidas de repara\u00e7\u00e3o para as v\u00edtimas.<\/p>\n\n\n\n<p>A comiss\u00e3o encontrou viola\u00e7\u00f5es de direitos humanos em pelo menos 56 casos. A investiga\u00e7\u00e3o analisou um grupo de 367 crian\u00e7as enviadas para ado\u00e7\u00e3o no exterior entre 1964 e 1999.<\/p>\n\n\n\n<p>Esses menores foram adotados por fam\u00edlias em 11 pa\u00edses, incluindo Estados Unidos, Fran\u00e7a, Dinamarca e Su\u00e9cia.<\/p>\n\n\n\n<p>No relat\u00f3rio, a comiss\u00e3o divulgou uma foto de beb\u00eas enrolados em cobertores e presos a assentos de avi\u00e3o em 1984. A imagem foi publicada com o t\u00edtulo: &#8220;Crian\u00e7as enviadas ao exterior como bagagem&#8221;.<\/p>\n\n\n\n<p>Segundo o documento, as ag\u00eancias de ado\u00e7\u00e3o da Coreia do Sul cumpriam metas mensais de envio estabelecidas por institui\u00e7\u00f5es estrangeiras.<\/p>\n\n\n\n<blockquote class=\"wp-block-quote is-layout-flow wp-block-quote-is-layout-flow\">\n<p>&#8220;Por quase 50 anos ap\u00f3s a Guerra da Coreia, o governo priorizou a ado\u00e7\u00e3o internacional como uma alternativa de baixo custo ao fortalecimento das pol\u00edticas nacionais de bem-estar infantil&#8221;, afirmou a comiss\u00e3o.<\/p>\n<\/blockquote>\n\n\n\n<p>As autoridades sul-coreanas n\u00e3o fiscalizaram o sistema e nem impediram irregularidades. A comiss\u00e3o identificou registros fraudulentos de crian\u00e7as como \u00f3rf\u00e3s, falsifica\u00e7\u00e3o de identidades e falhas na sele\u00e7\u00e3o de fam\u00edlias adotivas.<\/p>\n\n\n\n<p>A comiss\u00e3o foi criada por uma lei do Parlamento em 2020. Oito integrantes foram indicados pelo governo e por partidos de oposi\u00e7\u00e3o.<\/p>\n\n\n\n<p>Al\u00e9m do pedido de desculpas, a comiss\u00e3o recomendou um levantamento sobre a situa\u00e7\u00e3o de cidadania dos adotados. Tamb\u00e9m sugeriu a cria\u00e7\u00e3o de medidas para reparar v\u00edtimas que tiveram a identidade falsificada, a ratifica\u00e7\u00e3o da Conven\u00e7\u00e3o de Haia sobre ado\u00e7\u00e3o e o compromisso das ag\u00eancias em restaurar os direitos dessas pessoas.<\/p>\n\n\n\n<p>&#8220;Essas viola\u00e7\u00f5es nunca deveriam ter ocorrido&#8221;, afirmou Park Sun-young, presidente da comiss\u00e3o. &#8220;Precisamos nos unir \u2014 tanto os pa\u00edses que adotaram quanto os pr\u00f3prios adotados \u2014 para lidar com as crises de identidade que muitos enfrentam.&#8221;<\/p>\n\n\n\n<p><\/p>\n","protected":false},"excerpt":{"rendered":"<p>Ag\u00eancias de ado\u00e7\u00e3o da\u00a0Coreia do Sul\u00a0enviaram crian\u00e7as para outros pa\u00edses como se fossem &#8220;bagagem&#8221; por d\u00e9cadas, revelou uma comiss\u00e3o que investigou o caso nesta quarta-feira (26). Algumas crian\u00e7as foram registradas como \u00f3rf\u00e3s pelas ag\u00eancias, mesmo tendo pais. Al\u00e9m disso, em casos de beb\u00eas que morreram antes da viagem, outras crian\u00e7as foram enviadas no lugar, segundo [&hellip;]<\/p>\n","protected":false},"author":2,"featured_media":26622,"comment_status":"open","ping_status":"open","sticky":false,"template":"","format":"standard","meta":{"_jetpack_memberships_contains_paid_content":false,"footnotes":""},"categories":[15],"tags":[],"class_list":["post-26621","post","type-post","status-publish","format-standard","has-post-thumbnail","hentry","category-mundo"],"aioseo_notices":[],"jetpack_featured_media_url":"https:\/\/i0.wp.com\/minutobahia24h.com.br\/wp-content\/uploads\/2025\/03\/Sem-titulo-378.jpg?fit=984%2C656&ssl=1","jetpack_sharing_enabled":true,"_links":{"self":[{"href":"https:\/\/minutobahia24h.com.br\/index.php?rest_route=\/wp\/v2\/posts\/26621","targetHints":{"allow":["GET"]}}],"collection":[{"href":"https:\/\/minutobahia24h.com.br\/index.php?rest_route=\/wp\/v2\/posts"}],"about":[{"href":"https:\/\/minutobahia24h.com.br\/index.php?rest_route=\/wp\/v2\/types\/post"}],"author":[{"embeddable":true,"href":"https:\/\/minutobahia24h.com.br\/index.php?rest_route=\/wp\/v2\/users\/2"}],"replies":[{"embeddable":true,"href":"https:\/\/minutobahia24h.com.br\/index.php?rest_route=%2Fwp%2Fv2%2Fcomments&post=26621"}],"version-history":[{"count":1,"href":"https:\/\/minutobahia24h.com.br\/index.php?rest_route=\/wp\/v2\/posts\/26621\/revisions"}],"predecessor-version":[{"id":26623,"href":"https:\/\/minutobahia24h.com.br\/index.php?rest_route=\/wp\/v2\/posts\/26621\/revisions\/26623"}],"wp:featuredmedia":[{"embeddable":true,"href":"https:\/\/minutobahia24h.com.br\/index.php?rest_route=\/wp\/v2\/media\/26622"}],"wp:attachment":[{"href":"https:\/\/minutobahia24h.com.br\/index.php?rest_route=%2Fwp%2Fv2%2Fmedia&parent=26621"}],"wp:term":[{"taxonomy":"category","embeddable":true,"href":"https:\/\/minutobahia24h.com.br\/index.php?rest_route=%2Fwp%2Fv2%2Fcategories&post=26621"},{"taxonomy":"post_tag","embeddable":true,"href":"https:\/\/minutobahia24h.com.br\/index.php?rest_route=%2Fwp%2Fv2%2Ftags&post=26621"}],"curies":[{"name":"wp","href":"https:\/\/api.w.org\/{rel}","templated":true}]}}