{"id":26572,"date":"2025-03-26T14:25:30","date_gmt":"2025-03-26T17:25:30","guid":{"rendered":"https:\/\/minutobahia24h.com.br\/?p=26572"},"modified":"2025-03-26T14:25:32","modified_gmt":"2025-03-26T17:25:32","slug":"bolsonaro-vira-reu-por-tentativa-de-golpe-de-estado-com-unanimidade-dos-votos-na-1a-turma-do-stf","status":"publish","type":"post","link":"https:\/\/minutobahia24h.com.br\/?p=26572","title":{"rendered":"Bolsonaro vira r\u00e9u por tentativa de golpe de Estado com unanimidade dos votos na 1\u00aa Turma do STF"},"content":{"rendered":"\n<p>A Primeira Turma do Supremo Tribunal Federal (STF) decidiu por unanimidade nesta quarta-feira (26) tornar r\u00e9us o ex-presidente Jair Bolsonaro e mais sete aliados por tentativa de golpe de Estado em 2022. Os cinco ministros votaram para aceitar a den\u00fancia apresentada pela Procuradoria-Geral da Rep\u00fablica (PGR). Os votos foram dos ministros\u00a0<a class=\"\" href=\"https:\/\/g1.globo.com\/tudo-sobre\/alexandre-de-moraes\/\">Alexandre de Moraes<\/a>\u00a0(relator), Fl\u00e1vio Dino,\u00a0<a class=\"\" href=\"https:\/\/g1.globo.com\/tudo-sobre\/luiz-fux\/\">Luiz Fux<\/a>\u00a0e\u00a0<a class=\"\" href=\"https:\/\/g1.globo.com\/tudo-sobre\/carmen-lucia\/\">C\u00e1rmen L\u00facia<\/a>,\u00a0<a class=\"\" href=\"https:\/\/g1.globo.com\/tudo-sobre\/cristiano-zanin\/\">Cristiano Zanin<\/a>. Agora, os acusados passar\u00e3o a responder a um processo penal \u2014 que pode levar a condena\u00e7\u00f5es com penas de pris\u00e3o (entenda mais abaixo).<\/p>\n\n\n<div class=\"wp-block-image\">\n<figure class=\"aligncenter size-full\"><img data-recalc-dims=\"1\" fetchpriority=\"high\" decoding=\"async\" width=\"800\" height=\"533\" src=\"https:\/\/i0.wp.com\/minutobahia24h.com.br\/wp-content\/uploads\/2025\/03\/Sem-titulo-362.jpg?resize=800%2C533&#038;ssl=1\" alt=\"\" class=\"wp-image-26573\" srcset=\"https:\/\/i0.wp.com\/minutobahia24h.com.br\/wp-content\/uploads\/2025\/03\/Sem-titulo-362.jpg?w=984&amp;ssl=1 984w, https:\/\/i0.wp.com\/minutobahia24h.com.br\/wp-content\/uploads\/2025\/03\/Sem-titulo-362.jpg?resize=300%2C200&amp;ssl=1 300w, https:\/\/i0.wp.com\/minutobahia24h.com.br\/wp-content\/uploads\/2025\/03\/Sem-titulo-362.jpg?resize=768%2C512&amp;ssl=1 768w, https:\/\/i0.wp.com\/minutobahia24h.com.br\/wp-content\/uploads\/2025\/03\/Sem-titulo-362.jpg?resize=750%2C500&amp;ssl=1 750w\" sizes=\"(max-width: 800px) 100vw, 800px\" \/><figcaption class=\"wp-element-caption\">Bolsonaro no Aeroporto de Bras\u00edlia em 6 de mar\u00e7o de 2025 \u2014 Foto: Adriano Machado\/Reuters<br><\/figcaption><\/figure>\n<\/div>\n\n\n<p>Quem s\u00e3o os denunciados que se tornaram r\u00e9us:<\/p>\n\n\n\n<ul class=\"wp-block-list\">\n<li><strong>Jair Bolsonaro<\/strong>, ex-presidente da Rep\u00fablica;<\/li>\n\n\n\n<li><strong>Alexandre Ramagem<\/strong>, ex-diretor da Abin;<\/li>\n\n\n\n<li><strong>Almir Garnier<\/strong>, ex-comandante da Marinha;<\/li>\n\n\n\n<li><strong>Anderson Torres<\/strong>, ex-ministro da Justi\u00e7a;<\/li>\n\n\n\n<li><strong>Augusto Heleno<\/strong>, ex-ministro do GSI;<\/li>\n\n\n\n<li><strong>Mauro Cid<\/strong>, ex-ajudante de ordens da Presid\u00eancia;<\/li>\n\n\n\n<li><strong>Paulo S\u00e9rgio Nogueira<\/strong>, ex-ministro da Defesa;<\/li>\n\n\n\n<li><strong>Braga Netto<\/strong>, ex-ministro da Casa Civil de Bolsonaro.<\/li>\n<\/ul>\n\n\n\n<p>Esses oito nomes comp\u00f5em o chamado &#8220;n\u00facleo crucial&#8221; da tentativa de ruptura democr\u00e1tica, segundo a PGR.<\/p>\n\n\n\n<h2 class=\"wp-block-heading\">O voto de Alexandre de Moraes<\/h2>\n\n\n\n<p>Relator da a\u00e7\u00e3o, Moraes foi o primeiro a votar, em um longo voto de 1h50min. Ele defendeu o recebimento da den\u00fancia contra os oito investigados e destacou que:<\/p>\n\n\n\n<ul class=\"wp-block-list\">\n<li>H\u00e1 descri\u00e7\u00e3o satisfat\u00f3ria da organiza\u00e7\u00e3o criminosa, com divis\u00e3o de tarefas e hierarquia;<\/li>\n\n\n\n<li>Bolsonaro liderou uma estrutura que usou mentiras sobre o sistema eleitoral para instigar o golpe;<\/li>\n\n\n\n<li>O grupo agiu de forma coordenada at\u00e9 janeiro de 2023, buscando abalar o Estado Democr\u00e1tico de Direito;<\/li>\n\n\n\n<li>&#8220;N\u00e3o houve um domingo no parque&#8221;, disse Moraes, ao exibir v\u00eddeos da invas\u00e3o aos Tr\u00eas Poderes no 8 de Janeiro;<\/li>\n\n\n\n<li>Afirmou que, mesmo ap\u00f3s a derrota nas urnas, Bolsonaro mandou que os militares publicassem notas t\u00e9cnicas para manter seus apoiadores nos quart\u00e9is;<\/li>\n\n\n\n<li>Disse que o ent\u00e3o presidente &#8220;manuseava e discutiu a minuta do golpe&#8221;;<\/li>\n\n\n\n<li>E destacou: &#8220;At\u00e9 a m\u00e1fia poupa familiares. A organiza\u00e7\u00e3o criminosa em quest\u00e3o n\u00e3o teve esse pudor.&#8221;<\/li>\n<\/ul>\n\n\n\n<h2 class=\"wp-block-heading\">O voto de Fl\u00e1vio Dino<\/h2>\n\n\n\n<p>Em seguida, o ministro Fl\u00e1vio Dino tamb\u00e9m votou pelo recebimento da den\u00fancia e afirmou que:<\/p>\n\n\n\n<ul class=\"wp-block-list\">\n<li>As defesas n\u00e3o negaram a tentativa de golpe, mas buscaram isentar seus clientes de responsabilidade;<\/li>\n\n\n\n<li>Disse que a materialidade dos crimes est\u00e1 evidente e refor\u00e7ou:<\/li>\n<\/ul>\n\n\n\n<p>\u201cHouve viol\u00eancia e poderia ter produzido danos de enorme propor\u00e7\u00e3o. A conduta \u00e9 tentar. Se fosse consumado, n\u00e3o teria ju\u00edzes pra julgar\u201d;<\/p>\n\n\n\n<ul class=\"wp-block-list\">\n<li>Ressaltou que o caso exige debate em instru\u00e7\u00e3o processual para avaliar se algu\u00e9m desistiu do plano no caminho;<\/li>\n\n\n\n<li>Concluiu que o acervo probat\u00f3rio apresentado pela PGR \u00e9 robusto e atende aos requisitos legais para abertura da a\u00e7\u00e3o penal.<\/li>\n<\/ul>\n\n\n\n<h2 class=\"wp-block-heading\">O voto de Luiz Fux<\/h2>\n\n\n\n<p>O ministro Luiz Fux tamb\u00e9m votou a favor do recebimento da den\u00fancia, consolidando a maioria. No entanto, divergiu dos colegas quanto ao local de julgamento, defendendo que a an\u00e1lise fosse feita pelo plen\u00e1rio do STF, e n\u00e3o pela Primeira Turma.<\/p>\n\n\n\n<p>Veja os principais pontos do voto de Fux:<\/p>\n\n\n\n<ul class=\"wp-block-list\">\n<li>Ressaltou a import\u00e2ncia da democracia e lembrou sua atua\u00e7\u00e3o como presidente do STF durante a pandemia. Mencionou que, mesmo em momentos de tens\u00e3o, manifesta\u00e7\u00f5es na Pra\u00e7a dos Tr\u00eas Poderes ocorreram sem incidentes, ao contr\u00e1rio do que se viu nos atos golpistas.<\/li>\n<\/ul>\n\n\n\n<p>\u201cN\u00e3o se pode, de forma alguma, dizer que n\u00e3o aconteceu nada\u201d, afirmou.<\/p>\n\n\n\n<ul class=\"wp-block-list\">\n<li>Endossou o voto de Alexandre de Moraes, dizendo que o relator deixou claro quem fez o qu\u00ea.<\/li>\n<\/ul>\n\n\n\n<p>\u201cO ministro Alexandre esclareceu quem fez o qu\u00ea\u201d, declarou.<\/p>\n\n\n\n<ul class=\"wp-block-list\">\n<li>Sobre os crimes imputados pela PGR, reconheceu a possibilidade de que haja sobreposi\u00e7\u00e3o entre os tipos penais (golpe de Estado e aboli\u00e7\u00e3o violenta do Estado Democr\u00e1tico de Direito), mas que isso ser\u00e1 analisado ao longo da instru\u00e7\u00e3o.<\/li>\n<\/ul>\n\n\n\n<p>\u201c\u00c9 poss\u00edvel que haja o mesmo fato, coincid\u00eancia de ambas as normas. Mas tamb\u00e9m \u00e9 poss\u00edvel que, no curso da instru\u00e7\u00e3o, se chegue \u00e0 conclus\u00e3o de que h\u00e1, na verdade, um conflito aparente\u201d.<\/p>\n\n\n\n<ul class=\"wp-block-list\">\n<li>Destacou que atos preparat\u00f3rios e tentativa s\u00e3o fases normais no caminho do crime, e que o julgamento aprofundado depende do recebimento da den\u00fancia.<\/li>\n<\/ul>\n\n\n\n<p>\u201cTodo crime tem atos preparat\u00f3rios. Todo crime tem tentativa. Est\u00e1 na lei. Ent\u00e3o, tudo isso vai ser avaliado\u201d.<\/p>\n\n\n\n<ul class=\"wp-block-list\">\n<li>Defendeu que o julgamento deve considerar o contexto dos atos e das pessoas envolvidas, especialmente na dosimetria da pena. Citou o caso de uma mulher que pichou a est\u00e1tua da Justi\u00e7a e anunciou que revisar\u00e1 sua pena:<\/li>\n<\/ul>\n\n\n\n<p>\u201cEu quero analisar o contexto em que se encontrava essa senhora\u201d.<\/p>\n\n\n\n<h2 class=\"wp-block-heading\">Voto de C\u00e1rmen L\u00facia<\/h2>\n\n\n\n<p>Em seu voto, a ministra elencou os seguintes pontos:<\/p>\n\n\n\n<ul class=\"wp-block-list\">\n<li>Ela classificou os ataques \u00e0 democracia como parte de uma engrenagem que se estruturou ao longo do tempo e rejeitou qualquer tentativa de minimizar os fatos de 8 de janeiro de 2023.<\/li>\n<\/ul>\n\n\n\n<p>\u201cN\u00e3o foi uma festinha de final de tarde, em que todo mundo resolveu comparecer e usar paus e pedras para arrebentar com tudo.\u201d<\/p>\n\n\n\n<ul class=\"wp-block-list\">\n<li>C\u00e1rmen citou a historiadora Heloisa Starling ao afirmar que \u201cn\u00e3o se faz um golpe em um dia\u201d e que esse tipo de movimento \u201cn\u00e3o acaba em uma semana, nem em um m\u00eas\u201d. Para ela, os atos golpistas foram o desfecho de um processo longo e articulado.<\/li>\n\n\n\n<li>A ministra revelou que, diante do clima de instabilidade ap\u00f3s o segundo turno das elei\u00e7\u00f5es, pediu a antecipa\u00e7\u00e3o da diploma\u00e7\u00e3o do presidente eleito para o dia 12 de dezembro. Segundo ela, havia sinais preocupantes:<\/li>\n<\/ul>\n\n\n\n<p>\u201cHavia alguma coisa que eu n\u00e3o entendia muito bem. As pessoas n\u00e3o entendiam muito bem.\u201d<\/p>\n\n\n\n<ul class=\"wp-block-list\">\n<li>C\u00e1rmen reafirmou a confian\u00e7a na Justi\u00e7a Eleitoral:<\/li>\n<\/ul>\n\n\n\n<p>\u201c\u00c9 confi\u00e1vel, seguro, h\u00edgido o processo eleitoral brasileiro.\u201d<\/p>\n\n\n\n<ul class=\"wp-block-list\">\n<li>E foi enf\u00e1tica ao condenar os riscos de ruptura institucional:<\/li>\n<\/ul>\n\n\n\n<p>\u201cDitadura mata. Ditadura vive da morte, n\u00e3o apenas da sociedade, da democracia, mas de seres humanos de carne e osso.\u201d<\/p>\n\n\n\n<ul class=\"wp-block-list\">\n<li>A ministra refor\u00e7ou que \u201co golpe n\u00e3o teve \u00eaxito, sen\u00e3o n\u00e3o estar\u00edamos aqui\u201d, mas disse que \u00e9 necess\u00e1rio reconstruir os acontecimentos a partir de sua origem:<\/li>\n<\/ul>\n\n\n\n<p>\u201cO que \u00e9 preciso \u00e9 desenrolar do dia 8 pra tr\u00e1s, para chegarmos a esta m\u00e1quina que tentou desmontar a democracia. Porque isso \u00e9 fato.\u201d<\/p>\n\n\n\n<h2 class=\"wp-block-heading\">Voto de Zanin<\/h2>\n\n\n\n<p>\u00daltimo a votar na sess\u00e3o desta quarta-feira (26), o ministro Cristiano Zanin tamb\u00e9m acompanhou os colegas da Primeira Turma do STF e votou para aceitar a den\u00fancia da Procuradoria-Geral da Rep\u00fablica contra Jair Bolsonaro e sete aliados, por tentativa de golpe de Estado.<\/p>\n\n\n\n<ul class=\"wp-block-list\">\n<li>Zanin destacou que a den\u00fancia da PGR n\u00e3o se baseia unicamente na dela\u00e7\u00e3o de Mauro Cid, ex-ajudante de ordens de Bolsonaro, mas sim em um conjunto amplo e consistente de provas:<\/li>\n<\/ul>\n\n\n\n<p>\u201cLonge de ser uma den\u00fancia amparada exclusivamente em uma dela\u00e7\u00e3o premiada, o que se tem aqui s\u00e3o diversos documentos, v\u00eddeos, materiais que d\u00e3o amparo \u00e0quilo que foi apresentado pela acusa\u00e7\u00e3o.\u201d<\/p>\n\n\n\n<ul class=\"wp-block-list\">\n<li>O ministro tamb\u00e9m rebateu um dos principais argumentos das defesas, que tentaram desvincular seus clientes dos atos de 8 de janeiro, por eles n\u00e3o estarem fisicamente presentes no dia:<\/li>\n<\/ul>\n\n\n\n<p>\u201cN\u00e3o adianta dizer que a pessoa n\u00e3o estava no dia 8 de janeiro se ela participou de uma s\u00e9rie de atos que culminaram\u201d nos ataques \u00e0s sedes dos Tr\u00eas Poderes.<\/p>\n\n\n\n<h2 class=\"wp-block-heading\">O que acontece agora?<\/h2>\n\n\n\n<p>Os oito denunciados passar\u00e3o \u00e0 condi\u00e7\u00e3o de r\u00e9us. A partir da\u00ed, ser\u00e1 aberta uma a\u00e7\u00e3o penal na qual PGR e defesas poder\u00e3o apresentar provas e depoimentos.<\/p>\n\n\n\n<p>No final do processo, os ministros julgar\u00e3o se houve crime e, se condenados, os r\u00e9us poder\u00e3o pegar penas de pris\u00e3o.<\/p>\n\n\n\n<h2 class=\"wp-block-heading\">O que diz a den\u00fancia?<\/h2>\n\n\n\n<p>A PGR afirma que Bolsonaro e aliados formaram uma organiza\u00e7\u00e3o criminosa est\u00e1vel, com divis\u00e3o de tarefas, para promover a ruptura democr\u00e1tica. Os crimes apontados s\u00e3o:<\/p>\n\n\n\n<ul class=\"wp-block-list\">\n<li>Aboli\u00e7\u00e3o violenta do Estado Democr\u00e1tico de Direito<\/li>\n\n\n\n<li>Golpe de Estado<\/li>\n\n\n\n<li>Organiza\u00e7\u00e3o criminosa<\/li>\n\n\n\n<li>Dano qualificado ao patrim\u00f4nio da Uni\u00e3o<\/li>\n\n\n\n<li>Deteriora\u00e7\u00e3o de patrim\u00f4nio tombado<\/li>\n<\/ul>\n\n\n\n<h2 class=\"wp-block-heading\">E o que disseram as defesas?<\/h2>\n\n\n\n<p>Durante a sess\u00e3o de ter\u00e7a-feira (25), os advogados dos denunciados:<\/p>\n\n\n\n<ul class=\"wp-block-list\">\n<li>N\u00e3o negaram que houve articula\u00e7\u00e3o para um golpe, mas alegaram que seus clientes n\u00e3o participaram;<\/li>\n\n\n\n<li>Reclamaram da quantidade de documentos e da suposta falta de acesso integral \u00e0s provas;<\/li>\n\n\n\n<li>Defenderam que a den\u00fancia \u00e9 inepta e pediram sua rejei\u00e7\u00e3o.<\/li>\n<\/ul>\n","protected":false},"excerpt":{"rendered":"<p>A Primeira Turma do Supremo Tribunal Federal (STF) decidiu por unanimidade nesta quarta-feira (26) tornar r\u00e9us o ex-presidente Jair Bolsonaro e mais sete aliados por tentativa de golpe de Estado em 2022. Os cinco ministros votaram para aceitar a den\u00fancia apresentada pela Procuradoria-Geral da Rep\u00fablica (PGR). Os votos foram dos ministros\u00a0Alexandre de Moraes\u00a0(relator), Fl\u00e1vio Dino,\u00a0Luiz [&hellip;]<\/p>\n","protected":false},"author":2,"featured_media":26573,"comment_status":"open","ping_status":"open","sticky":false,"template":"","format":"standard","meta":{"_jetpack_memberships_contains_paid_content":false,"footnotes":""},"categories":[39],"tags":[],"class_list":["post-26572","post","type-post","status-publish","format-standard","has-post-thumbnail","hentry","category-politica"],"aioseo_notices":[],"jetpack_featured_media_url":"https:\/\/i0.wp.com\/minutobahia24h.com.br\/wp-content\/uploads\/2025\/03\/Sem-titulo-362.jpg?fit=984%2C656&ssl=1","jetpack_sharing_enabled":true,"_links":{"self":[{"href":"https:\/\/minutobahia24h.com.br\/index.php?rest_route=\/wp\/v2\/posts\/26572","targetHints":{"allow":["GET"]}}],"collection":[{"href":"https:\/\/minutobahia24h.com.br\/index.php?rest_route=\/wp\/v2\/posts"}],"about":[{"href":"https:\/\/minutobahia24h.com.br\/index.php?rest_route=\/wp\/v2\/types\/post"}],"author":[{"embeddable":true,"href":"https:\/\/minutobahia24h.com.br\/index.php?rest_route=\/wp\/v2\/users\/2"}],"replies":[{"embeddable":true,"href":"https:\/\/minutobahia24h.com.br\/index.php?rest_route=%2Fwp%2Fv2%2Fcomments&post=26572"}],"version-history":[{"count":1,"href":"https:\/\/minutobahia24h.com.br\/index.php?rest_route=\/wp\/v2\/posts\/26572\/revisions"}],"predecessor-version":[{"id":26574,"href":"https:\/\/minutobahia24h.com.br\/index.php?rest_route=\/wp\/v2\/posts\/26572\/revisions\/26574"}],"wp:featuredmedia":[{"embeddable":true,"href":"https:\/\/minutobahia24h.com.br\/index.php?rest_route=\/wp\/v2\/media\/26573"}],"wp:attachment":[{"href":"https:\/\/minutobahia24h.com.br\/index.php?rest_route=%2Fwp%2Fv2%2Fmedia&parent=26572"}],"wp:term":[{"taxonomy":"category","embeddable":true,"href":"https:\/\/minutobahia24h.com.br\/index.php?rest_route=%2Fwp%2Fv2%2Fcategories&post=26572"},{"taxonomy":"post_tag","embeddable":true,"href":"https:\/\/minutobahia24h.com.br\/index.php?rest_route=%2Fwp%2Fv2%2Ftags&post=26572"}],"curies":[{"name":"wp","href":"https:\/\/api.w.org\/{rel}","templated":true}]}}