{"id":26570,"date":"2025-03-26T13:29:14","date_gmt":"2025-03-26T16:29:14","guid":{"rendered":"https:\/\/minutobahia24h.com.br\/?p=26570"},"modified":"2025-03-26T13:29:30","modified_gmt":"2025-03-26T16:29:30","slug":"vereador-jeorge-catatau-defende-que-grande-parte-dos-recursos-obtidos-com-o-leilao-dos-terrenos-do-parque-da-cidade-sejam-usados-na-saude-do-municipio","status":"publish","type":"post","link":"https:\/\/minutobahia24h.com.br\/?p=26570","title":{"rendered":"Vereador Jeorge Catatau defende que grande parte dos recursos obtidos com&nbsp; o leil\u00e3o dos terrenos do Parque da Cidade sejam usados na sa\u00fade do munic\u00edpio"},"content":{"rendered":"<div class=\"wp-block-image\">\n<figure class=\"aligncenter size-large\"><img data-recalc-dims=\"1\" fetchpriority=\"high\" decoding=\"async\" width=\"768\" height=\"1024\" src=\"https:\/\/i0.wp.com\/minutobahia24h.com.br\/wp-content\/uploads\/2025\/03\/img-20250326-wa10872219304573895289176-768x1024.jpg?resize=768%2C1024&#038;ssl=1\" alt=\"\" class=\"wp-image-26569\" srcset=\"https:\/\/i0.wp.com\/minutobahia24h.com.br\/wp-content\/uploads\/2025\/03\/img-20250326-wa10872219304573895289176.jpg?resize=768%2C1024&amp;ssl=1 768w, https:\/\/i0.wp.com\/minutobahia24h.com.br\/wp-content\/uploads\/2025\/03\/img-20250326-wa10872219304573895289176.jpg?resize=225%2C300&amp;ssl=1 225w, https:\/\/i0.wp.com\/minutobahia24h.com.br\/wp-content\/uploads\/2025\/03\/img-20250326-wa10872219304573895289176.jpg?resize=1152%2C1536&amp;ssl=1 1152w, https:\/\/i0.wp.com\/minutobahia24h.com.br\/wp-content\/uploads\/2025\/03\/img-20250326-wa10872219304573895289176.jpg?resize=750%2C1000&amp;ssl=1 750w, https:\/\/i0.wp.com\/minutobahia24h.com.br\/wp-content\/uploads\/2025\/03\/img-20250326-wa10872219304573895289176.jpg?resize=1140%2C1520&amp;ssl=1 1140w, https:\/\/i0.wp.com\/minutobahia24h.com.br\/wp-content\/uploads\/2025\/03\/img-20250326-wa10872219304573895289176.jpg?w=1200&amp;ssl=1 1200w\" sizes=\"(max-width: 768px) 100vw, 768px\" \/><\/figure>\n<\/div>\n\n\n<p><\/p>\n\n\n\n<p>Nesta ter\u00e7a-feira (25), durante a 10\u00aa sess\u00e3o ordin\u00e1ria do 1\u00ba semestre de 2025, a C\u00e2mara de Vereadores do Senhor do Bonfim discutiu e aprovou o Projeto de Lei do Legislativo n\u00ba 009\/2025, que autoriza o Poder Executivo a realizar a aliena\u00e7\u00e3o de terrenos pertencentes ao munic\u00edpio. Os 19 lotes est\u00e3o localizados no Parque da Cidade e ser\u00e3o vendidos por meio de um leil\u00e3o.<br><br>O projeto, enviado pelo Poder Executivo, prev\u00ea a seguinte distribui\u00e7\u00e3o dos valores arrecadados com a venda dos terrenos:<br>\u2022\t20% para reformas e melhorias em escolas municipais;<br>\u2022\t20% para a sa\u00fade, incluindo a compra de equipamentos;<br>\u2022\t60% para as secretarias de Infraestrutura e Meio Ambiente, com investimentos em saneamento b\u00e1sico, pavimenta\u00e7\u00e3o e urbaniza\u00e7\u00e3o.<br><br>Apesar de votar a favor da proposta, o vereador Jeorge Catatau fez quest\u00e3o de destacar sua preocupa\u00e7\u00e3o com a aplica\u00e7\u00e3o dos recursos que ser\u00e3o arrecadados com a venda dos lotes. Catatau sugeriu que a maior parte do valor obtido no leil\u00e3o fosse direcionado \u00e0 \u00e1rea da sa\u00fade, \u00e1rea que, segundo ele, precisa de mais investimentos devido \u00e0s constantes reclama\u00e7\u00f5es que recebe da popula\u00e7\u00e3o sobre a qualidade dos servi\u00e7os prestados. \u201cAcho que os recursos devem ser prioritariamente direcionados para a sa\u00fade, com foco nas pessoas que mais precisam, melhorando o atendimento e a qualidade dos servi\u00e7os prestados \u00e0 popula\u00e7\u00e3o bonfinense\u201d, afirmou o vereador durante a sess\u00e3o.<\/p>\n","protected":false},"excerpt":{"rendered":"<p>Nesta ter\u00e7a-feira (25), durante a 10\u00aa sess\u00e3o ordin\u00e1ria do 1\u00ba semestre de 2025, a C\u00e2mara de Vereadores do Senhor do Bonfim discutiu e aprovou o Projeto de Lei do Legislativo n\u00ba 009\/2025, que autoriza o Poder Executivo a realizar a aliena\u00e7\u00e3o de terrenos pertencentes ao munic\u00edpio. Os 19 lotes est\u00e3o localizados no Parque da Cidade [&hellip;]<\/p>\n","protected":false},"author":2,"featured_media":26569,"comment_status":"open","ping_status":"open","sticky":false,"template":"","format":"standard","meta":{"_jetpack_memberships_contains_paid_content":false,"footnotes":""},"categories":[3],"tags":[5],"class_list":["post-26570","post","type-post","status-publish","format-standard","has-post-thumbnail","hentry","category-regional","tag-bonfim"],"aioseo_notices":[],"jetpack_featured_media_url":"https:\/\/i0.wp.com\/minutobahia24h.com.br\/wp-content\/uploads\/2025\/03\/img-20250326-wa10872219304573895289176.jpg?fit=1200%2C1600&ssl=1","jetpack_sharing_enabled":true,"_links":{"self":[{"href":"https:\/\/minutobahia24h.com.br\/index.php?rest_route=\/wp\/v2\/posts\/26570","targetHints":{"allow":["GET"]}}],"collection":[{"href":"https:\/\/minutobahia24h.com.br\/index.php?rest_route=\/wp\/v2\/posts"}],"about":[{"href":"https:\/\/minutobahia24h.com.br\/index.php?rest_route=\/wp\/v2\/types\/post"}],"author":[{"embeddable":true,"href":"https:\/\/minutobahia24h.com.br\/index.php?rest_route=\/wp\/v2\/users\/2"}],"replies":[{"embeddable":true,"href":"https:\/\/minutobahia24h.com.br\/index.php?rest_route=%2Fwp%2Fv2%2Fcomments&post=26570"}],"version-history":[{"count":1,"href":"https:\/\/minutobahia24h.com.br\/index.php?rest_route=\/wp\/v2\/posts\/26570\/revisions"}],"predecessor-version":[{"id":26571,"href":"https:\/\/minutobahia24h.com.br\/index.php?rest_route=\/wp\/v2\/posts\/26570\/revisions\/26571"}],"wp:featuredmedia":[{"embeddable":true,"href":"https:\/\/minutobahia24h.com.br\/index.php?rest_route=\/wp\/v2\/media\/26569"}],"wp:attachment":[{"href":"https:\/\/minutobahia24h.com.br\/index.php?rest_route=%2Fwp%2Fv2%2Fmedia&parent=26570"}],"wp:term":[{"taxonomy":"category","embeddable":true,"href":"https:\/\/minutobahia24h.com.br\/index.php?rest_route=%2Fwp%2Fv2%2Fcategories&post=26570"},{"taxonomy":"post_tag","embeddable":true,"href":"https:\/\/minutobahia24h.com.br\/index.php?rest_route=%2Fwp%2Fv2%2Ftags&post=26570"}],"curies":[{"name":"wp","href":"https:\/\/api.w.org\/{rel}","templated":true}]}}