{"id":26567,"date":"2025-03-26T12:16:10","date_gmt":"2025-03-26T15:16:10","guid":{"rendered":"https:\/\/minutobahia24h.com.br\/?p=26567"},"modified":"2025-03-26T12:16:25","modified_gmt":"2025-03-26T15:16:25","slug":"prefeitura-avanca-na-implantacao-da-sala-do-empreendedor-com-capacitacao-do-sebrae","status":"publish","type":"post","link":"https:\/\/minutobahia24h.com.br\/?p=26567","title":{"rendered":"Prefeitura avan\u00e7a na implanta\u00e7\u00e3o da Sala do Empreendedor com capacita\u00e7\u00e3o do Sebrae"},"content":{"rendered":"<div class=\"wp-block-image\">\n<figure class=\"aligncenter size-large\"><img data-recalc-dims=\"1\" fetchpriority=\"high\" decoding=\"async\" width=\"800\" height=\"1003\" src=\"https:\/\/i0.wp.com\/minutobahia24h.com.br\/wp-content\/uploads\/2025\/03\/img-20250326-wa09465043549890978238877-817x1024.jpg?resize=800%2C1003&#038;ssl=1\" alt=\"\" class=\"wp-image-26566\" srcset=\"https:\/\/i0.wp.com\/minutobahia24h.com.br\/wp-content\/uploads\/2025\/03\/img-20250326-wa09465043549890978238877.jpg?resize=817%2C1024&amp;ssl=1 817w, https:\/\/i0.wp.com\/minutobahia24h.com.br\/wp-content\/uploads\/2025\/03\/img-20250326-wa09465043549890978238877.jpg?resize=239%2C300&amp;ssl=1 239w, https:\/\/i0.wp.com\/minutobahia24h.com.br\/wp-content\/uploads\/2025\/03\/img-20250326-wa09465043549890978238877.jpg?resize=768%2C963&amp;ssl=1 768w, https:\/\/i0.wp.com\/minutobahia24h.com.br\/wp-content\/uploads\/2025\/03\/img-20250326-wa09465043549890978238877.jpg?resize=750%2C940&amp;ssl=1 750w, https:\/\/i0.wp.com\/minutobahia24h.com.br\/wp-content\/uploads\/2025\/03\/img-20250326-wa09465043549890978238877.jpg?w=1080&amp;ssl=1 1080w\" sizes=\"(max-width: 800px) 100vw, 800px\" \/><\/figure>\n<\/div>\n\n\n<p>A Prefeitura de Filad\u00e9lfia d\u00e1 mais um passo importante para fortalecer o empreendedorismo no munic\u00edpio. Em Salvador, Maur\u00edcio Nascimento est\u00e1 participando de um treinamento promovido pelo Sebrae, etapa essencial para a implanta\u00e7\u00e3o da Sala do Empreendedor na cidade.<br><br>A iniciativa tem como objetivo capacitar a equipe municipal para oferecer um atendimento especializado aos microempreendedores locais. O espa\u00e7o ser\u00e1 um ponto de apoio fundamental para quem deseja formalizar seu neg\u00f3cio, obter orienta\u00e7\u00f5es sobre gest\u00e3o empresarial e acessar linhas de cr\u00e9dito do programa CrediBahia, al\u00e9m de promover a\u00e7\u00f5es de capacita\u00e7\u00e3o e est\u00edmulo ao empreendedorismo.<br><br>O objetivo da Prefeitura \u00e9 fortalecer o desenvolvimento econ\u00f4mico local, criando um ambiente mais favor\u00e1vel para o crescimento dos pequenos neg\u00f3cios. A iniciativa representa um avan\u00e7o significativo na valoriza\u00e7\u00e3o dos empreendedores, que desempenham um papel essencial na gera\u00e7\u00e3o de renda e no fortalecimento da economia de Filad\u00e9lfia.<br>\u2014\u2014\u2014<br>Prefeitura de Filad\u00e9lfia \u2013 Governo da Renova\u00e7\u00e3o<\/p>\n","protected":false},"excerpt":{"rendered":"<p>A Prefeitura de Filad\u00e9lfia d\u00e1 mais um passo importante para fortalecer o empreendedorismo no munic\u00edpio. Em Salvador, Maur\u00edcio Nascimento est\u00e1 participando de um treinamento promovido pelo Sebrae, etapa essencial para a implanta\u00e7\u00e3o da Sala do Empreendedor na cidade. A iniciativa tem como objetivo capacitar a equipe municipal para oferecer um atendimento especializado aos microempreendedores locais. [&hellip;]<\/p>\n","protected":false},"author":2,"featured_media":26566,"comment_status":"open","ping_status":"open","sticky":false,"template":"","format":"standard","meta":{"_jetpack_memberships_contains_paid_content":false,"footnotes":""},"categories":[3],"tags":[7],"class_list":["post-26567","post","type-post","status-publish","format-standard","has-post-thumbnail","hentry","category-regional","tag-filadelfia"],"aioseo_notices":[],"jetpack_featured_media_url":"https:\/\/i0.wp.com\/minutobahia24h.com.br\/wp-content\/uploads\/2025\/03\/img-20250326-wa09465043549890978238877.jpg?fit=1080%2C1354&ssl=1","jetpack_sharing_enabled":true,"_links":{"self":[{"href":"https:\/\/minutobahia24h.com.br\/index.php?rest_route=\/wp\/v2\/posts\/26567","targetHints":{"allow":["GET"]}}],"collection":[{"href":"https:\/\/minutobahia24h.com.br\/index.php?rest_route=\/wp\/v2\/posts"}],"about":[{"href":"https:\/\/minutobahia24h.com.br\/index.php?rest_route=\/wp\/v2\/types\/post"}],"author":[{"embeddable":true,"href":"https:\/\/minutobahia24h.com.br\/index.php?rest_route=\/wp\/v2\/users\/2"}],"replies":[{"embeddable":true,"href":"https:\/\/minutobahia24h.com.br\/index.php?rest_route=%2Fwp%2Fv2%2Fcomments&post=26567"}],"version-history":[{"count":1,"href":"https:\/\/minutobahia24h.com.br\/index.php?rest_route=\/wp\/v2\/posts\/26567\/revisions"}],"predecessor-version":[{"id":26568,"href":"https:\/\/minutobahia24h.com.br\/index.php?rest_route=\/wp\/v2\/posts\/26567\/revisions\/26568"}],"wp:featuredmedia":[{"embeddable":true,"href":"https:\/\/minutobahia24h.com.br\/index.php?rest_route=\/wp\/v2\/media\/26566"}],"wp:attachment":[{"href":"https:\/\/minutobahia24h.com.br\/index.php?rest_route=%2Fwp%2Fv2%2Fmedia&parent=26567"}],"wp:term":[{"taxonomy":"category","embeddable":true,"href":"https:\/\/minutobahia24h.com.br\/index.php?rest_route=%2Fwp%2Fv2%2Fcategories&post=26567"},{"taxonomy":"post_tag","embeddable":true,"href":"https:\/\/minutobahia24h.com.br\/index.php?rest_route=%2Fwp%2Fv2%2Ftags&post=26567"}],"curies":[{"name":"wp","href":"https:\/\/api.w.org\/{rel}","templated":true}]}}