{"id":26548,"date":"2025-03-26T08:00:03","date_gmt":"2025-03-26T11:00:03","guid":{"rendered":"https:\/\/minutobahia24h.com.br\/?p=26548"},"modified":"2025-03-26T08:00:05","modified_gmt":"2025-03-26T11:00:05","slug":"azeite-e-sardinha-mais-baratos-efeito-do-incentivo-a-importacao-de-alimentos-chega-aos-supermercados","status":"publish","type":"post","link":"https:\/\/minutobahia24h.com.br\/?p=26548","title":{"rendered":"Azeite e sardinha mais baratos: efeito do incentivo \u00e0 importa\u00e7\u00e3o de alimentos chega aos supermercados"},"content":{"rendered":"<div class=\"wp-block-image\">\n<figure class=\"aligncenter size-full\"><img data-recalc-dims=\"1\" fetchpriority=\"high\" decoding=\"async\" width=\"800\" height=\"533\" src=\"https:\/\/i0.wp.com\/minutobahia24h.com.br\/wp-content\/uploads\/2025\/03\/Sem-titulo-357.jpg?resize=800%2C533&#038;ssl=1\" alt=\"\" class=\"wp-image-26549\" srcset=\"https:\/\/i0.wp.com\/minutobahia24h.com.br\/wp-content\/uploads\/2025\/03\/Sem-titulo-357.jpg?w=885&amp;ssl=1 885w, https:\/\/i0.wp.com\/minutobahia24h.com.br\/wp-content\/uploads\/2025\/03\/Sem-titulo-357.jpg?resize=300%2C200&amp;ssl=1 300w, https:\/\/i0.wp.com\/minutobahia24h.com.br\/wp-content\/uploads\/2025\/03\/Sem-titulo-357.jpg?resize=768%2C512&amp;ssl=1 768w, https:\/\/i0.wp.com\/minutobahia24h.com.br\/wp-content\/uploads\/2025\/03\/Sem-titulo-357.jpg?resize=750%2C500&amp;ssl=1 750w\" sizes=\"(max-width: 800px) 100vw, 800px\" \/><figcaption class=\"wp-element-caption\">Alguns itens que tiveram tarifa de importa\u00e7\u00e3o zerada come\u00e7aram a mostrar recuo nos pre\u00e7os. Medida \u00e9 um dos fatores citados por economistas \u2014 Foto: Hermes de Paula<br><\/figcaption><\/figure>\n<\/div>\n\n\n<p>O governo reduziu a zero as tarifas de importa\u00e7\u00e3o de nove alimentos para facilitar o ingresso desses produtos no mercado interno e evitar alta de pre\u00e7os. Levantamento feito por t\u00e9cnicos da equipe econ\u00f4mica, com base em dados do Sistema Integrado de Com\u00e9rcio Exterior (Siscomex), ao qual O GLOBO teve acesso, mostra que o efeito maior deve se dar nos casos em que o Brasil \u00e9 grande importador, como azeite e sardinha.<\/p>\n\n\n\n<p>Mas j\u00e1 \u00e9 poss\u00edvel verificar redu\u00e7\u00f5es do valor cobrado por alguns itens causados, direta ou indiretamente, pela abertura do mercado. Ainda assim, apesar do al\u00edvio no bolso, o impacto na&nbsp;<a class=\"\" href=\"https:\/\/oglobo.globo.com\/tudo-sobre\/assunto\/inflacao\">infla\u00e7\u00e3o<\/a>&nbsp;da medida ser\u00e1 restrito, segundo analistas.<\/p>\n\n\n\n<p>Nos supermercados, a percep\u00e7\u00e3o \u00e9 que os pre\u00e7os continuam salgados. Em alguns produtos j\u00e1 houve \u201calgum refresco\u201d, mas pode melhorar.<\/p>\n\n\n\n<p>\u2014 O pre\u00e7o do azeite est\u00e1 bom, n\u00e3o barato. Est\u00e1 mais baixo que antes, mas n\u00e3o chegou ao ideal. Barato pra mim \u00e9 isso aqui: R$ 25,98, mas essa \u00e9 uma embalagem menor, de 250ml \u2014 afirma a vendedora Suzana Ferreira, de 43 anos.<\/p>\n\n\n\n<figure class=\"wp-block-image\"><img data-recalc-dims=\"1\" decoding=\"async\" src=\"https:\/\/i0.wp.com\/s2-oglobo.glbimg.com\/1hjZ953xfAXcDzLH6Mc70tlbMxU%3D\/0x0%3A3120x2637\/984x0\/smart\/filters%3Astrip_icc%28%29\/i.s3.glbimg.com\/v1\/AUTH_da025474c0c44edd99332dddb09cabe8\/internal_photos\/bs\/2025\/n\/H\/eU02A8RSCKPfxKJ1e5iw\/whatsapp-image-2025-03-25-at-16.00.11.jpeg?w=800&#038;ssl=1\" alt=\"A vendedora Suzana Ferreira j\u00e1 v\u00ea impacto no pre\u00e7o do azeite: 'Est\u00e1 bom, n\u00e3o barato' \u2014 Foto: Caroline Nunes\/O Globo\"\/><figcaption class=\"wp-element-caption\">A vendedora Suzana Ferreira j\u00e1 v\u00ea impacto no pre\u00e7o do azeite: &#8216;Est\u00e1 bom, n\u00e3o barato&#8217; \u2014 Foto: Caroline Nunes\/O Globo<\/figcaption><\/figure>\n\n\n\n<p>Atualmente, 99% do azeite de oliva consumido no pa\u00eds vem de Portugal (57%) e Espanha (14%). Os demais fornecedores s\u00e3o It\u00e1lia, Argentina, Chile, Uruguai, Tun\u00edsia, Turquia, Gr\u00e9cia e L\u00edbano, EUA, Fran\u00e7a e Jap\u00e3o.<\/p>\n\n\n\n<p>Dados da coleta de pre\u00e7os di\u00e1ria do FGV Ibre apontam que azeite, caf\u00e9, carnes e sardinha est\u00e3o mostrando varia\u00e7\u00e3o cada vez menor desde 14 de mar\u00e7o, quando come\u00e7ou a valer a isen\u00e7\u00e3o de impostos para importa\u00e7\u00e3o de alimentos. A an\u00e1lise considera a evolu\u00e7\u00e3o dos pre\u00e7os ao longo do m\u00eas, com base em m\u00e9dias m\u00f3veis (indicador de tend\u00eancia) dos \u00faltimos 30 dias.<\/p>\n\n\n\n<p>\u2014 N\u00e3o d\u00e1 para saber se foi pela redu\u00e7\u00e3o de imposto, mas certos itens beneficiados pelo imposto de importa\u00e7\u00e3o zero j\u00e1 come\u00e7am a mostrar infla\u00e7\u00e3o menor \u2014afirma Andr\u00e9 Braz, coordenador dos \u00edndices de pre\u00e7os do FGV IBRE.<\/p>\n\n\n\n<p>O economista lembra que o azeite, por exemplo, \u00e9 mais consumido por fam\u00edlias de maior poder aquisitivo e n\u00e3o faz parte da cesta b\u00e1sica. J\u00e1 produtos como a\u00e7\u00facar, caf\u00e9 e carnes, que est\u00e3o na lista de importa\u00e7\u00e3o com tarifa zero, t\u00eam peso grande no or\u00e7amento e suas varia\u00e7\u00f5es impactam mais o bolso do consumidor:<\/p>\n\n\n\n<p>\u2014 Esses afetam bastante o custo de vida.<\/p>\n\n\n\n<figure class=\"wp-block-image\"><img data-recalc-dims=\"1\" decoding=\"async\" src=\"https:\/\/i0.wp.com\/s2-oglobo.glbimg.com\/AvSGpWbBuRGbY5DQUCIhF4PUVXU%3D\/0x0%3A1200x1822\/984x0\/smart\/filters%3Astrip_icc%28%29\/i.s3.glbimg.com\/v1\/AUTH_da025474c0c44edd99332dddb09cabe8\/internal_photos\/bs\/2025\/N\/w\/XBZTJwT7aWazuGBljeEg\/eco-26-03-mercado-azeite.png?w=800&#038;ssl=1\" alt=\"Tarifas de importa\u00e7\u00e3o zeradas \u2014 Foto: Cria\u00e7\u00e3o O Globo\"\/><figcaption class=\"wp-element-caption\">Tarifas de importa\u00e7\u00e3o zeradas \u2014 Foto: Cria\u00e7\u00e3o O Globo<\/figcaption><\/figure>\n\n\n\n<h2 class=\"wp-block-heading\">C\u00e2mbio e margem do lojista<\/h2>\n\n\n\n<p>No limite, Braz avalia que a isen\u00e7\u00e3o da tarifa de importa\u00e7\u00e3o pode trazer redu\u00e7\u00e3o nos pre\u00e7os de alguns alimentos e at\u00e9 impedir que a infla\u00e7\u00e3o seja maior, mas pondera que ainda \u00e9 cedo para medir. Outros fatores interferem nos pre\u00e7os. Alguns comerciantes podem aproveitar a tarifa zerada para recuperar margens de lucro reduzidas nos \u00faltimos meses.<\/p>\n\n\n\n<p>Al\u00e9m disso, o c\u00e2mbio e os pre\u00e7os internacionais influenciam custos. Se o real se desvalorizar nos pr\u00f3ximos meses, o impacto da tarifa zero perde for\u00e7a. Ou seja, o efeito para o consumidor final depende das condi\u00e7\u00f5es de mercado, nem sempre f\u00e1ceis de controlar.<\/p>\n\n\n\n<p>Respons\u00e1vel pelo acompanhamento dos pre\u00e7os dos alimentos, a Companhia Nacional de Abastecimento (Conab) j\u00e1 identifica quedas de pre\u00e7os em produtos como \u00f3leo de soja, ovos, carne bovina e farinha de trigo, parte em raz\u00e3o da redu\u00e7\u00e3o de tarifas, direta ou indiretamente.<\/p>\n\n\n\n<p>A estatal constatou decr\u00e9scimo de 1% a 4%, dependendo do estado e em rela\u00e7\u00e3o a fevereiro, na cota\u00e7\u00e3o do \u00f3leo de soja no varejo, e avalia que o resultado se deveu a um poss\u00edvel impacto do fim da tarifa de importa\u00e7\u00e3o dos demais \u00f3leos vegetais.<\/p>\n\n\n\n<p>Outro produto que apresentou queda de pre\u00e7o, no atacado, de 6% no Esp\u00edrito Santo e 3% em S\u00e3o Paulo, foi o ovo, provavelmente em raz\u00e3o da queda da tarifa de importa\u00e7\u00e3o do milho. A carne bovina ficou 1% mais barata em S\u00e3o Paulo e a farinha de trigo, influenciada pela redu\u00e7\u00e3o do imposto sobre massas aliment\u00edcias e biscoitos, registrou queda de 5% no Paran\u00e1.<\/p>\n\n\n\n<figure class=\"wp-block-image\"><img data-recalc-dims=\"1\" decoding=\"async\" src=\"https:\/\/i0.wp.com\/s2-oglobo.glbimg.com\/BzXtq1v1iJvWxQsIM9lTHcpl0V4%3D\/0x142%3A4160x2842\/984x0\/smart\/filters%3Astrip_icc%28%29\/i.s3.glbimg.com\/v1\/AUTH_da025474c0c44edd99332dddb09cabe8\/internal_photos\/bs\/2025\/w\/X\/VX83SBSdilLqLMCdricw\/whatsapp-image-2025-03-25-at-15.54.48.jpeg?w=800&#038;ssl=1\" alt=\"Aposentada Dirce Louzada diz que houve queda em alguns produtos, al\u00e9m do azeite \u2014 Foto: Caroline Nunes\/O Globo\"\/><figcaption class=\"wp-element-caption\">Aposentada Dirce Louzada diz que houve queda em alguns produtos, al\u00e9m do azeite \u2014 Foto: Caroline Nunes\/O Globo<\/figcaption><\/figure>\n\n\n\n<p>A al\u00edquota para a sardinha importada \u00e9 uma das mais elevadas, 32%. As importa\u00e7\u00f5es v\u00eam de Portugal (57%), Venezuela (27%) e Marrocos (12%). A ind\u00fastria brasileira \u00e9 a grande respons\u00e1vel pelo mercado consumidor interno de sardinha enlatada e continuar\u00e1 sendo. Portanto, garantem os t\u00e9cnicos, a ind\u00fastria pesqueira brasileira, nesse ramo, n\u00e3o ser\u00e1 impactada.<\/p>\n\n\n\n<ul class=\"wp-block-list\">\n<li><strong>Escala 6&#215;1:<\/strong>\u00a0<a class=\"\" href=\"https:\/\/oglobo.globo.com\/economia\/noticia\/2025\/03\/25\/escala-6x1-erika-hilton-se-reune-com-gleisi-hoffmann-para-discutir-estrategia-por-pec.ghtml?utm_source=whatsapp&amp;utm_medium=canalwpp&amp;utm_campaign=canaleconomia\">Erika Hilton se re\u00fane com Gleisi Hoffmann para discutir estrat\u00e9gia para aprovar redu\u00e7\u00e3o de jornada<\/a><\/li>\n<\/ul>\n\n\n\n<p>\u2014 Sardinha e azeite n\u00e3o t\u00eam impacto relevante no IPCA (\u00edndice oficial de infla\u00e7\u00e3o). Ent\u00e3o, em resumo, \u00e9 medida de pouca efici\u00eancia. Mas \u00e9 uma medida de movimenta\u00e7\u00e3o pol\u00edtica, na medida em que o governo est\u00e1 atuando para fazer alguma coisa a curto prazo \u2014 avalia Carla Beni, professora de Pol\u00edtica Fiscal da FGV,citando o restabelecimento de estoques reguladores de alimentos como medida de longo prazo de maior efici\u00eancia.<\/p>\n\n\n\n<h2 class=\"wp-block-heading\">Recupera\u00e7\u00e3o da safra<\/h2>\n\n\n\n<p>J\u00e1 h\u00e1 redes que confirmam a tend\u00eancia de queda no pre\u00e7o do azeite. Segundo os Supermercados Mundial, a redu\u00e7\u00e3o \u00e9 resultado da combina\u00e7\u00e3o de boa safra, importa\u00e7\u00e3o direta e redu\u00e7\u00e3o da al\u00edquota de importa\u00e7\u00e3o. Segundo a rede, esses fatores \u201cimpactaram positivamente a cadeia de produ\u00e7\u00e3o e distribui\u00e7\u00e3o do produto\u201d.<\/p>\n\n\n\n<p>A aposentada Dirce Louzada fazia compras quando uma promo\u00e7\u00e3o-rel\u00e2mpago fez com que o pre\u00e7o do azeite ca\u00edsse a R$ 35,90,e ela logo incluiu o item na cesta. Ela diz que outros produtos ficaram um pouco mais em conta:<\/p>\n\n\n\n<p>\u2014 O azeite deu uma abaixada. Tamb\u00e9m percebo que o pre\u00e7o do arroz melhorou. J\u00e1 comprei por R$ 7 e pouco, e hoje encontrei por R$ 5,50 a embalagem de 1kg.<\/p>\n\n\n\n<p>S\u00f3cio e economista s\u00eanior da Tend\u00eancias, Silvio Campos Neto lembra que o Brasil \u00e9 um dos principais produtores de boa parte dos itens que tiveram tarifas zeradas, como carnes, caf\u00e9 e a\u00e7\u00facar. Assim, dificilmente a oferta externa ter\u00e1 capacidade de alterar substancialmente o equil\u00edbrio no mercado dom\u00e9stico.<\/p>\n\n\n\n<p>Campos Neto avalia que a recupera\u00e7\u00e3o da safra agr\u00edcola traz perspectiva de al\u00edvio ao longo do ano, em particular entre o segundo e o terceiro trimestres, ainda que os pre\u00e7os de carnes devam continuar pressionados por fatores espec\u00edficos ligados a esta cadeia.<\/p>\n\n\n\n<p>Em 2024, o Brasil importou 36 mil toneladas de massas aliment\u00edcias, tendo a It\u00e1lia, mesmo com imposto de 14,4%, como principal fornecedor. A redu\u00e7\u00e3o da tarifa vai aumentar o ingresso de massas italianas e dos EUA.<\/p>\n\n\n\n<p>\u201cO consumo brasileiro ultrapassa 900 mil toneladas, e as a\u00e7\u00f5es de estoque p\u00fablico de arroz e de trigo tamb\u00e9m impactam positivamente na ind\u00fastria brasileira, j\u00e1 que s\u00e3o os principais insumos para a produ\u00e7\u00e3o nacional&#8221;, diz trecho do estudo com base no Siscomex.<\/p>\n\n\n\n<p>No caso de carnes, o Brasil deve importar mais dos EUA e voltar a comprar do Paraguai. O Brasil \u00e9 o segundo maior produtor e o maior exportador do mundo.<\/p>\n\n\n\n<p>Juliana Inhasz, economista e professora do Insper, o efeito da tarifa zerada \u00e9 pontual. Ela avalia que algumas culturas ser\u00e3o regularizadas, por causa do aumento da oferta:<\/p>\n\n\n\n<p>\u2014 Se o pre\u00e7o do caf\u00e9 come\u00e7ar a melhorar no Brasil, n\u00e3o ser\u00e1 por causa da redu\u00e7\u00e3o da al\u00edquota, e sim por conta do aumento da oferta.<\/p>\n\n\n\n<p><\/p>\n","protected":false},"excerpt":{"rendered":"<p>O governo reduziu a zero as tarifas de importa\u00e7\u00e3o de nove alimentos para facilitar o ingresso desses produtos no mercado interno e evitar alta de pre\u00e7os. Levantamento feito por t\u00e9cnicos da equipe econ\u00f4mica, com base em dados do Sistema Integrado de Com\u00e9rcio Exterior (Siscomex), ao qual O GLOBO teve acesso, mostra que o efeito maior [&hellip;]<\/p>\n","protected":false},"author":2,"featured_media":26549,"comment_status":"open","ping_status":"open","sticky":false,"template":"","format":"standard","meta":{"_jetpack_memberships_contains_paid_content":false,"footnotes":""},"categories":[19],"tags":[],"class_list":["post-26548","post","type-post","status-publish","format-standard","has-post-thumbnail","hentry","category-economia"],"aioseo_notices":[],"jetpack_featured_media_url":"https:\/\/i0.wp.com\/minutobahia24h.com.br\/wp-content\/uploads\/2025\/03\/Sem-titulo-357.jpg?fit=885%2C590&ssl=1","jetpack_sharing_enabled":true,"_links":{"self":[{"href":"https:\/\/minutobahia24h.com.br\/index.php?rest_route=\/wp\/v2\/posts\/26548","targetHints":{"allow":["GET"]}}],"collection":[{"href":"https:\/\/minutobahia24h.com.br\/index.php?rest_route=\/wp\/v2\/posts"}],"about":[{"href":"https:\/\/minutobahia24h.com.br\/index.php?rest_route=\/wp\/v2\/types\/post"}],"author":[{"embeddable":true,"href":"https:\/\/minutobahia24h.com.br\/index.php?rest_route=\/wp\/v2\/users\/2"}],"replies":[{"embeddable":true,"href":"https:\/\/minutobahia24h.com.br\/index.php?rest_route=%2Fwp%2Fv2%2Fcomments&post=26548"}],"version-history":[{"count":1,"href":"https:\/\/minutobahia24h.com.br\/index.php?rest_route=\/wp\/v2\/posts\/26548\/revisions"}],"predecessor-version":[{"id":26550,"href":"https:\/\/minutobahia24h.com.br\/index.php?rest_route=\/wp\/v2\/posts\/26548\/revisions\/26550"}],"wp:featuredmedia":[{"embeddable":true,"href":"https:\/\/minutobahia24h.com.br\/index.php?rest_route=\/wp\/v2\/media\/26549"}],"wp:attachment":[{"href":"https:\/\/minutobahia24h.com.br\/index.php?rest_route=%2Fwp%2Fv2%2Fmedia&parent=26548"}],"wp:term":[{"taxonomy":"category","embeddable":true,"href":"https:\/\/minutobahia24h.com.br\/index.php?rest_route=%2Fwp%2Fv2%2Fcategories&post=26548"},{"taxonomy":"post_tag","embeddable":true,"href":"https:\/\/minutobahia24h.com.br\/index.php?rest_route=%2Fwp%2Fv2%2Ftags&post=26548"}],"curies":[{"name":"wp","href":"https:\/\/api.w.org\/{rel}","templated":true}]}}