{"id":26533,"date":"2025-03-26T07:50:03","date_gmt":"2025-03-26T10:50:03","guid":{"rendered":"https:\/\/minutobahia24h.com.br\/?p=26533"},"modified":"2025-03-26T07:50:05","modified_gmt":"2025-03-26T10:50:05","slug":"disputa-pelo-pt-baiano-e-mais-um-round-de-embate-entre-rui-e-wagner-com-jeronimo-imprensado-e-decisao-de-volta-a-estaca-0","status":"publish","type":"post","link":"https:\/\/minutobahia24h.com.br\/?p=26533","title":{"rendered":"Disputa pelo PT baiano \u00e9 mais um round de embate entre Rui e Wagner com Jer\u00f4nimo &#8220;imprensado&#8221; e decis\u00e3o &#8220;de volta a estaca 0&#8221;"},"content":{"rendered":"<div class=\"wp-block-image\">\n<figure class=\"aligncenter size-large\"><img data-recalc-dims=\"1\" fetchpriority=\"high\" decoding=\"async\" width=\"800\" height=\"420\" src=\"https:\/\/i0.wp.com\/minutobahia24h.com.br\/wp-content\/uploads\/2025\/03\/Sem-titulo-352-1024x538.jpg?resize=800%2C420&#038;ssl=1\" alt=\"\" class=\"wp-image-26534\" srcset=\"https:\/\/i0.wp.com\/minutobahia24h.com.br\/wp-content\/uploads\/2025\/03\/Sem-titulo-352.jpg?resize=1024%2C538&amp;ssl=1 1024w, https:\/\/i0.wp.com\/minutobahia24h.com.br\/wp-content\/uploads\/2025\/03\/Sem-titulo-352.jpg?resize=300%2C158&amp;ssl=1 300w, https:\/\/i0.wp.com\/minutobahia24h.com.br\/wp-content\/uploads\/2025\/03\/Sem-titulo-352.jpg?resize=768%2C403&amp;ssl=1 768w, https:\/\/i0.wp.com\/minutobahia24h.com.br\/wp-content\/uploads\/2025\/03\/Sem-titulo-352.jpg?resize=750%2C394&amp;ssl=1 750w, https:\/\/i0.wp.com\/minutobahia24h.com.br\/wp-content\/uploads\/2025\/03\/Sem-titulo-352.jpg?resize=1140%2C599&amp;ssl=1 1140w, https:\/\/i0.wp.com\/minutobahia24h.com.br\/wp-content\/uploads\/2025\/03\/Sem-titulo-352.jpg?w=1200&amp;ssl=1 1200w\" sizes=\"(max-width: 800px) 100vw, 800px\" \/><figcaption class=\"wp-element-caption\">Foto: Divulga\u00e7\u00e3o \/ PT<br><\/figcaption><\/figure>\n<\/div>\n\n\n<p>A disputa pelo comando do PT da Bahia se transformou em mais um cap\u00edtulo do embate pol\u00edtico entre o ministro da Casa Civil, Rui Costa, e o senador Jaques Wagner, deixando o governador Jer\u00f4nimo Rodrigues no meio do fogo cruzado. Com vetos de ambos os lados, a sucess\u00e3o da presid\u00eancia estadual do partido voltou \u00e0 \u201cestaca zero\u201d, sem um nome de consenso definido para o Processo de Elei\u00e7\u00e3o Direta (PED).<\/p>\n\n\n\n<p>Segundo informa\u00e7\u00f5es obtidas pelo Bahia Not\u00edcias, o\u00a0senador Jaques Wagner e o atual presidente do PT, \u00c9den Valadares, vinham articulando a candidatura de Sandro Magalh\u00e3es, presidente da sigla em Serrinha. No entanto, o movimento perdeu for\u00e7a ap\u00f3s a interven\u00e7\u00e3o do ministro da Casa Civil, Rui Costa, que rejeitou a indica\u00e7\u00e3o. Segundo um membro do governo, mesmo com a articula\u00e7\u00e3o de Wagner, n\u00e3o foi suficiente para garantir o consenso.<\/p>\n\n\n\n<p>\u201cExistia uma constru\u00e7\u00e3o de Wagner com \u00c9den para ser Sandro de Serrinha. De repente, Rui entra pelo meio e disse que n\u00e3o queria. A\u00ed virou natimorta\u201d, contou a fonte \u00e0 reportagem.\u00a0<\/p>\n\n\n\n<p>Ao BN, uma lideran\u00e7a petista revelou que Sandro, inclusive, estava com a nomea\u00e7\u00e3o pronta para assumir um cargo na gest\u00e3o de Jer\u00f4nimo Rodrigues. Segundo ela, o presidente do PT de Serrinha teria sua efetiva\u00e7\u00e3o publicada no Di\u00e1rio Oficial do Estado (DOE) do \u00faltimo s\u00e1bado (22), mas a possibilidade de assumir a executiva estadual da sigla travou as tratativas.<\/p>\n\n\n\n<p>Nos bastidores, outra alternativa chegou a ser considerada. O secret\u00e1rio de Justi\u00e7a e Direitos Humanos do Estado da Bahia (SJDH), Felipe Freitas, era o nome defendido por \u00c9den e aceito tanto por Wagner quanto por Jer\u00f4nimo. No entanto, Felipe n\u00e3o demonstrou interesse na disputa, o que levou o governador a resgatar o nome de Sandro, com quem trabalhou no Movimento de Organiza\u00e7\u00e3o Comunit\u00e1ria (MOC).<\/p>\n\n\n\n<p>\u201cWagner topou. Jer\u00f4nimo tamb\u00e9m. Jer\u00f4nimo n\u00e3o conseguiu convencer Felipe. E tirou Sandro da cartola\u201d, revelou a lideran\u00e7a.<\/p>\n\n\n\n<p>O BN recebeu informa\u00e7\u00f5es de que o\u00a0impasse cresceu quando Rui vetou Sandro, interpretando a escolha como uma indica\u00e7\u00e3o de Wagner, e sugeriu J\u00falio Pinheiro, ex-prefeito de Amargosa que deixou o cargo este ano ap\u00f3s ter dois mandatos consecutivos. No entanto, a indica\u00e7\u00e3o de J\u00falio tamb\u00e9m n\u00e3o avan\u00e7ou, consolidando um cen\u00e1rio de indefini\u00e7\u00e3o.\u00a0<\/p>\n\n\n\n<p>Para lideran\u00e7as do partido, o cen\u00e1rio se assemelha a outras disputas recentes dentro do governo estadual, como a escolha da presid\u00eancia da Embasa e o comando da Secretaria de Comunica\u00e7\u00e3o (Secom). No caso da Embasa, Jer\u00f4nimo conseguiu indicar um nome pr\u00f3prio, enquanto na Secom ainda busca uma alternativa que n\u00e3o seja vista como uma imposi\u00e7\u00e3o de Wagner ou Rui.<\/p>\n\n\n\n<p>Com a inscri\u00e7\u00e3o das chapas prevista para o final de abril, o PT baiano ainda tem tempo para encontrar um consenso. Por ora, a disputa interna segue travada, com os dois principais nomes at\u00e9 ent\u00e3o \u2013 Sandro e J\u00falio \u2013 anulando-se mutuamente no embate entre Wagner e Rui.<\/p>\n\n\n\n<p>BN<\/p>\n","protected":false},"excerpt":{"rendered":"<p>A disputa pelo comando do PT da Bahia se transformou em mais um cap\u00edtulo do embate pol\u00edtico entre o ministro da Casa Civil, Rui Costa, e o senador Jaques Wagner, deixando o governador Jer\u00f4nimo Rodrigues no meio do fogo cruzado. Com vetos de ambos os lados, a sucess\u00e3o da presid\u00eancia estadual do partido voltou \u00e0 [&hellip;]<\/p>\n","protected":false},"author":2,"featured_media":26534,"comment_status":"open","ping_status":"open","sticky":false,"template":"","format":"standard","meta":{"_jetpack_memberships_contains_paid_content":false,"footnotes":""},"categories":[46],"tags":[],"class_list":["post-26533","post","type-post","status-publish","format-standard","has-post-thumbnail","hentry","category-noticia"],"aioseo_notices":[],"jetpack_featured_media_url":"https:\/\/i0.wp.com\/minutobahia24h.com.br\/wp-content\/uploads\/2025\/03\/Sem-titulo-352.jpg?fit=1200%2C630&ssl=1","jetpack_sharing_enabled":true,"_links":{"self":[{"href":"https:\/\/minutobahia24h.com.br\/index.php?rest_route=\/wp\/v2\/posts\/26533","targetHints":{"allow":["GET"]}}],"collection":[{"href":"https:\/\/minutobahia24h.com.br\/index.php?rest_route=\/wp\/v2\/posts"}],"about":[{"href":"https:\/\/minutobahia24h.com.br\/index.php?rest_route=\/wp\/v2\/types\/post"}],"author":[{"embeddable":true,"href":"https:\/\/minutobahia24h.com.br\/index.php?rest_route=\/wp\/v2\/users\/2"}],"replies":[{"embeddable":true,"href":"https:\/\/minutobahia24h.com.br\/index.php?rest_route=%2Fwp%2Fv2%2Fcomments&post=26533"}],"version-history":[{"count":1,"href":"https:\/\/minutobahia24h.com.br\/index.php?rest_route=\/wp\/v2\/posts\/26533\/revisions"}],"predecessor-version":[{"id":26535,"href":"https:\/\/minutobahia24h.com.br\/index.php?rest_route=\/wp\/v2\/posts\/26533\/revisions\/26535"}],"wp:featuredmedia":[{"embeddable":true,"href":"https:\/\/minutobahia24h.com.br\/index.php?rest_route=\/wp\/v2\/media\/26534"}],"wp:attachment":[{"href":"https:\/\/minutobahia24h.com.br\/index.php?rest_route=%2Fwp%2Fv2%2Fmedia&parent=26533"}],"wp:term":[{"taxonomy":"category","embeddable":true,"href":"https:\/\/minutobahia24h.com.br\/index.php?rest_route=%2Fwp%2Fv2%2Fcategories&post=26533"},{"taxonomy":"post_tag","embeddable":true,"href":"https:\/\/minutobahia24h.com.br\/index.php?rest_route=%2Fwp%2Fv2%2Ftags&post=26533"}],"curies":[{"name":"wp","href":"https:\/\/api.w.org\/{rel}","templated":true}]}}