{"id":26466,"date":"2025-03-25T07:24:35","date_gmt":"2025-03-25T10:24:35","guid":{"rendered":"https:\/\/minutobahia24h.com.br\/?p=26466"},"modified":"2025-03-25T07:24:37","modified_gmt":"2025-03-25T10:24:37","slug":"caso-davi-pela-primeira-vez-reportagem-vai-ao-local-onde-ossada-de-crianca-foi-achada","status":"publish","type":"post","link":"https:\/\/minutobahia24h.com.br\/?p=26466","title":{"rendered":"Caso Davi: pela primeira vez, reportagem vai ao local onde ossada de crian\u00e7a foi achada"},"content":{"rendered":"<div class=\"wp-block-image\">\n<figure class=\"aligncenter size-large\"><img data-recalc-dims=\"1\" fetchpriority=\"high\" decoding=\"async\" width=\"800\" height=\"600\" src=\"https:\/\/i0.wp.com\/minutobahia24h.com.br\/wp-content\/uploads\/2025\/03\/Sem-titulo-330-1024x768.jpg?resize=800%2C600&#038;ssl=1\" alt=\"\" class=\"wp-image-26467\" srcset=\"https:\/\/i0.wp.com\/minutobahia24h.com.br\/wp-content\/uploads\/2025\/03\/Sem-titulo-330.jpg?resize=1024%2C768&amp;ssl=1 1024w, https:\/\/i0.wp.com\/minutobahia24h.com.br\/wp-content\/uploads\/2025\/03\/Sem-titulo-330.jpg?resize=300%2C225&amp;ssl=1 300w, https:\/\/i0.wp.com\/minutobahia24h.com.br\/wp-content\/uploads\/2025\/03\/Sem-titulo-330.jpg?resize=768%2C576&amp;ssl=1 768w, https:\/\/i0.wp.com\/minutobahia24h.com.br\/wp-content\/uploads\/2025\/03\/Sem-titulo-330.jpg?resize=750%2C563&amp;ssl=1 750w, https:\/\/i0.wp.com\/minutobahia24h.com.br\/wp-content\/uploads\/2025\/03\/Sem-titulo-330.jpg?resize=1140%2C855&amp;ssl=1 1140w, https:\/\/i0.wp.com\/minutobahia24h.com.br\/wp-content\/uploads\/2025\/03\/Sem-titulo-330.jpg?w=1280&amp;ssl=1 1280w\" sizes=\"(max-width: 800px) 100vw, 800px\" \/><\/figure>\n<\/div>\n\n\n<p>Nem o calor das 6h30 do dia 22 de mar\u00e7o, ainda t\u00edmido em rela\u00e7\u00e3o aos 35\u00ba C de sensa\u00e7\u00e3o durante o dia, foi suficiente para fazer Lilia Lima desistir de ver, pela primeira vez, o local que finalizou uma de suas ang\u00fastias. Em novembro de 2024, a ossada do filho dela, Davi Lima da Silva, foi encontrada em uma serra de dif\u00edcil acesso no munic\u00edpio de Iti\u00faba, Nordeste da Bahia. Ele estava desaparecido h\u00e1 mais de tr\u00eas anos.<\/p>\n\n\n\n<p>O rep\u00f3rter Jean Mendes acompanhou Lilia at\u00e9 o local. Os mais de 60 minutos de caminhada ficavam ainda mais dif\u00edceis a cada minuto, por conta da subida \u00edngreme e da caatinga, ainda verde por conta das chuvas de dois meses atr\u00e1s. Quem nos guia \u00e9 Rafael Matos. Com seu fiel escudeiro, o fac\u00e3o usado para cortar galhos, ele revela que, em 2021, ajudou nas buscas por Davi. Aquele local que est\u00e1vamos, ali\u00e1s, j\u00e1 tinha sido alvo de ca\u00e7adores, drones e helic\u00f3pteros.<\/p>\n\n\n\n<p>&#8220;[A ossada] foi achada por aqui, assim. Meu cora\u00e7\u00e3o est\u00e1 apertado. \u00c9 uma dor que estou sentindo. Ele n\u00e3o chegaria aqui sozinho. A gente andou mais de um quil\u00f4metro e tivemos empecilho para chegar. \u00c9 um local que n\u00e3o tem condi\u00e7\u00f5es de uma crian\u00e7a chegar. \u00c9 triste de imaginar que ele foi abandonado aqui. N\u00e3o tenho uma explica\u00e7\u00e3o. Faltam palavras. Pedi for\u00e7as a Deus para ver esse lugar\u201d, disse ela.<\/p>\n\n\n\n<p>A fala da m\u00e3e de Davi vai de encontro \u00e0 investiga\u00e7\u00e3o da Pol\u00edcia Civil. \u00c9 que a Delegacia Territorial de Iti\u00faba finalizou o inqu\u00e9rito no \u00faltimo dia 14 de mar\u00e7o, afirmando que o garoto se perdeu na mata e, por isso, morreu. A cidade n\u00e3o acredita nisso.<\/p>\n\n\n\n<p>\u201c\u00c9 complexo, porque aqui \u00e9 dificultosa a entrada. H\u00e1 muita pedra, espinho e mata fechada. A gente veio pela frente, que \u00e9 um pasto, e j\u00e1 foi dif\u00edcil. Pela mata \u00e9 improv\u00e1vel. Acho dif\u00edcil Davi ter vindo pela mata. Para quem n\u00e3o conhece, n\u00e3o tenho f\u00e9 de ter chegado aqui. Em 2021 [quando Davi sumiu], estava mais seco. Ent\u00e3o, era mais dif\u00edcil por conta do calor. Tinha espinho pelo ch\u00e3o\u201d, contou o guia Rafael.<\/p>\n\n\n\n<p>no final da nossa subida, uma surpresa: Terezinha Lima, m\u00e3e de Lilia e av\u00f3 de Davi, nos acompanhava de longe, sem que soub\u00e9ssemos. \u201cEu estava com vontade de ver o lugar. Ele n\u00e3o tinha condi\u00e7\u00f5es de vir aqui, pelo ro\u00e7ado. Se ele tivesse morrido aqui, acho que teria urubu. Al\u00e9m disso, ca\u00e7adores teriam visto. Ele n\u00e3o tinha condi\u00e7\u00f5es de morrer aqui\u201d, confidenciou.<\/p>\n\n\n\n<p>\u201cEle estava descal\u00e7o. A gente est\u00e1 de bota, e com espinhos nos p\u00e9s. Aqui, nem um segundo a gente fica descal\u00e7o. \u00c9 caatinga. Aqui, tem cip\u00f3. At\u00e9 para um animal entrar aqui \u00e9 dif\u00edcil\u201d, completou Lilia, apontando para a vegeta\u00e7\u00e3o local.<\/p>\n\n\n\n<p>Not\u00edcias de Queimadas&nbsp;<\/p>\n","protected":false},"excerpt":{"rendered":"<p>Nem o calor das 6h30 do dia 22 de mar\u00e7o, ainda t\u00edmido em rela\u00e7\u00e3o aos 35\u00ba C de sensa\u00e7\u00e3o durante o dia, foi suficiente para fazer Lilia Lima desistir de ver, pela primeira vez, o local que finalizou uma de suas ang\u00fastias. Em novembro de 2024, a ossada do filho dela, Davi Lima da Silva, [&hellip;]<\/p>\n","protected":false},"author":2,"featured_media":26467,"comment_status":"open","ping_status":"open","sticky":false,"template":"","format":"standard","meta":{"_jetpack_memberships_contains_paid_content":false,"footnotes":""},"categories":[3],"tags":[],"class_list":["post-26466","post","type-post","status-publish","format-standard","has-post-thumbnail","hentry","category-regional"],"aioseo_notices":[],"jetpack_featured_media_url":"https:\/\/i0.wp.com\/minutobahia24h.com.br\/wp-content\/uploads\/2025\/03\/Sem-titulo-330.jpg?fit=1280%2C960&ssl=1","jetpack_sharing_enabled":true,"_links":{"self":[{"href":"https:\/\/minutobahia24h.com.br\/index.php?rest_route=\/wp\/v2\/posts\/26466","targetHints":{"allow":["GET"]}}],"collection":[{"href":"https:\/\/minutobahia24h.com.br\/index.php?rest_route=\/wp\/v2\/posts"}],"about":[{"href":"https:\/\/minutobahia24h.com.br\/index.php?rest_route=\/wp\/v2\/types\/post"}],"author":[{"embeddable":true,"href":"https:\/\/minutobahia24h.com.br\/index.php?rest_route=\/wp\/v2\/users\/2"}],"replies":[{"embeddable":true,"href":"https:\/\/minutobahia24h.com.br\/index.php?rest_route=%2Fwp%2Fv2%2Fcomments&post=26466"}],"version-history":[{"count":1,"href":"https:\/\/minutobahia24h.com.br\/index.php?rest_route=\/wp\/v2\/posts\/26466\/revisions"}],"predecessor-version":[{"id":26468,"href":"https:\/\/minutobahia24h.com.br\/index.php?rest_route=\/wp\/v2\/posts\/26466\/revisions\/26468"}],"wp:featuredmedia":[{"embeddable":true,"href":"https:\/\/minutobahia24h.com.br\/index.php?rest_route=\/wp\/v2\/media\/26467"}],"wp:attachment":[{"href":"https:\/\/minutobahia24h.com.br\/index.php?rest_route=%2Fwp%2Fv2%2Fmedia&parent=26466"}],"wp:term":[{"taxonomy":"category","embeddable":true,"href":"https:\/\/minutobahia24h.com.br\/index.php?rest_route=%2Fwp%2Fv2%2Fcategories&post=26466"},{"taxonomy":"post_tag","embeddable":true,"href":"https:\/\/minutobahia24h.com.br\/index.php?rest_route=%2Fwp%2Fv2%2Ftags&post=26466"}],"curies":[{"name":"wp","href":"https:\/\/api.w.org\/{rel}","templated":true}]}}