{"id":26454,"date":"2025-03-25T07:16:58","date_gmt":"2025-03-25T10:16:58","guid":{"rendered":"https:\/\/minutobahia24h.com.br\/?p=26454"},"modified":"2025-03-25T07:16:59","modified_gmt":"2025-03-25T10:16:59","slug":"moradores-de-varzea-da-roca-se-revoltam-com-falta-de-agua-e-criticam-embasa","status":"publish","type":"post","link":"https:\/\/minutobahia24h.com.br\/?p=26454","title":{"rendered":"Moradores de V\u00e1rzea da Ro\u00e7a se Revoltam com Falta de \u00c1gua e Criticam Embasa"},"content":{"rendered":"<div class=\"wp-block-image\">\n<figure class=\"aligncenter size-full\"><img data-recalc-dims=\"1\" fetchpriority=\"high\" decoding=\"async\" width=\"800\" height=\"600\" src=\"https:\/\/i0.wp.com\/minutobahia24h.com.br\/wp-content\/uploads\/2025\/03\/Sem-titulo-326.jpg?resize=800%2C600&#038;ssl=1\" alt=\"\" class=\"wp-image-26455\" srcset=\"https:\/\/i0.wp.com\/minutobahia24h.com.br\/wp-content\/uploads\/2025\/03\/Sem-titulo-326.jpg?w=960&amp;ssl=1 960w, https:\/\/i0.wp.com\/minutobahia24h.com.br\/wp-content\/uploads\/2025\/03\/Sem-titulo-326.jpg?resize=300%2C225&amp;ssl=1 300w, https:\/\/i0.wp.com\/minutobahia24h.com.br\/wp-content\/uploads\/2025\/03\/Sem-titulo-326.jpg?resize=768%2C576&amp;ssl=1 768w, https:\/\/i0.wp.com\/minutobahia24h.com.br\/wp-content\/uploads\/2025\/03\/Sem-titulo-326.jpg?resize=750%2C563&amp;ssl=1 750w\" sizes=\"(max-width: 800px) 100vw, 800px\" \/><\/figure>\n<\/div>\n\n\n<p>Moradores de V\u00e1rzea da Ro\u00e7a, munic\u00edpio localizado na regi\u00e3o de Jacobina, t\u00eam enfrentado s\u00e9rios problemas com a falta de \u00e1gua nas torneiras, o que tem gerado grande revolta na popula\u00e7\u00e3o. Na \u00faltima semana, a situa\u00e7\u00e3o foi debatida durante uma sess\u00e3o na C\u00e2mara Municipal, onde vereadores expressaram seu descontentamento com o servi\u00e7o prestado pela Embasa.<\/p>\n\n\n\n<p>O vereador Ednaldo foi o primeiro a se manifestar sobre a situa\u00e7\u00e3o, demonstrando frustra\u00e7\u00e3o com a postura do gerente local da Embasa. \u201cQuando a gente procura o gerente, ele diz que \u00e9 novo na cidade, que n\u00e3o pode fazer nada e pediu que a gente convocasse o gerente dele, que fica em Feira de Santana\u201d, relatou o vereador, que questionou a efic\u00e1cia do atendimento da empresa.<\/p>\n\n\n\n<p>A fala de Ednaldo gerou um forte posicionamento do vereador Val, que tamb\u00e9m subiu \u00e0 tribuna para criticar duramente a postura da Embasa e do novo gerente. \u201cA Embasa \u00e9 uma vergonha. O povo est\u00e1 revoltado, e n\u00f3s, vereadores, temos que ser cobrados, porque o povo nos paga para resolver esses problemas. Agora, o gerente vem dizer que a gente tem que fazer of\u00edcio para convidar o superior dele em Feira de Santana? Isso \u00e9 uma vergonha! Esse rapaz, que eu nem conhe\u00e7o, assume um cargo de chefe, e essa casa tem que convidar \u00e9 ele e, convidar tamb\u00e9m o povo, para que ele explique por que h\u00e1 tanta falta de \u00e1gua\u201d, disparou o vereador.<\/p>\n\n\n\n<p>Al\u00e9m das cr\u00edticas ao gerente, Val ainda destacou o discurso repetitivo da Embasa em justificar a falta de \u00e1gua com a alega\u00e7\u00e3o de quedas de energia. \u201cA \u00fanica resposta que a Embasa d\u00e1 \u00e0 popula\u00e7\u00e3o \u00e9 que houve queda de energia. Mas isso n\u00e3o explica o problema cont\u00ednuo da falta de \u00e1gua\u201d, afirmou.<\/p>\n\n\n\n<p>A insatisfa\u00e7\u00e3o da popula\u00e7\u00e3o com a Embasa segue crescendo, e a cobran\u00e7a por solu\u00e7\u00f5es imediatas tem se intensificado, com os vereadores prometendo continuar pressionando a empresa para que providencie uma resposta concreta para a crise h\u00eddrica que afeta V\u00e1rzea da Ro\u00e7a.<\/p>\n\n\n\n<p><strong><em>Por: Ivan Silva\/IVANSILVANOTICIA<\/em><\/strong><\/p>\n","protected":false},"excerpt":{"rendered":"<p>Moradores de V\u00e1rzea da Ro\u00e7a, munic\u00edpio localizado na regi\u00e3o de Jacobina, t\u00eam enfrentado s\u00e9rios problemas com a falta de \u00e1gua nas torneiras, o que tem gerado grande revolta na popula\u00e7\u00e3o. Na \u00faltima semana, a situa\u00e7\u00e3o foi debatida durante uma sess\u00e3o na C\u00e2mara Municipal, onde vereadores expressaram seu descontentamento com o servi\u00e7o prestado pela Embasa. O [&hellip;]<\/p>\n","protected":false},"author":2,"featured_media":26455,"comment_status":"open","ping_status":"open","sticky":false,"template":"","format":"standard","meta":{"_jetpack_memberships_contains_paid_content":false,"footnotes":""},"categories":[3],"tags":[],"class_list":["post-26454","post","type-post","status-publish","format-standard","has-post-thumbnail","hentry","category-regional"],"aioseo_notices":[],"jetpack_featured_media_url":"https:\/\/i0.wp.com\/minutobahia24h.com.br\/wp-content\/uploads\/2025\/03\/Sem-titulo-326.jpg?fit=960%2C720&ssl=1","jetpack_sharing_enabled":true,"_links":{"self":[{"href":"https:\/\/minutobahia24h.com.br\/index.php?rest_route=\/wp\/v2\/posts\/26454","targetHints":{"allow":["GET"]}}],"collection":[{"href":"https:\/\/minutobahia24h.com.br\/index.php?rest_route=\/wp\/v2\/posts"}],"about":[{"href":"https:\/\/minutobahia24h.com.br\/index.php?rest_route=\/wp\/v2\/types\/post"}],"author":[{"embeddable":true,"href":"https:\/\/minutobahia24h.com.br\/index.php?rest_route=\/wp\/v2\/users\/2"}],"replies":[{"embeddable":true,"href":"https:\/\/minutobahia24h.com.br\/index.php?rest_route=%2Fwp%2Fv2%2Fcomments&post=26454"}],"version-history":[{"count":1,"href":"https:\/\/minutobahia24h.com.br\/index.php?rest_route=\/wp\/v2\/posts\/26454\/revisions"}],"predecessor-version":[{"id":26456,"href":"https:\/\/minutobahia24h.com.br\/index.php?rest_route=\/wp\/v2\/posts\/26454\/revisions\/26456"}],"wp:featuredmedia":[{"embeddable":true,"href":"https:\/\/minutobahia24h.com.br\/index.php?rest_route=\/wp\/v2\/media\/26455"}],"wp:attachment":[{"href":"https:\/\/minutobahia24h.com.br\/index.php?rest_route=%2Fwp%2Fv2%2Fmedia&parent=26454"}],"wp:term":[{"taxonomy":"category","embeddable":true,"href":"https:\/\/minutobahia24h.com.br\/index.php?rest_route=%2Fwp%2Fv2%2Fcategories&post=26454"},{"taxonomy":"post_tag","embeddable":true,"href":"https:\/\/minutobahia24h.com.br\/index.php?rest_route=%2Fwp%2Fv2%2Ftags&post=26454"}],"curies":[{"name":"wp","href":"https:\/\/api.w.org\/{rel}","templated":true}]}}