{"id":26433,"date":"2025-03-24T07:34:31","date_gmt":"2025-03-24T10:34:31","guid":{"rendered":"https:\/\/minutobahia24h.com.br\/?p=26433"},"modified":"2025-03-24T07:34:32","modified_gmt":"2025-03-24T10:34:32","slug":"denuncia-do-golpe-saiba-o-rito-do-julgamento-no-stf-que-pode-tornar-bolsonaro-e-7-aliados-reus","status":"publish","type":"post","link":"https:\/\/minutobahia24h.com.br\/?p=26433","title":{"rendered":"Den\u00fancia do golpe: saiba o rito do julgamento no STF que pode tornar Bolsonaro e 7 aliados r\u00e9us"},"content":{"rendered":"<div class=\"wp-block-image\">\n<figure class=\"aligncenter size-full\"><img data-recalc-dims=\"1\" fetchpriority=\"high\" decoding=\"async\" width=\"800\" height=\"533\" src=\"https:\/\/i0.wp.com\/minutobahia24h.com.br\/wp-content\/uploads\/2025\/03\/Sem-titulo-320.jpg?resize=800%2C533&#038;ssl=1\" alt=\"\" class=\"wp-image-26434\" srcset=\"https:\/\/i0.wp.com\/minutobahia24h.com.br\/wp-content\/uploads\/2025\/03\/Sem-titulo-320.jpg?w=984&amp;ssl=1 984w, https:\/\/i0.wp.com\/minutobahia24h.com.br\/wp-content\/uploads\/2025\/03\/Sem-titulo-320.jpg?resize=300%2C200&amp;ssl=1 300w, https:\/\/i0.wp.com\/minutobahia24h.com.br\/wp-content\/uploads\/2025\/03\/Sem-titulo-320.jpg?resize=768%2C511&amp;ssl=1 768w, https:\/\/i0.wp.com\/minutobahia24h.com.br\/wp-content\/uploads\/2025\/03\/Sem-titulo-320.jpg?resize=750%2C499&amp;ssl=1 750w\" sizes=\"(max-width: 800px) 100vw, 800px\" \/><figcaption class=\"wp-element-caption\">Ex-presidente Jair Bolsonaro pode se tornar r\u00e9u por tentativa de golpe de Estado \u2014 Foto: Sergio Lima \/ AFP<br><br><\/figcaption><\/figure>\n<\/div>\n\n\n<p>A Primeira Turma do Supremo Tribunal Federal (<a class=\"\" href=\"https:\/\/g1.globo.com\/tudo-sobre\/supremo-tribunal-federal\/\">STF<\/a>) vai dedicar tr\u00eas sess\u00f5es, entre ter\u00e7a (25) e quarta-feira (26), para decidir se aceita<a class=\"\" href=\"https:\/\/g1.globo.com\/politica\/noticia\/2025\/03\/18\/golpe-de-estado-moraes-libera-para-julgamento-denuncia-de-nucleo-que-tem-ex-prf-e-ex-assessores-de-bolsonaro.ghtmlhttps:\/\/g1.globo.com\/politica\/noticia\/2025\/02\/18\/veja-integra-da-denuncia-da-pgr-contra-bolsonaro-e-mais-33-por-tentativa-de-golpe-de-estado.ghtml\">&nbsp;den\u00fancia contra o ex-presidente Jair Bolsonaro (PL) e outros sete acusados<\/a>&nbsp;de tentativa de golpe de Estado em 2022.<\/p>\n\n\n\n<p>Segundo a Procuradoria-Geral da Rep\u00fablica (PGR), essas pessoas<a class=\"\" href=\"https:\/\/g1.globo.com\/politica\/noticia\/2025\/03\/19\/bolsonaro-braga-netto-kids-pretos-relembre-nucleos-do-inquerito-do-golpe-e-as-datas-de-julgamento-no-stf.ghtml\">&nbsp;fazem parte do &#8220;n\u00facleo crucial&#8221; da organiza\u00e7\u00e3o criminosa<\/a>. Integram esse grupo:<\/p>\n\n\n\n<ol class=\"wp-block-list\">\n<li><a class=\"\" href=\"https:\/\/g1.globo.com\/politica\/politico\/jair-bolsonaro\/\">Jair Bolsonaro<\/a>, ex-presidente;<\/li>\n\n\n\n<li><a class=\"\" href=\"https:\/\/g1.globo.com\/tudo-sobre\/alexandre-ramagem\/\">Alexandre Ramagem<\/a>, ex-diretor-geral da Ag\u00eancia Brasileira de Intelig\u00eancia (<a class=\"\" href=\"https:\/\/g1.globo.com\/tudo-sobre\/abin\/\">Abin<\/a>);<\/li>\n\n\n\n<li>Almir Garnier Santos; ex-comandante da Marinha do Brasil;<\/li>\n\n\n\n<li><a class=\"\" href=\"https:\/\/g1.globo.com\/tudo-sobre\/anderson-torres\/\">Anderson Torres<\/a>; ex-ministro da Justi\u00e7a e ex-secret\u00e1rio de Seguran\u00e7a P\u00fablica do Distrito Federal;<\/li>\n\n\n\n<li>General Augusto Heleno; ex-ministro do Gabinete de Seguran\u00e7a Institucional da Presid\u00eancia;<\/li>\n\n\n\n<li><a class=\"\" href=\"https:\/\/g1.globo.com\/tudo-sobre\/mauro-cid\">Mauro Cid<\/a>; ex-chefe da Ajud\u00e2ncia de Ordens da Presid\u00eancia;<\/li>\n\n\n\n<li>Paulo S\u00e9rgio Nogueira, ex-ministro da Defesa; e<\/li>\n\n\n\n<li><a class=\"\" href=\"https:\/\/g1.globo.com\/tudo-sobre\/walter-souza-braga-netto\/\">Walter Souza Braga Netto<\/a>, ex-ministro da\u00a0<a class=\"\" href=\"https:\/\/g1.globo.com\/tudo-sobre\/casa-civil\/\">Casa Civil<\/a>.<\/li>\n<\/ol>\n\n\n\n<p>Os cinco ministros da Primeira Turma v\u00e3o decidir se recebem ou n\u00e3o a&nbsp;<a class=\"\" href=\"https:\/\/g1.globo.com\/politica\/noticia\/2025\/02\/18\/veja-integra-da-denuncia-da-pgr-contra-bolsonaro-e-mais-33-por-tentativa-de-golpe-de-estado.ghtml\">den\u00fancia&nbsp;<\/a>contra Bolsonaro e os sete aliados. Os&nbsp;<a class=\"\" href=\"https:\/\/g1.globo.com\/politica\/blog\/andreia-sadi\/post\/2025\/02\/19\/pena-bolsonaro.ghtml\">oito s\u00e3o acusados de terem cometido cinco crimes<\/a>:<\/p>\n\n\n\n<ol class=\"wp-block-list\">\n<li>golpe de Estado<\/li>\n\n\n\n<li>aboli\u00e7\u00e3o violenta do Estado Democr\u00e1tico de Direito<\/li>\n\n\n\n<li>organiza\u00e7\u00e3o criminosa armada<\/li>\n\n\n\n<li>dano qualificado<\/li>\n\n\n\n<li>e deteriora\u00e7\u00e3o de patrim\u00f4nio tombado.<\/li>\n<\/ol>\n\n\n\n<p>Se for rejeitada, a acusa\u00e7\u00e3o ser\u00e1 arquivada. Se a acusa\u00e7\u00e3o for aceita pela Primeira Turma,&nbsp;ser\u00e1 aberta uma a\u00e7\u00e3o penal e os denunciados v\u00e3o se tornar r\u00e9us no tribunal.<\/p>\n\n\n\n<p>O&nbsp;<strong>g1&nbsp;<\/strong>explica nesta reportagem como ser\u00e1 o rito de julgamento. As sess\u00f5es est\u00e3o marcadas para a ter\u00e7a-feira (25), \u00e0s 09h30 e \u00e0s 14h; e, para quarta-feira (26), \u00e0s 09h30.<\/p>\n\n\n\n<h2 class=\"wp-block-heading\">O passo a passo<\/h2>\n\n\n\n<p>Veja em t\u00f3picos como ser\u00e1 a an\u00e1lise da&nbsp;<a class=\"\" href=\"https:\/\/g1.globo.com\/politica\/blog\/andreia-sadi\/post\/2025\/02\/19\/pena-bolsonaro.ghtml\">den\u00fancia contra Bolsonaro&nbsp;<\/a>e os aliados.<\/p>\n\n\n\n<ol class=\"wp-block-list\">\n<li>a primeira sess\u00e3o ser\u00e1 aberta pelo presidente da Primeira Turma, ministro\u00a0<a class=\"\" href=\"https:\/\/g1.globo.com\/tudo-sobre\/cristiano-zanin\/\">Cristiano Zanin<\/a>;<\/li>\n\n\n\n<li>na sequ\u00eancia, ser\u00e1 lido o relat\u00f3rio pelo ministro\u00a0<a class=\"\" href=\"https:\/\/g1.globo.com\/tudo-sobre\/alexandre-de-moraes\/\">Alexandre de Moraes<\/a>. O\u00a0documento re\u00fane informa\u00e7\u00f5es sobre o andamento das investiga\u00e7\u00f5es;<\/li>\n\n\n\n<li>autora da den\u00fancia, a\u00a0PGR deve apresentar suas considera\u00e7\u00f5es sobre o caso. A chamada sustenta\u00e7\u00e3o oral ter\u00e1\u00a0<strong>30 minutos de dura\u00e7\u00e3o<\/strong>\u00a0e ser\u00e1 feita pelo procurador-geral,\u00a0<a class=\"\" href=\"https:\/\/g1.globo.com\/tudo-sobre\/paulo-gonet\">Paulo Gonet<\/a>.<\/li>\n\n\n\n<li>Os advogados dos acusados v\u00e3o apresentar seus argumentos. Cada representante ter\u00e1\u00a0<strong>15 minutos<\/strong>, em ordem a ser definida pelo presidente da Turma, Cristiano Zanin;<\/li>\n\n\n\n<li>o relator, Alexandre de Moraes, come\u00e7a a votar sobre as chamadas quest\u00f5es preliminares \u2013 s\u00e3o questionamentos processuais levantados pela defesa, como compet\u00eancia do colegiado para julgamento, por exemplo);<\/li>\n\n\n\n<li>os outros quatro ministros da Turma votam sobre as preliminares. Apresentam seus votos nesta ordem:\u00a0<a class=\"\" href=\"https:\/\/g1.globo.com\/tudo-sobre\/flavio-dino\/\">Fl\u00e1vio Dino<\/a>,\u00a0<a class=\"\" href=\"https:\/\/g1.globo.com\/tudo-sobre\/luiz-fux\/\">Luiz Fux<\/a>,\u00a0<a class=\"\" href=\"https:\/\/g1.globo.com\/tudo-sobre\/carmen-lucia\/\">C\u00e1rmen L\u00facia<\/a>\u00a0e Cristiano Zanin, que preside o colegiado.<\/li>\n\n\n\n<li>o relator, ent\u00e3o,\u00a0analisa o m\u00e9rito da den\u00fancia, ou seja, se manifesta diretamente sobre o pedido de abertura de a\u00e7\u00e3o penal;<\/li>\n\n\n\n<li>os\u00a0demais ministros votam no m\u00e9rito. Apresentam seus votos nesta ordem: Fl\u00e1vio Dino, Luiz Fux, C\u00e1rmen L\u00facia e Cristiano Zanin.<\/li>\n<\/ol>\n\n\n\n<h2 class=\"wp-block-heading\">Pr\u00f3ximas etapas<\/h2>\n\n\n\n<p>Da decis\u00e3o dos ministros, cabe recurso \u00e0 pr\u00f3pria Turma. S\u00e3o poss\u00edveis, por exemplo, os embargos de declara\u00e7\u00e3o, que buscam esclarecer pontos obscuros e contradit\u00f3rios ou apontar eventuais omiss\u00f5es ou, at\u00e9 mesmo, erros na decis\u00e3o.<\/p>\n\n\n\n<p>Se for aberta a a\u00e7\u00e3o penal, o grupo vai responder a um processo no STF. O pr\u00f3ximo passo \u00e9 a abertura da fase de instru\u00e7\u00e3o processual, quando s\u00e3o colhidas as provas e depoimentos de testemunhas e acusados.<\/p>\n\n\n\n<p>Encerrada esta etapa, ser\u00e1 realizado outro julgamento: desta vez, os ministros v\u00e3o decidir se os envolvidos s\u00e3o considerados culpados ou inocentes. Se forem inocentados, o processo ser\u00e1 arquivado.<\/p>\n\n\n\n<p>Se&nbsp;forem condenados, ter\u00e3o fixadas penas de forma individual, a depender da participa\u00e7\u00e3o de cada um nas a\u00e7\u00f5es ilegais.<\/p>\n","protected":false},"excerpt":{"rendered":"<p>A Primeira Turma do Supremo Tribunal Federal (STF) vai dedicar tr\u00eas sess\u00f5es, entre ter\u00e7a (25) e quarta-feira (26), para decidir se aceita&nbsp;den\u00fancia contra o ex-presidente Jair Bolsonaro (PL) e outros sete acusados&nbsp;de tentativa de golpe de Estado em 2022. Segundo a Procuradoria-Geral da Rep\u00fablica (PGR), essas pessoas&nbsp;fazem parte do &#8220;n\u00facleo crucial&#8221; da organiza\u00e7\u00e3o criminosa. Integram [&hellip;]<\/p>\n","protected":false},"author":2,"featured_media":26434,"comment_status":"open","ping_status":"open","sticky":false,"template":"","format":"standard","meta":{"_jetpack_memberships_contains_paid_content":false,"footnotes":""},"categories":[39],"tags":[],"class_list":["post-26433","post","type-post","status-publish","format-standard","has-post-thumbnail","hentry","category-politica"],"aioseo_notices":[],"jetpack_featured_media_url":"https:\/\/i0.wp.com\/minutobahia24h.com.br\/wp-content\/uploads\/2025\/03\/Sem-titulo-320.jpg?fit=984%2C655&ssl=1","jetpack_sharing_enabled":true,"_links":{"self":[{"href":"https:\/\/minutobahia24h.com.br\/index.php?rest_route=\/wp\/v2\/posts\/26433","targetHints":{"allow":["GET"]}}],"collection":[{"href":"https:\/\/minutobahia24h.com.br\/index.php?rest_route=\/wp\/v2\/posts"}],"about":[{"href":"https:\/\/minutobahia24h.com.br\/index.php?rest_route=\/wp\/v2\/types\/post"}],"author":[{"embeddable":true,"href":"https:\/\/minutobahia24h.com.br\/index.php?rest_route=\/wp\/v2\/users\/2"}],"replies":[{"embeddable":true,"href":"https:\/\/minutobahia24h.com.br\/index.php?rest_route=%2Fwp%2Fv2%2Fcomments&post=26433"}],"version-history":[{"count":1,"href":"https:\/\/minutobahia24h.com.br\/index.php?rest_route=\/wp\/v2\/posts\/26433\/revisions"}],"predecessor-version":[{"id":26435,"href":"https:\/\/minutobahia24h.com.br\/index.php?rest_route=\/wp\/v2\/posts\/26433\/revisions\/26435"}],"wp:featuredmedia":[{"embeddable":true,"href":"https:\/\/minutobahia24h.com.br\/index.php?rest_route=\/wp\/v2\/media\/26434"}],"wp:attachment":[{"href":"https:\/\/minutobahia24h.com.br\/index.php?rest_route=%2Fwp%2Fv2%2Fmedia&parent=26433"}],"wp:term":[{"taxonomy":"category","embeddable":true,"href":"https:\/\/minutobahia24h.com.br\/index.php?rest_route=%2Fwp%2Fv2%2Fcategories&post=26433"},{"taxonomy":"post_tag","embeddable":true,"href":"https:\/\/minutobahia24h.com.br\/index.php?rest_route=%2Fwp%2Fv2%2Ftags&post=26433"}],"curies":[{"name":"wp","href":"https:\/\/api.w.org\/{rel}","templated":true}]}}