{"id":26299,"date":"2025-03-20T16:48:26","date_gmt":"2025-03-20T19:48:26","guid":{"rendered":"https:\/\/minutobahia24h.com.br\/?p=26299"},"modified":"2025-03-20T16:48:27","modified_gmt":"2025-03-20T19:48:27","slug":"prefeitura-de-andorinha-inicia-cursos-do-programa-qualifica-bahia","status":"publish","type":"post","link":"https:\/\/minutobahia24h.com.br\/?p=26299","title":{"rendered":"Prefeitura de Andorinha Inicia Cursos do Programa Qualifica Bahia"},"content":{"rendered":"<div class=\"wp-block-image\">\n<figure class=\"aligncenter size-full\"><img data-recalc-dims=\"1\" fetchpriority=\"high\" decoding=\"async\" width=\"472\" height=\"488\" src=\"https:\/\/i0.wp.com\/minutobahia24h.com.br\/wp-content\/uploads\/2025\/03\/Sem-titulo-283.jpg?resize=472%2C488&#038;ssl=1\" alt=\"\" class=\"wp-image-26300\" srcset=\"https:\/\/i0.wp.com\/minutobahia24h.com.br\/wp-content\/uploads\/2025\/03\/Sem-titulo-283.jpg?w=472&amp;ssl=1 472w, https:\/\/i0.wp.com\/minutobahia24h.com.br\/wp-content\/uploads\/2025\/03\/Sem-titulo-283.jpg?resize=290%2C300&amp;ssl=1 290w\" sizes=\"(max-width: 472px) 100vw, 472px\" \/><\/figure>\n<\/div>\n\n\n<p>A Prefeitura de Andorinha, em parceria com a Secretaria de Assist\u00eancia Social, deu in\u00edcio aos cursos de capacita\u00e7\u00e3o do programa Qualifica Bahia. Os cursos oferecidos incluem as forma\u00e7\u00f5es para confeiteiro e padeiro, ampliando as oportunidades de qualifica\u00e7\u00e3o profissional para os moradores do munic\u00edpio.<\/p>\n\n\n\n<p>Os cursos est\u00e3o sendo realizados em dois locais diferentes: um curso ocorre na sede do munic\u00edpio de Andorinha, enquanto o outro est\u00e1 sendo conduzido no distrito de Medrado. Essa descentraliza\u00e7\u00e3o visa facilitar o acesso dos alunos \u00e0 capacita\u00e7\u00e3o e garantir uma forma\u00e7\u00e3o mais inclusiva para a popula\u00e7\u00e3o local.<\/p>\n\n\n\n<p>Durante as atividades, o programa contou com a presen\u00e7a de diversas autoridades municipais, como o prefeito Adilberto Evangelista, o vice-prefeito Vagner Lavor, al\u00e9m dos secret\u00e1rios Dourineide Concei\u00e7\u00e3o e Ancelmo Lino, que acompanharam de perto o andamento das aulas e refor\u00e7aram a import\u00e2ncia da qualifica\u00e7\u00e3o profissional para o desenvolvimento socioecon\u00f4mico da cidade.<\/p>\n\n\n\n<p>As forma\u00e7\u00f5es est\u00e3o sendo ministradas por uma equipe de profissionais altamente capacitadas. A professora orientadora Erika Cristiane e Laiza Francinete s\u00e3o respons\u00e1veis pela parte te\u00f3rica do curso, enquanto as orientadoras pr\u00e1ticas Leiliane e Angeli atuam diretamente na aplica\u00e7\u00e3o das t\u00e9cnicas de confeitaria e panifica\u00e7\u00e3o, garantindo que os alunos adquiram experi\u00eancia pr\u00e1tica e estejam preparados para ingressar no mercado de trabalho.<\/p>\n","protected":false},"excerpt":{"rendered":"<p>A Prefeitura de Andorinha, em parceria com a Secretaria de Assist\u00eancia Social, deu in\u00edcio aos cursos de capacita\u00e7\u00e3o do programa Qualifica Bahia. Os cursos oferecidos incluem as forma\u00e7\u00f5es para confeiteiro e padeiro, ampliando as oportunidades de qualifica\u00e7\u00e3o profissional para os moradores do munic\u00edpio. Os cursos est\u00e3o sendo realizados em dois locais diferentes: um curso ocorre [&hellip;]<\/p>\n","protected":false},"author":2,"featured_media":26300,"comment_status":"open","ping_status":"open","sticky":false,"template":"","format":"standard","meta":{"_jetpack_memberships_contains_paid_content":false,"footnotes":""},"categories":[3],"tags":[],"class_list":["post-26299","post","type-post","status-publish","format-standard","has-post-thumbnail","hentry","category-regional"],"aioseo_notices":[],"jetpack_featured_media_url":"https:\/\/i0.wp.com\/minutobahia24h.com.br\/wp-content\/uploads\/2025\/03\/Sem-titulo-283.jpg?fit=472%2C488&ssl=1","jetpack_sharing_enabled":true,"_links":{"self":[{"href":"https:\/\/minutobahia24h.com.br\/index.php?rest_route=\/wp\/v2\/posts\/26299","targetHints":{"allow":["GET"]}}],"collection":[{"href":"https:\/\/minutobahia24h.com.br\/index.php?rest_route=\/wp\/v2\/posts"}],"about":[{"href":"https:\/\/minutobahia24h.com.br\/index.php?rest_route=\/wp\/v2\/types\/post"}],"author":[{"embeddable":true,"href":"https:\/\/minutobahia24h.com.br\/index.php?rest_route=\/wp\/v2\/users\/2"}],"replies":[{"embeddable":true,"href":"https:\/\/minutobahia24h.com.br\/index.php?rest_route=%2Fwp%2Fv2%2Fcomments&post=26299"}],"version-history":[{"count":1,"href":"https:\/\/minutobahia24h.com.br\/index.php?rest_route=\/wp\/v2\/posts\/26299\/revisions"}],"predecessor-version":[{"id":26301,"href":"https:\/\/minutobahia24h.com.br\/index.php?rest_route=\/wp\/v2\/posts\/26299\/revisions\/26301"}],"wp:featuredmedia":[{"embeddable":true,"href":"https:\/\/minutobahia24h.com.br\/index.php?rest_route=\/wp\/v2\/media\/26300"}],"wp:attachment":[{"href":"https:\/\/minutobahia24h.com.br\/index.php?rest_route=%2Fwp%2Fv2%2Fmedia&parent=26299"}],"wp:term":[{"taxonomy":"category","embeddable":true,"href":"https:\/\/minutobahia24h.com.br\/index.php?rest_route=%2Fwp%2Fv2%2Fcategories&post=26299"},{"taxonomy":"post_tag","embeddable":true,"href":"https:\/\/minutobahia24h.com.br\/index.php?rest_route=%2Fwp%2Fv2%2Ftags&post=26299"}],"curies":[{"name":"wp","href":"https:\/\/api.w.org\/{rel}","templated":true}]}}