{"id":26283,"date":"2025-03-20T16:37:23","date_gmt":"2025-03-20T19:37:23","guid":{"rendered":"https:\/\/minutobahia24h.com.br\/?p=26283"},"modified":"2025-03-20T16:37:25","modified_gmt":"2025-03-20T19:37:25","slug":"a-policlinica-de-jacobina-e-a-primeira-em-atendimentos-em-toda-a-bahia","status":"publish","type":"post","link":"https:\/\/minutobahia24h.com.br\/?p=26283","title":{"rendered":"A Policl\u00ednica de Jacobina \u00e9 a primeira em atendimentos em toda a Bahia"},"content":{"rendered":"<div class=\"wp-block-image\">\n<figure class=\"aligncenter size-full\"><img data-recalc-dims=\"1\" fetchpriority=\"high\" decoding=\"async\" width=\"800\" height=\"512\" src=\"https:\/\/i0.wp.com\/minutobahia24h.com.br\/wp-content\/uploads\/2025\/03\/Sem-titulo-280.jpg?resize=800%2C512&#038;ssl=1\" alt=\"\" class=\"wp-image-26284\" srcset=\"https:\/\/i0.wp.com\/minutobahia24h.com.br\/wp-content\/uploads\/2025\/03\/Sem-titulo-280.jpg?w=960&amp;ssl=1 960w, https:\/\/i0.wp.com\/minutobahia24h.com.br\/wp-content\/uploads\/2025\/03\/Sem-titulo-280.jpg?resize=300%2C192&amp;ssl=1 300w, https:\/\/i0.wp.com\/minutobahia24h.com.br\/wp-content\/uploads\/2025\/03\/Sem-titulo-280.jpg?resize=768%2C491&amp;ssl=1 768w, https:\/\/i0.wp.com\/minutobahia24h.com.br\/wp-content\/uploads\/2025\/03\/Sem-titulo-280.jpg?resize=750%2C480&amp;ssl=1 750w\" sizes=\"(max-width: 800px) 100vw, 800px\" \/><\/figure>\n<\/div>\n\n\n<p>A Policl\u00ednica Regional de Sa\u00fade de Jacobina, que integra o Cons\u00f3rcio de Sa\u00fade do Piemonte da Chapada, \u00e9 a primeira na Bahia em consultas especializadas e est\u00e1 entre as quatro em exames procedimentais. Os dados foram revelados durante a reuni\u00e3o operacional de cons\u00f3rcios interfederativos de sa\u00fade do Estado da Bahia, onde estiveram presentes a a secret\u00e1ria de Sa\u00fade do Estado, Roberta Santana e o secret\u00e1rio de Rela\u00e7\u00f5es Institucionais do Estado (Serin], Adolpho Loyola.<\/p>\n\n\n\n<p>A Policl\u00ednica de Jacobina est\u00e1 mudando a realidade da assist\u00eancia de m\u00e9dia e alta complexidade dos 18 munic\u00edpios que fazem parte do Cons\u00f3rcio P\u00fablico Interfederativo de Sa\u00fade da Regi\u00e3o do Piemonte da Diamantina (Consan).<\/p>\n\n\n\n<p>\u201cOs servi\u00e7os de sa\u00fade, antes oferecidos apenas nos grandes centros, principalmente na capital do Estado, Salvador, est\u00e3o agora perto de casa, sem precisar se deslocar longas dist\u00e2ncias ou aguardar tempo excessivo para o atendimento. A Policl\u00ednica \u00e9 uma forma de ampliar o acesso \u00e0 aten\u00e7\u00e3o especializada. Para os munic\u00edpios de pequeno porte, este importante equipamento p\u00fablico de sa\u00fade representa a possibilidade de oferecer \u00e0 sua popula\u00e7\u00e3o um atendimento de qualidade e de maior complexidade\u201d, destaca o presidente do Consan, o prefeito de Ca\u00e9m, Arnaldinho Oliveira.<\/p>\n\n\n\n<p>A Policl\u00ednica presta servi\u00e7os de m\u00e9dia complexidade, ambulatorial \u00e0 especialidades m\u00e9dicas diversas, exames complementares e consultas especializadas, fornecendo resolutividade \u00e0 Aten\u00e7\u00e3o B\u00e1sica.<\/p>\n\n\n<div class=\"wp-block-image\">\n<figure class=\"aligncenter\"><img data-recalc-dims=\"1\" decoding=\"async\" data-src=\"https:\/\/i0.wp.com\/www.jacobina24horas.com.br\/wp-content\/uploads\/2025\/03\/policlinica-de-jacobina.jpeg?w=800&#038;ssl=1\" alt=\"\" class=\"wp-image-35877 lazyload\" src=\"data:image\/gif;base64,R0lGODlhAQABAAAAACH5BAEKAAEALAAAAAABAAEAAAICTAEAOw==\" \/><noscript><img data-recalc-dims=\"1\" decoding=\"async\" src=\"https:\/\/i0.wp.com\/www.jacobina24horas.com.br\/wp-content\/uploads\/2025\/03\/policlinica-de-jacobina.jpeg?w=800&#038;ssl=1\" alt=\"\" class=\"wp-image-35877\"\/><\/noscript><\/figure>\n<\/div>\n\n\n<p>E para ampliar ainda mais esse impacto positivo, Arnaldinho informa que, a Policl\u00ednica de Jacobina realizar\u00e1 nos dias 22 e 23 de mar\u00e7o a campanha \u201cMar\u00e7o de Todas as Mulheres\u201d, oferecendo 120 exames de ultrassonografia (mama e transvaginal) e 54 consultas ginecol\u00f3gicas para os munic\u00edpios consorciados. O prefeito informa ainda que a unidade segue fortalecendo seus servi\u00e7os odontol\u00f3gicos, disponibilizando 252 vagas para procedimentos como restaura\u00e7\u00f5es, extra\u00e7\u00f5es, tratamento de canal e exames radiol\u00f3gicos.<\/p>\n\n\n\n<p>Os atendimentos devem ser agendados via Central de Regula\u00e7\u00e3o, atrav\u00e9s do telefone: (71) 4020-5353 ou do site\/App: ba.gov.br. Para exames laboratoriais e ultrassonografias, \u00e9 necess\u00e1rio apresentar RG, CPF, Cart\u00e3o do SUS e solicita\u00e7\u00e3o m\u00e9dica.<\/p>\n\n\n\n<p>jacobina24horas<\/p>\n","protected":false},"excerpt":{"rendered":"<p>A Policl\u00ednica Regional de Sa\u00fade de Jacobina, que integra o Cons\u00f3rcio de Sa\u00fade do Piemonte da Chapada, \u00e9 a primeira na Bahia em consultas especializadas e est\u00e1 entre as quatro em exames procedimentais. Os dados foram revelados durante a reuni\u00e3o operacional de cons\u00f3rcios interfederativos de sa\u00fade do Estado da Bahia, onde estiveram presentes a a [&hellip;]<\/p>\n","protected":false},"author":2,"featured_media":26284,"comment_status":"open","ping_status":"open","sticky":false,"template":"","format":"standard","meta":{"_jetpack_memberships_contains_paid_content":false,"footnotes":""},"categories":[3],"tags":[],"class_list":["post-26283","post","type-post","status-publish","format-standard","has-post-thumbnail","hentry","category-regional"],"aioseo_notices":[],"jetpack_featured_media_url":"https:\/\/i0.wp.com\/minutobahia24h.com.br\/wp-content\/uploads\/2025\/03\/Sem-titulo-280.jpg?fit=960%2C614&ssl=1","jetpack_sharing_enabled":true,"_links":{"self":[{"href":"https:\/\/minutobahia24h.com.br\/index.php?rest_route=\/wp\/v2\/posts\/26283","targetHints":{"allow":["GET"]}}],"collection":[{"href":"https:\/\/minutobahia24h.com.br\/index.php?rest_route=\/wp\/v2\/posts"}],"about":[{"href":"https:\/\/minutobahia24h.com.br\/index.php?rest_route=\/wp\/v2\/types\/post"}],"author":[{"embeddable":true,"href":"https:\/\/minutobahia24h.com.br\/index.php?rest_route=\/wp\/v2\/users\/2"}],"replies":[{"embeddable":true,"href":"https:\/\/minutobahia24h.com.br\/index.php?rest_route=%2Fwp%2Fv2%2Fcomments&post=26283"}],"version-history":[{"count":1,"href":"https:\/\/minutobahia24h.com.br\/index.php?rest_route=\/wp\/v2\/posts\/26283\/revisions"}],"predecessor-version":[{"id":26285,"href":"https:\/\/minutobahia24h.com.br\/index.php?rest_route=\/wp\/v2\/posts\/26283\/revisions\/26285"}],"wp:featuredmedia":[{"embeddable":true,"href":"https:\/\/minutobahia24h.com.br\/index.php?rest_route=\/wp\/v2\/media\/26284"}],"wp:attachment":[{"href":"https:\/\/minutobahia24h.com.br\/index.php?rest_route=%2Fwp%2Fv2%2Fmedia&parent=26283"}],"wp:term":[{"taxonomy":"category","embeddable":true,"href":"https:\/\/minutobahia24h.com.br\/index.php?rest_route=%2Fwp%2Fv2%2Fcategories&post=26283"},{"taxonomy":"post_tag","embeddable":true,"href":"https:\/\/minutobahia24h.com.br\/index.php?rest_route=%2Fwp%2Fv2%2Ftags&post=26283"}],"curies":[{"name":"wp","href":"https:\/\/api.w.org\/{rel}","templated":true}]}}