{"id":26274,"date":"2025-03-20T16:29:48","date_gmt":"2025-03-20T19:29:48","guid":{"rendered":"https:\/\/minutobahia24h.com.br\/?p=26274"},"modified":"2025-03-20T16:29:49","modified_gmt":"2025-03-20T19:29:49","slug":"agricultores-familiares-de-petrolina-comecam-a-receber-garantia-safra","status":"publish","type":"post","link":"https:\/\/minutobahia24h.com.br\/?p=26274","title":{"rendered":"Agricultores familiares de Petrolina come\u00e7am a receber Garantia-Safra"},"content":{"rendered":"<div class=\"wp-block-image\">\n<figure class=\"aligncenter size-full\"><img data-recalc-dims=\"1\" fetchpriority=\"high\" decoding=\"async\" width=\"750\" height=\"491\" src=\"https:\/\/i0.wp.com\/minutobahia24h.com.br\/wp-content\/uploads\/2025\/03\/Sem-titulo-278.jpg?resize=750%2C491&#038;ssl=1\" alt=\"\" class=\"wp-image-26275\" srcset=\"https:\/\/i0.wp.com\/minutobahia24h.com.br\/wp-content\/uploads\/2025\/03\/Sem-titulo-278.jpg?w=750&amp;ssl=1 750w, https:\/\/i0.wp.com\/minutobahia24h.com.br\/wp-content\/uploads\/2025\/03\/Sem-titulo-278.jpg?resize=300%2C196&amp;ssl=1 300w\" sizes=\"(max-width: 750px) 100vw, 750px\" \/><figcaption class=\"wp-element-caption\">Foto: Ascom PMP\/Seagri divulga\u00e7\u00e3o<br><\/figcaption><\/figure>\n<\/div>\n\n\n<p>A Secretaria de Desenvolvimento Rural da Prefeitura de Petrolina deu in\u00edcio ao pagamento dos recursos do Garantia-Safra\/calend\u00e1rio 2024. Criado pelo governo federal, o seguro tem como objetivo amenizar os preju\u00edzos dos agricultores familiares no caso de perdas de sua produ\u00e7\u00e3o, seja por causa da seca ou excesso h\u00eddrico. O benef\u00edcio \u00e9 depositado na conta informada pelo agricultor e ser\u00e1 pago at\u00e9 o dia 31 de mar\u00e7o.<\/p>\n\n\n\n<p>Em Petrolina os pagamentos foram liberados para 1.760 das fam\u00edlias cadastradas no programa, cada unidade familiar receber\u00e1 o valor de R$ 1.200,00 em parcela \u00fanica. No munic\u00edpio, 60% das perdas da safra em 2024 foram por excesso h\u00eddrico.<\/p>\n\n\n\n<p>Para terem direito ao seguro do Garantia-Safra, os agricultores familiares tiveram que apresentar no momento da inscri\u00e7\u00e3o a Declara\u00e7\u00e3o de Aptid\u00e3o ao Pronaf (DAP) ativa ou Cadastro da Agricultura Familiar (CAF); comprovante de renda mensal de at\u00e9 um sal\u00e1rio-m\u00ednimo e meio; e ter entre 0,6 e 5 hectares de planta\u00e7\u00e3o de feij\u00e3o, milho, arroz, algod\u00e3o ou mandioca.<\/p>\n\n\n\n<p>Para obterem outras informa\u00e7\u00f5es e esclarecer d\u00favidas, os interessados devem procurar a sede da Secretaria de Desenvolvimento Rural, que est\u00e1 localizada na Rua Santa Cec\u00edlia, n\u00ba 35, centro, ou ligarem para o n\u00famero de telefone: (87) 3983-6424.<\/p>\n\n\n\n<p><strong>Cronograma<\/strong><\/p>\n\n\n\n<p>O Cronograma com as datas de pagamento \u00e9 o seguinte:<\/p>\n\n\n\n<p>\u2013 NIS final 1 \u2013 Dia 18\/03;<\/p>\n\n\n\n<p>\u2013 NIS final 2 \u2013 Dia 19\/03;<\/p>\n\n\n\n<p>\u2013 NIS final 3 \u2013 Dia 20\/03;<\/p>\n\n\n\n<p>\u2013 NIS final 4 \u2013 Dia 21\/03;<\/p>\n\n\n\n<p>\u2013 NIS final 5 \u2013 Dia 24\/03;<\/p>\n\n\n\n<p>\u2013 NIS final 6 \u2013 Dia 25\/03;<\/p>\n\n\n\n<p>\u2013 NIS final 7 \u2013 Dia 26\/03;<\/p>\n\n\n\n<p>\u2013 NIS final 8 \u2013 Dia 27\/03;<\/p>\n\n\n\n<p>\u2013 NIS final 9 \u2013 Dia 28\/03;<\/p>\n\n\n\n<p>\u2013 NIS final 0 \u2013 Dia 31\/03.<\/p>\n\n\n\n<p>carlosbritto<\/p>\n","protected":false},"excerpt":{"rendered":"<p>A Secretaria de Desenvolvimento Rural da Prefeitura de Petrolina deu in\u00edcio ao pagamento dos recursos do Garantia-Safra\/calend\u00e1rio 2024. Criado pelo governo federal, o seguro tem como objetivo amenizar os preju\u00edzos dos agricultores familiares no caso de perdas de sua produ\u00e7\u00e3o, seja por causa da seca ou excesso h\u00eddrico. O benef\u00edcio \u00e9 depositado na conta informada [&hellip;]<\/p>\n","protected":false},"author":2,"featured_media":26275,"comment_status":"open","ping_status":"open","sticky":false,"template":"","format":"standard","meta":{"_jetpack_memberships_contains_paid_content":false,"footnotes":""},"categories":[3],"tags":[],"class_list":["post-26274","post","type-post","status-publish","format-standard","has-post-thumbnail","hentry","category-regional"],"aioseo_notices":[],"jetpack_featured_media_url":"https:\/\/i0.wp.com\/minutobahia24h.com.br\/wp-content\/uploads\/2025\/03\/Sem-titulo-278.jpg?fit=750%2C491&ssl=1","jetpack_sharing_enabled":true,"_links":{"self":[{"href":"https:\/\/minutobahia24h.com.br\/index.php?rest_route=\/wp\/v2\/posts\/26274","targetHints":{"allow":["GET"]}}],"collection":[{"href":"https:\/\/minutobahia24h.com.br\/index.php?rest_route=\/wp\/v2\/posts"}],"about":[{"href":"https:\/\/minutobahia24h.com.br\/index.php?rest_route=\/wp\/v2\/types\/post"}],"author":[{"embeddable":true,"href":"https:\/\/minutobahia24h.com.br\/index.php?rest_route=\/wp\/v2\/users\/2"}],"replies":[{"embeddable":true,"href":"https:\/\/minutobahia24h.com.br\/index.php?rest_route=%2Fwp%2Fv2%2Fcomments&post=26274"}],"version-history":[{"count":1,"href":"https:\/\/minutobahia24h.com.br\/index.php?rest_route=\/wp\/v2\/posts\/26274\/revisions"}],"predecessor-version":[{"id":26276,"href":"https:\/\/minutobahia24h.com.br\/index.php?rest_route=\/wp\/v2\/posts\/26274\/revisions\/26276"}],"wp:featuredmedia":[{"embeddable":true,"href":"https:\/\/minutobahia24h.com.br\/index.php?rest_route=\/wp\/v2\/media\/26275"}],"wp:attachment":[{"href":"https:\/\/minutobahia24h.com.br\/index.php?rest_route=%2Fwp%2Fv2%2Fmedia&parent=26274"}],"wp:term":[{"taxonomy":"category","embeddable":true,"href":"https:\/\/minutobahia24h.com.br\/index.php?rest_route=%2Fwp%2Fv2%2Fcategories&post=26274"},{"taxonomy":"post_tag","embeddable":true,"href":"https:\/\/minutobahia24h.com.br\/index.php?rest_route=%2Fwp%2Fv2%2Ftags&post=26274"}],"curies":[{"name":"wp","href":"https:\/\/api.w.org\/{rel}","templated":true}]}}