{"id":26271,"date":"2025-03-20T16:28:36","date_gmt":"2025-03-20T19:28:36","guid":{"rendered":"https:\/\/minutobahia24h.com.br\/?p=26271"},"modified":"2025-03-20T16:28:38","modified_gmt":"2025-03-20T19:28:38","slug":"candidatos-cobram-transparencia-e-retomada-do-concurso-publico-de-juazeiro","status":"publish","type":"post","link":"https:\/\/minutobahia24h.com.br\/?p=26271","title":{"rendered":"Candidatos cobram transpar\u00eancia e retomada do concurso p\u00fablico de Juazeiro"},"content":{"rendered":"<div class=\"wp-block-image\">\n<figure class=\"aligncenter size-full\"><img data-recalc-dims=\"1\" fetchpriority=\"high\" decoding=\"async\" width=\"750\" height=\"536\" src=\"https:\/\/i0.wp.com\/minutobahia24h.com.br\/wp-content\/uploads\/2025\/03\/Sem-titulo-277.jpg?resize=750%2C536&#038;ssl=1\" alt=\"\" class=\"wp-image-26272\" srcset=\"https:\/\/i0.wp.com\/minutobahia24h.com.br\/wp-content\/uploads\/2025\/03\/Sem-titulo-277.jpg?w=750&amp;ssl=1 750w, https:\/\/i0.wp.com\/minutobahia24h.com.br\/wp-content\/uploads\/2025\/03\/Sem-titulo-277.jpg?resize=300%2C214&amp;ssl=1 300w, https:\/\/i0.wp.com\/minutobahia24h.com.br\/wp-content\/uploads\/2025\/03\/Sem-titulo-277.jpg?resize=120%2C86&amp;ssl=1 120w, https:\/\/i0.wp.com\/minutobahia24h.com.br\/wp-content\/uploads\/2025\/03\/Sem-titulo-277.jpg?resize=350%2C250&amp;ssl=1 350w\" sizes=\"(max-width: 750px) 100vw, 750px\" \/><figcaption class=\"wp-element-caption\">Foto: Ascom PMJ\/divulga\u00e7\u00e3o<br><\/figcaption><\/figure>\n<\/div>\n\n\n<p>Candidatos do concurso p\u00fablico de Juazeiro (BA) continuam cobrando esclarecimentos sobre a suspens\u00e3o do certame e a atua\u00e7\u00e3o do Minist\u00e9rio P\u00fablico da Bahia (MPBA) na busca por uma solu\u00e7\u00e3o. A sele\u00e7\u00e3o foi suspensa por decis\u00e3o judicial devido ao per\u00edodo de transi\u00e7\u00e3o administrativa, mas, segundo os candidatos, j\u00e1 se passaram tr\u00eas meses e os motivos apontados inicialmente pelo juiz teriam sido sanados.<\/p>\n\n\n\n<p>A principal preocupa\u00e7\u00e3o \u00e9 a falta de informa\u00e7\u00f5es claras sobre o que ainda impede a retomada do concurso. \u201c<em>Buscamos informa\u00e7\u00f5es sobre a atua\u00e7\u00e3o do Minist\u00e9rio P\u00fablico frente ao concurso de Juazeiro, uma vez que se trata de um ajuste de conduta da pr\u00f3pria institui\u00e7\u00e3o com o munic\u00edpio e precisa ser realizado com transpar\u00eancia para toda a popula\u00e7\u00e3o. \u00c9 not\u00f3rio que o munic\u00edpio n\u00e3o se encontra mais em estado de calamidade, pois o prefeito concedeu aumento salarial a todos os servidores e, diariamente, s\u00e3o publicadas no Di\u00e1rio Oficial nomea\u00e7\u00f5es para cargos de confian\u00e7a com altos sal\u00e1rios. Por que, ent\u00e3o, o concurso continua suspenso?<\/em>\u201c, questionou uma candidata.<\/p>\n\n\n\n<p>Al\u00e9m da incerteza sobre a realiza\u00e7\u00e3o do certame, os candidatos relatam preju\u00edzos financeiros e psicol\u00f3gicos devido ao longo per\u00edodo de espera \u201c<em>Foram dedicados investimentos financeiros, como inscri\u00e7\u00e3o e compra de cursos preparat\u00f3rios direcionados para a banca IDIB. Al\u00e9m disso, estamos abalados emocionalmente diante de tantas incertezas. Queremos respostas urgentes: quem est\u00e1 ganhando com a n\u00e3o realiza\u00e7\u00e3o do concurso? O que est\u00e1 por tr\u00e1s disso tudo? Em Juazeiro, a regra tem sido a realiza\u00e7\u00e3o de sele\u00e7\u00f5es simplificadas, enquanto os concursos p\u00fablicos se tornaram exce\u00e7\u00e3o<\/em>\u201c, desabafou um deles. O Blog encaminhou a demanda \u00e0 Prefeitura de Juazeiro e aguarda um posicionamento oficial sobre o caso.<\/p>\n\n\n\n<p>carlosbritto<\/p>\n","protected":false},"excerpt":{"rendered":"<p>Candidatos do concurso p\u00fablico de Juazeiro (BA) continuam cobrando esclarecimentos sobre a suspens\u00e3o do certame e a atua\u00e7\u00e3o do Minist\u00e9rio P\u00fablico da Bahia (MPBA) na busca por uma solu\u00e7\u00e3o. A sele\u00e7\u00e3o foi suspensa por decis\u00e3o judicial devido ao per\u00edodo de transi\u00e7\u00e3o administrativa, mas, segundo os candidatos, j\u00e1 se passaram tr\u00eas meses e os motivos apontados [&hellip;]<\/p>\n","protected":false},"author":2,"featured_media":26272,"comment_status":"open","ping_status":"open","sticky":false,"template":"","format":"standard","meta":{"_jetpack_memberships_contains_paid_content":false,"footnotes":""},"categories":[3],"tags":[],"class_list":["post-26271","post","type-post","status-publish","format-standard","has-post-thumbnail","hentry","category-regional"],"aioseo_notices":[],"jetpack_featured_media_url":"https:\/\/i0.wp.com\/minutobahia24h.com.br\/wp-content\/uploads\/2025\/03\/Sem-titulo-277.jpg?fit=750%2C536&ssl=1","jetpack_sharing_enabled":true,"_links":{"self":[{"href":"https:\/\/minutobahia24h.com.br\/index.php?rest_route=\/wp\/v2\/posts\/26271","targetHints":{"allow":["GET"]}}],"collection":[{"href":"https:\/\/minutobahia24h.com.br\/index.php?rest_route=\/wp\/v2\/posts"}],"about":[{"href":"https:\/\/minutobahia24h.com.br\/index.php?rest_route=\/wp\/v2\/types\/post"}],"author":[{"embeddable":true,"href":"https:\/\/minutobahia24h.com.br\/index.php?rest_route=\/wp\/v2\/users\/2"}],"replies":[{"embeddable":true,"href":"https:\/\/minutobahia24h.com.br\/index.php?rest_route=%2Fwp%2Fv2%2Fcomments&post=26271"}],"version-history":[{"count":1,"href":"https:\/\/minutobahia24h.com.br\/index.php?rest_route=\/wp\/v2\/posts\/26271\/revisions"}],"predecessor-version":[{"id":26273,"href":"https:\/\/minutobahia24h.com.br\/index.php?rest_route=\/wp\/v2\/posts\/26271\/revisions\/26273"}],"wp:featuredmedia":[{"embeddable":true,"href":"https:\/\/minutobahia24h.com.br\/index.php?rest_route=\/wp\/v2\/media\/26272"}],"wp:attachment":[{"href":"https:\/\/minutobahia24h.com.br\/index.php?rest_route=%2Fwp%2Fv2%2Fmedia&parent=26271"}],"wp:term":[{"taxonomy":"category","embeddable":true,"href":"https:\/\/minutobahia24h.com.br\/index.php?rest_route=%2Fwp%2Fv2%2Fcategories&post=26271"},{"taxonomy":"post_tag","embeddable":true,"href":"https:\/\/minutobahia24h.com.br\/index.php?rest_route=%2Fwp%2Fv2%2Ftags&post=26271"}],"curies":[{"name":"wp","href":"https:\/\/api.w.org\/{rel}","templated":true}]}}