{"id":26268,"date":"2025-03-20T07:51:38","date_gmt":"2025-03-20T10:51:38","guid":{"rendered":"https:\/\/minutobahia24h.com.br\/?p=26268"},"modified":"2025-03-20T07:51:39","modified_gmt":"2025-03-20T10:51:39","slug":"conselho-permite-que-farmaceuticos-prescrevam-medicamentos-entidades-medicas-apontam-ilegalidade","status":"publish","type":"post","link":"https:\/\/minutobahia24h.com.br\/?p=26268","title":{"rendered":"Conselho permite que farmac\u00eauticos prescrevam medicamentos; entidades m\u00e9dicas apontam ilegalidade"},"content":{"rendered":"<div class=\"wp-block-image\">\n<figure class=\"aligncenter size-full\"><img data-recalc-dims=\"1\" fetchpriority=\"high\" decoding=\"async\" width=\"800\" height=\"533\" src=\"https:\/\/i0.wp.com\/minutobahia24h.com.br\/wp-content\/uploads\/2025\/03\/Sem-titulo-276.jpg?resize=800%2C533&#038;ssl=1\" alt=\"\" class=\"wp-image-26269\" srcset=\"https:\/\/i0.wp.com\/minutobahia24h.com.br\/wp-content\/uploads\/2025\/03\/Sem-titulo-276.jpg?w=984&amp;ssl=1 984w, https:\/\/i0.wp.com\/minutobahia24h.com.br\/wp-content\/uploads\/2025\/03\/Sem-titulo-276.jpg?resize=300%2C200&amp;ssl=1 300w, https:\/\/i0.wp.com\/minutobahia24h.com.br\/wp-content\/uploads\/2025\/03\/Sem-titulo-276.jpg?resize=768%2C511&amp;ssl=1 768w, https:\/\/i0.wp.com\/minutobahia24h.com.br\/wp-content\/uploads\/2025\/03\/Sem-titulo-276.jpg?resize=750%2C499&amp;ssl=1 750w\" sizes=\"(max-width: 800px) 100vw, 800px\" \/><figcaption class=\"wp-element-caption\">\u2018Absolutamente ilegal\u2019, diz CFM sobre resolu\u00e7\u00e3o do Conselho Federal de Farm\u00e1cia que permite prescri\u00e7\u00e3o de medicamentos por farmac\u00eauticos \u2014 Foto: Adobe Stock<\/figcaption><\/figure>\n<\/div>\n\n\n<p>O Conselho Federal de Farm\u00e1cia (CFF) publicou uma\u00a0<strong>resolu\u00e7\u00e3o<\/strong>\u00a0que\u00a0<strong>autoriza farmac\u00eauticos a prescrever medicamentos, incluindo aqueles que exigem receita m\u00e9dica<\/strong>. A nova norma foi divulgada no Di\u00e1rio Oficial da \u00faltima segunda-feira (17).<\/p>\n\n\n\n<p>A medida gerou r<strong>ea\u00e7\u00e3o de associa\u00e7\u00f5es m\u00e9dicas<\/strong>, que questionam a capacita\u00e7\u00e3o dos farmac\u00eauticos para a fun\u00e7\u00e3o. Elas afirmam que o tema ser\u00e1 alvo de processos judiciais. Os m\u00e9dicos alegam que a forma\u00e7\u00e3o do farmac\u00eautico n\u00e3o tem as disciplinas que existem no curso de medicina, como o exame cl\u00ednico e a interpreta\u00e7\u00e3o dos exames.<\/p>\n\n\n\n<p>Entre outros pontos, a resolu\u00e7\u00e3o n\u00famero 5 do CFF de 20\/02\/2025 permite que o farmac\u00eautico:<\/p>\n\n\n\n<ul class=\"wp-block-list\">\n<li>prescreva medicamentos (<em>incluindo os de venda sob prescri\u00e7\u00e3o<\/em>)<\/li>\n\n\n\n<li>renove &#8220;prescri\u00e7\u00f5es previamente emitidas por outros profissionais de sa\u00fade legalmente habilitados&#8221;<\/li>\n<\/ul>\n\n\n\n<p>A nova resolu\u00e7\u00e3o do CFF foi publicada poucos meses ap\u00f3s uma decis\u00e3o da 17\u00aa Vara Federal Civil da Justi\u00e7a no Distrito Federal contra outra resolu\u00e7\u00e3o do CFF sobre o mesmo tema. A Justi\u00e7a do DF declarou ilegal a resolu\u00e7\u00e3o 586\/2013 que permitia que farmac\u00eauticos receitassem medicamentos e outros produtos que n\u00e3o exigiam prescri\u00e7\u00e3o m\u00e9dica.<\/p>\n\n\n\n<p>O&nbsp;<strong>g1<\/strong>&nbsp;buscou posicionamento do Conselho Federal de Farm\u00e1cia (CFF) sobre as cr\u00edticas de entidades m\u00e9dicas, mas n\u00e3o obteve retorno at\u00e9 a mais recente atualiza\u00e7\u00e3o desta reportagem.<\/p>\n\n\n\n<h2 class=\"wp-block-heading\">Rea\u00e7\u00e3o das entidades m\u00e9dicas<\/h2>\n\n\n\n<p>O conselheiro do Conselho Federal de Medicina Francisco Eduardo Cardoso afirmou ao&nbsp;<strong>g1<\/strong>&nbsp;que a resolu\u00e7\u00e3o \u00e9 &#8220;absolutamente ilegal&#8221;.<\/p>\n\n\n\n<p>\u201cDeveriam ter vergonha de publicar uma resolu\u00e7\u00e3o como essa. Eles v\u00e3o ter que responder na Justi\u00e7a por editarem uma resolu\u00e7\u00e3o ilegal e que coloca em risco a sa\u00fade da popula\u00e7\u00e3o&#8221;, diz Cardoso.<\/p>\n\n\n\n<p>Na vis\u00e3o do representante dos m\u00e9dicos, o CFF n\u00e3o pode legislar sobre prescri\u00e7\u00e3o, diagn\u00f3sticos e consulta m\u00e9dica.<\/p>\n\n\n\n<p>&#8220;O farmac\u00eautico n\u00e3o tem compet\u00eancia legal e t\u00e9cnica para isso. \u00c9 um ato de prevarica\u00e7\u00e3o. Eles j\u00e1 tentaram isso no passado e a Justi\u00e7a negou. E isso ser\u00e1 levado novamente \u00e0 Justi\u00e7a. O argumento de que eles entendem de rem\u00e9dios \u00e9 insuficiente. S\u00e3o compet\u00eancias complementares\u201d, afirma Cardoso.<\/p>\n\n\n\n<p>A Associa\u00e7\u00e3o Paulista de Medicina (APM) fala em &#8220;silenciosa invas\u00e3o de profissionais n\u00e3o habilitados no ato m\u00e9dico&#8221; e manifesta preocupa\u00e7\u00e3o com medida do CFF.<\/p>\n\n\n\n<p>Em nota, a APM afirma que a prescri\u00e7\u00e3o de medicamentos \u00e9 fundamental para a seguran\u00e7a e efic\u00e1cia dos tratamentos, pois envolve a orienta\u00e7\u00e3o detalhada de um m\u00e9dico sobre quais medicamentos um paciente deve tomar, em que dose, com que frequ\u00eancia e por quanto tempo.<\/p>\n\n\n\n<p>A APM destaca que o m\u00e9dico cursa a faculdade por seis anos e depois ainda faz de tr\u00eas a seis anos de resid\u00eancia para se formar e poder estabelecer o diagn\u00f3stico e a terap\u00eautica com seguran\u00e7a.<\/p>\n\n\n\n<p>\u201cEsta seguran\u00e7a vem com a hist\u00f3ria cl\u00ednica inicial seguida de um minucioso exame f\u00edsico. Mesmo assim, muitas vezes \u00e9 necess\u00e1rio a solicita\u00e7\u00e3o de exames complementares para que a prescri\u00e7\u00e3o possa ser feita ap\u00f3s um diagn\u00f3stico adequado. O farmac\u00eautico n\u00e3o tem esta forma\u00e7\u00e3o e, portanto, n\u00e3o tem a compet\u00eancia exigida para prescrever qualquer medicamento. Pode sim e deve indicar substituto para determinada droga, alertar sobre eventuais efeitos colaterais e intera\u00e7\u00f5es medicamentosas\u201d, informa nota a associa\u00e7\u00e3o, em nota.<\/p>\n\n\n\n<p>\u201cA prescri\u00e7\u00e3o m\u00e9dica \u00e9 o final da consulta m\u00e9dica. Portanto, h\u00e1 necessidade de voc\u00ea fazer uma hist\u00f3ria cl\u00ednica do paciente. H\u00e1 necessidade de voc\u00ea fazer um exame f\u00edsico completo. E muitas vezes, mesmo com isto tudo, voc\u00ea chega em suposi\u00e7\u00f5es. Voc\u00ea n\u00e3o chega no diagn\u00f3stico. Voc\u00ea precisa de exames complementares para chegar no diagn\u00f3stico. E a partir do diagn\u00f3stico que voc\u00ea vai fazer a prescri\u00e7\u00e3o. Eu acho que todos os profissionais de sa\u00fade s\u00e3o importantes, mas cada um tem que estar dentro da sua \u00e1rea de atua\u00e7\u00e3o\u201d, afirma o presidente da APM, Ant\u00f4nio Jos\u00e9 Gon\u00e7alves.<\/p>\n\n\n\n<h2 class=\"wp-block-heading\"><strong>O que diz a resolu\u00e7\u00e3o do Conselho Federal de Farm\u00e1cia<\/strong><\/h2>\n\n\n\n<p>O artigo 3\u00b0 da resolu\u00e7\u00e3o n\u00famero 5 do CFF de 20\/02\/2025 informa: Para estabelecer o perfil farmacoterap\u00eautico do paciente, o farmac\u00eautico est\u00e1 autorizado a:<\/p>\n\n\n\n<ul class=\"wp-block-list\">\n<li>prescrever medicamentos, incluindo os de venda sob prescri\u00e7\u00e3o;<\/li>\n\n\n\n<li>renovar prescri\u00e7\u00f5es previamente emitidas por outros profissionais de sa\u00fade legalmente habilitados;<\/li>\n\n\n\n<li>prescrever medicamentos em atendimento \u00e0 pessoa sob risco de morte iminente.<\/li>\n\n\n\n<li>Os medicamentos categorizados sob prescri\u00e7\u00e3o somente poder\u00e3o ser prescritos pelo farmac\u00eautico que possua Registro de Qualifica\u00e7\u00e3o de Especialista (RQE) em Farm\u00e1cia Cl\u00ednica.<\/li>\n<\/ul>\n\n\n\n<p>O artigo 4\u00ba da resolu\u00e7\u00e3o informa ainda que &#8220;no \u00e2mbito da atividade cl\u00ednica do farmac\u00eautico&#8221; a an\u00e1lise da situa\u00e7\u00e3o do paciente vai permitir que o profissional:<\/p>\n\n\n\n<ul class=\"wp-block-list\">\n<li>Colete dados por meio da anamnese farmac\u00eautica<\/li>\n\n\n\n<li>Fa\u00e7a exame f\u00edsico com a verifica\u00e7\u00e3o dos sinais e sintomas<\/li>\n\n\n\n<li>Realize, solicite e interprete exames para avalia\u00e7\u00e3o da efetividade do tratamento<\/li>\n<\/ul>\n\n\n\n<p><\/p>\n","protected":false},"excerpt":{"rendered":"<p>O Conselho Federal de Farm\u00e1cia (CFF) publicou uma\u00a0resolu\u00e7\u00e3o\u00a0que\u00a0autoriza farmac\u00eauticos a prescrever medicamentos, incluindo aqueles que exigem receita m\u00e9dica. A nova norma foi divulgada no Di\u00e1rio Oficial da \u00faltima segunda-feira (17). A medida gerou rea\u00e7\u00e3o de associa\u00e7\u00f5es m\u00e9dicas, que questionam a capacita\u00e7\u00e3o dos farmac\u00eauticos para a fun\u00e7\u00e3o. Elas afirmam que o tema ser\u00e1 alvo de processos [&hellip;]<\/p>\n","protected":false},"author":2,"featured_media":26269,"comment_status":"open","ping_status":"open","sticky":false,"template":"","format":"standard","meta":{"_jetpack_memberships_contains_paid_content":false,"footnotes":""},"categories":[18],"tags":[],"class_list":["post-26268","post","type-post","status-publish","format-standard","has-post-thumbnail","hentry","category-saude"],"aioseo_notices":[],"jetpack_featured_media_url":"https:\/\/i0.wp.com\/minutobahia24h.com.br\/wp-content\/uploads\/2025\/03\/Sem-titulo-276.jpg?fit=984%2C655&ssl=1","jetpack_sharing_enabled":true,"_links":{"self":[{"href":"https:\/\/minutobahia24h.com.br\/index.php?rest_route=\/wp\/v2\/posts\/26268","targetHints":{"allow":["GET"]}}],"collection":[{"href":"https:\/\/minutobahia24h.com.br\/index.php?rest_route=\/wp\/v2\/posts"}],"about":[{"href":"https:\/\/minutobahia24h.com.br\/index.php?rest_route=\/wp\/v2\/types\/post"}],"author":[{"embeddable":true,"href":"https:\/\/minutobahia24h.com.br\/index.php?rest_route=\/wp\/v2\/users\/2"}],"replies":[{"embeddable":true,"href":"https:\/\/minutobahia24h.com.br\/index.php?rest_route=%2Fwp%2Fv2%2Fcomments&post=26268"}],"version-history":[{"count":1,"href":"https:\/\/minutobahia24h.com.br\/index.php?rest_route=\/wp\/v2\/posts\/26268\/revisions"}],"predecessor-version":[{"id":26270,"href":"https:\/\/minutobahia24h.com.br\/index.php?rest_route=\/wp\/v2\/posts\/26268\/revisions\/26270"}],"wp:featuredmedia":[{"embeddable":true,"href":"https:\/\/minutobahia24h.com.br\/index.php?rest_route=\/wp\/v2\/media\/26269"}],"wp:attachment":[{"href":"https:\/\/minutobahia24h.com.br\/index.php?rest_route=%2Fwp%2Fv2%2Fmedia&parent=26268"}],"wp:term":[{"taxonomy":"category","embeddable":true,"href":"https:\/\/minutobahia24h.com.br\/index.php?rest_route=%2Fwp%2Fv2%2Fcategories&post=26268"},{"taxonomy":"post_tag","embeddable":true,"href":"https:\/\/minutobahia24h.com.br\/index.php?rest_route=%2Fwp%2Fv2%2Ftags&post=26268"}],"curies":[{"name":"wp","href":"https:\/\/api.w.org\/{rel}","templated":true}]}}