{"id":26265,"date":"2025-03-20T07:50:01","date_gmt":"2025-03-20T10:50:01","guid":{"rendered":"https:\/\/minutobahia24h.com.br\/?p=26265"},"modified":"2025-03-20T07:50:06","modified_gmt":"2025-03-20T10:50:06","slug":"mamae-estou-cansada-quero-morrer-guerra-em-gaza-deixa-geracao-de-criancas-palestinas-traumatizada","status":"publish","type":"post","link":"https:\/\/minutobahia24h.com.br\/?p=26265","title":{"rendered":"\u2018Mam\u00e3e, estou cansada, quero morrer\u2019: Guerra em Gaza deixa gera\u00e7\u00e3o de crian\u00e7as palestinas traumatizada"},"content":{"rendered":"<div class=\"wp-block-image\">\n<figure class=\"aligncenter size-full\"><img data-recalc-dims=\"1\" fetchpriority=\"high\" decoding=\"async\" width=\"800\" height=\"534\" src=\"https:\/\/i0.wp.com\/minutobahia24h.com.br\/wp-content\/uploads\/2025\/03\/Sem-titulo-275.jpg?resize=800%2C534&#038;ssl=1\" alt=\"\" class=\"wp-image-26266\" srcset=\"https:\/\/i0.wp.com\/minutobahia24h.com.br\/wp-content\/uploads\/2025\/03\/Sem-titulo-275.jpg?w=889&amp;ssl=1 889w, https:\/\/i0.wp.com\/minutobahia24h.com.br\/wp-content\/uploads\/2025\/03\/Sem-titulo-275.jpg?resize=300%2C200&amp;ssl=1 300w, https:\/\/i0.wp.com\/minutobahia24h.com.br\/wp-content\/uploads\/2025\/03\/Sem-titulo-275.jpg?resize=768%2C512&amp;ssl=1 768w, https:\/\/i0.wp.com\/minutobahia24h.com.br\/wp-content\/uploads\/2025\/03\/Sem-titulo-275.jpg?resize=750%2C500&amp;ssl=1 750w\" sizes=\"(max-width: 800px) 100vw, 800px\" \/><figcaption class=\"wp-element-caption\">Crian\u00e7as feridas em ataques a\u00e9reos israelenses s\u00e3o tratadas no Nasser Medical Hospital em Khan Younis, no sul da Faixa de Gaza. \u2014 Foto: Yousef Masoud\/The New York Times<br><\/figcaption><\/figure>\n<\/div>\n\n\n<p>Imitando o movimento de pentear o cabelo com uma escova, Sama Tubail encara seu reflexo no espelho e come\u00e7a a chorar. Para a menina de 8 anos, o movimento traz de volta lembran\u00e7as de uma vida antes de 7 de outubro de 2023, quando ela ainda tinha cabelos longos e brincava ao ar livre com seus amigos no norte da\u00a0<a class=\"\" href=\"https:\/\/oglobo.globo.com\/tudo-sobre\/cidade\/faixa-de-gaza\/\">Faixa de Gaza<\/a>. Desde ent\u00e3o, ela e sua fam\u00edlia est\u00e3o entre os cerca de\u00a0<a class=\"\" href=\"https:\/\/oglobo.globo.com\/mundo\/noticia\/2024\/11\/14\/hrw-acusa-israel-de-crime-contra-a-humanidade-por-deslocamento-forcado-de-mais-de-90percent-da-populacao-de-gaza.ghtml#:~:text=Mais%20de%2090%25%20da%20popula%C3%A7%C3%A3o%20da%20Faixa%20de%20Gaza%20foi,2%2C2%20milh%C3%B5es%20de%20residentes.\">1,9 milh\u00e3o de palestinos deslocados<\/a>\u00a0\u00e0 for\u00e7a de suas casas, fugindo da viol\u00eancia dos bombardeios israelenses que assolam o enclave.<\/p>\n\n\n\n<p>\u2014 Estou triste porque n\u00e3o h\u00e1 um \u00fanico fio de cabelo para pentear com minha escova \u2014 disse Sama \u00e0 CNN. \u2014 Eu seguro o espelho porque quero pentear meu cabelo. Eu realmente quero pentear meu cabelo de novo.<\/p>\n\n\n\n<p>No ano passado, m\u00e9dicos diagnosticaram que a queda de cabelo de Sama foi resultado de um \u201cchoque nervoso\u201d, especialmente ap\u00f3s a casa de seu vizinho em Rafah ter sido&nbsp;<a class=\"\" href=\"https:\/\/oglobo.globo.com\/mundo\/noticia\/2024\/05\/27\/gaza-e-o-inferno-na-terra-diz-agencia-da-onu-apos-bombardeio-de-israel-contra-rafah.ghtml\">atingida por um ataque a\u00e9reo israelense<\/a>&nbsp;em agosto. Eles tamb\u00e9m afirmaram que a desestrutura\u00e7\u00e3o de sua rotina desde o in\u00edcio da guerra provavelmente contribuiu. O sofrimento mental da menina se intensificou quando outras crian\u00e7as come\u00e7aram a zombar dela por causa da perda de cabelo, o que fez com que ela se isolasse dentro de casa. Quando sai, usa um len\u00e7o rosa na cabe\u00e7a.<\/p>\n\n\n\n<p>\u2014 Mam\u00e3e, estou cansada, quero morrer. Por que o meu cabelo n\u00e3o cresce? \u2014 implorou ela \u00e0 sua m\u00e3e, Om-Mohammed, antes de perguntar se permaneceria careca para sempre. \u2014 Quero morrer e ter meu cabelo de volta no para\u00edso, se Deus quiser.<\/p>\n\n\n\n<p>Sama n\u00e3o \u00e9 a \u00fanica. Um relat\u00f3rio divulgado no final de 2024 pela War Child Alliance e pelo Centro de Treinamento Comunit\u00e1rio para Gest\u00e3o de Crises, com sede em&nbsp;<a class=\"\" href=\"https:\/\/oglobo.globo.com\/tudo-sobre\/cidade\/gaza\">Gaza<\/a>, destacou o impacto psicol\u00f3gico das ofensivas de&nbsp;<a class=\"\" href=\"https:\/\/oglobo.globo.com\/tudo-sobre\/pais\/israel\">Israel<\/a>&nbsp;sobre as crian\u00e7as palestinas no \u00faltimo ano. Baseado em uma pesquisa com mais de 500 cuidadores de crian\u00e7as vulner\u00e1veis, 96% das crian\u00e7as nessas condi\u00e7\u00f5es sentiam que a morte era iminente, e quase metade (49%) expressou o \u201cdesejo de morrer\u201d ap\u00f3s ataques israelenses.<\/p>\n\n\n\n<p>Em relat\u00f3rio publicado em junho, o Unicef, o Fundo das Na\u00e7\u00f5es Unidas para a Inf\u00e2ncia, estimou que quase todas as 1,2 milh\u00e3o de crian\u00e7as de Gaza precisam de apoio psicol\u00f3gico, especialmente aquelas expostas repetidamente a eventos traum\u00e1ticos. Uma semana ap\u00f3s o an\u00fancio do cessar-fogo entre Israel e o&nbsp;<a class=\"\" href=\"https:\/\/oglobo.globo.com\/tudo-sobre\/assunto\/hamas\/\">Hamas<\/a>, em janeiro, o subsecret\u00e1rio-geral da ONU para assuntos humanit\u00e1rios, Tom Fletcher, disse ao Conselho de Seguran\u00e7a da organiza\u00e7\u00e3o que \u201cuma gera\u00e7\u00e3o foi traumatizada\u201d.<\/p>\n\n\n\n<p>\u2014 Crian\u00e7as foram mortas, passaram fome e morreram de frio \u2014 disse ele. \u2014 Algumas morreram antes mesmo de dar seu primeiro suspiro, perecendo junto com suas m\u00e3es durante o parto.<\/p>\n\n\n\n<h2 class=\"wp-block-heading\">Mem\u00f3rias da viol\u00eancia<\/h2>\n\n\n\n<p>Em uma guerra que matou mais de 48 mil pessoas e provocou um dos maiores \u00eaxodos internos na Hist\u00f3ria recente, as crian\u00e7as e adolescentes de Gaza s\u00e3o a face mais cruel do conflito. De acordo com o Minist\u00e9rio da Sa\u00fade do enclave, pelo menos 17,4 mil deles morreram, e outros 17 mil, segundo o Unicef,&nbsp;<a class=\"\" href=\"https:\/\/oglobo.globo.com\/mundo\/noticia\/2025\/01\/02\/mais-de-17-mil-menores-estao-desacompanhados-em-gaza-e-reuni-los-com-as-familias-e-uma-tarefa-quase-impossivel.ghtml\">foram separados de seus respons\u00e1veis<\/a>&nbsp;e parentes pr\u00f3ximos, sujeitos a abusos, mais viol\u00eancia e explora\u00e7\u00e3o. A tarefa de levar esses menores at\u00e9 um lar conhecido n\u00e3o \u00e9 nada simples.<\/p>\n\n\n\n<p>\u2014 Fam\u00edlias s\u00e3o torturadas pela incerteza do paradeiro de seus entes queridos. Nenhum pai deveria ter que cavar em escombros ou valas comuns para tentar encontrar o corpo de seu filho \u2014 afirmou Jeremy Stoner, diretor regional da ONG Save The Children para o Oriente M\u00e9dio. \u2014 Nenhuma crian\u00e7a deveria ficar sozinha, desprotegida em uma zona de guerra. Nenhuma crian\u00e7a deveria ser detida ou mantida ref\u00e9m.<\/p>\n\n\n\n<p>Muitos dos menores que vagam pelo enclave em ru\u00ednas&nbsp;<a class=\"\" href=\"https:\/\/oglobo.globo.com\/mundo\/noticia\/2024\/11\/08\/quase-70percent-dos-mortos-na-guerra-em-gaza-sao-mulheres-e-criancas-diz-onu.ghtml\">s\u00e3o os \u00fanicos sobreviventes de ataques a\u00e9reos<\/a>&nbsp;contra casas, acampamentos e pr\u00e9dios. Diante da quantidade de casos do tipo, uma sigla espec\u00edfica foi criada em Gaza: WCNSF (\u201cCrian\u00e7a ferida, sem fam\u00edlia sobrevivente\u201d).<\/p>\n\n\n\n<p>Desde que perderam os pais em um ataque israelense, Anas Abu Eish, de 7 anos, e sua irm\u00e3 Doa, de 8, vivem com a av\u00f3 Om-Alabed em um campo de deslocamento em al-Mawasi, Khan Younis. \u00c0 CNN, o menino disse que estava \u201cbrincando de jogar bola\u201d quando encontrou \u201cpapai e mam\u00e3e jogados na rua\u201d: \u201cUm drone veio e explodiu sobre eles\u201d, relembrou. No mesmo campo, Manal Jouda, de 6 anos, descreveu a noite em que sua casa foi destru\u00edda, matando seus pais e deixando-a soterrada.<\/p>\n\n\n\n<p>\u2014 Havia areia na minha boca, eu gritava, eles cavaram com uma p\u00e1, nosso vizinho dizia \u2018essa \u00e9 a Manal, essa \u00e9 a Manal\u2019. Eu estava acordada, meus olhos estavam abertos sob os escombros, minha boca estava aberta e a areia entrava nela \u2014 contou.<\/p>\n\n\n\n<h2 class=\"wp-block-heading\">Desafios para a sa\u00fade mental<\/h2>\n\n\n\n<p>Oferecer servi\u00e7os de sa\u00fade mental para palestinos na Faixa de Gaza tamb\u00e9m \u00e9 um desafio \u2014 que, inclusive, existe desde antes da guerra. No entanto, segundo Yasser Abu Jamei, diretor do Programa Comunit\u00e1rio de Sa\u00fade Mental de Gaza, durante os 15 meses de ataques israelenses, sua pr\u00f3pria equipe sofreu traumas, o que dificultou o tratamento dos outros. \u00c0 CNN, ele disse que a maior parte da sua equipe trabalha em locais de deslocamento, e que menos de dez pessoas ainda est\u00e3o em suas casas.<\/p>\n\n\n\n<p>Uma t\u00e9cnica usada pelo GCMHP \u00e9 a terapia por meio do desenho, permitindo que as crian\u00e7as expressem seus sentimentos sem precisar comunic\u00e1-los verbalmente. Em entrevista \u00e0 rede americana, Abu Jamei lembrou de um caso em que uma crian\u00e7a desenhou e depois conseguiu compartilhar a sua dor com um psic\u00f3logo do programa.<\/p>\n\n\n\n<p>\u2014 [A crian\u00e7a disse:] \u2018meus amigos est\u00e3o no c\u00e9u, mas um deles foi encontrado sem a cabe\u00e7a\u2019 \u2014 contou. \u2014 \u2018Como ele poderia ir para o c\u00e9u sem a cabe\u00e7a?\u2019, [acrescentou a crian\u00e7a, que] continuou a chorar.<\/p>\n\n\n\n<p>Com o fim do fr\u00e1gil cessar-fogo entre Israel e o Hamas e a retomada da ofensiva militar israelense contra o enclave palestino, o Minist\u00e9rio da Sa\u00fade de Gaza anunciou nesta ter\u00e7a-feira que<a class=\"\" href=\"https:\/\/oglobo.globo.com\/mundo\/noticia\/2025\/03\/19\/bombardeios-israelenses-em-gaza-mataram-970-pessoas-em-48-horas-dizem-autoridades-palestinas.ghtml\">&nbsp;970 pessoas morreram nas \u00faltimas 48 horas<\/a>&nbsp;na Faixa de Gaza. A nova onda de ataques, que o governo israelense afirma ter sido coordenada previamente com os EUA, provocou manifesta\u00e7\u00f5es no pa\u00eds e em Gaza, embora o grupo palestino tenha se dito aberto a continuar com as negocia\u00e7\u00f5es para o fim da guerra.<\/p>\n\n\n\n<p>O premier israelense,&nbsp;<a class=\"\" href=\"https:\/\/oglobo.globo.com\/tudo-sobre\/politico\/benjamin-netanyahu\/\">Benjamin Netanyahu<\/a>, advertiu na ter\u00e7a que os bombardeios eram \u201capenas o come\u00e7o\u201d, defendendo a press\u00e3o militar como essencial para garantir a libera\u00e7\u00e3o dos cerca de 58 ref\u00e9ns ainda nas m\u00e3os do Hamas. A medida agradou sobretudo a direita radical do pa\u00eds, com o an\u00fancio do retorno do partido de Itamar Ben-Gvir, extremista que havia abandonado o governo em raz\u00e3o do cessar-fogo, \u00e0 coaliz\u00e3o de Netanyahu. Grande parte da popula\u00e7\u00e3o civil, por\u00e9m, ficou contra.<\/p>\n\n\n\n<p>\u2014 \u00c9 uma&nbsp;<a class=\"\" href=\"https:\/\/oglobo.globo.com\/mundo\/especial\/guerra-em-gaza-6-meses-maior-vitima-e-infancia-palestina-que-ja-soma-14-mil-criancas-e-adolescentes-mortos-em-180-dias.ghtml\">guerra contra as crian\u00e7as de Gaza<\/a>, porque elas s\u00e3o a maioria, elas s\u00e3o as mais vulner\u00e1veis, elas s\u00e3o as que est\u00e3o mais expostas \u00e0s consequ\u00eancias dessa guerra \u2014 disse em abril o porta-voz da Unicef Ricardo Pires ao GLOBO. \u2014 Realmente a vida delas est\u00e1 em risco a cada dia. As crian\u00e7as v\u00e3o sofrer o impacto disso por gera\u00e7\u00f5es.<\/p>\n","protected":false},"excerpt":{"rendered":"<p>Imitando o movimento de pentear o cabelo com uma escova, Sama Tubail encara seu reflexo no espelho e come\u00e7a a chorar. Para a menina de 8 anos, o movimento traz de volta lembran\u00e7as de uma vida antes de 7 de outubro de 2023, quando ela ainda tinha cabelos longos e brincava ao ar livre com [&hellip;]<\/p>\n","protected":false},"author":2,"featured_media":26266,"comment_status":"open","ping_status":"open","sticky":false,"template":"","format":"standard","meta":{"_jetpack_memberships_contains_paid_content":false,"footnotes":""},"categories":[15],"tags":[],"class_list":["post-26265","post","type-post","status-publish","format-standard","has-post-thumbnail","hentry","category-mundo"],"aioseo_notices":[],"jetpack_featured_media_url":"https:\/\/i0.wp.com\/minutobahia24h.com.br\/wp-content\/uploads\/2025\/03\/Sem-titulo-275.jpg?fit=889%2C593&ssl=1","jetpack_sharing_enabled":true,"_links":{"self":[{"href":"https:\/\/minutobahia24h.com.br\/index.php?rest_route=\/wp\/v2\/posts\/26265","targetHints":{"allow":["GET"]}}],"collection":[{"href":"https:\/\/minutobahia24h.com.br\/index.php?rest_route=\/wp\/v2\/posts"}],"about":[{"href":"https:\/\/minutobahia24h.com.br\/index.php?rest_route=\/wp\/v2\/types\/post"}],"author":[{"embeddable":true,"href":"https:\/\/minutobahia24h.com.br\/index.php?rest_route=\/wp\/v2\/users\/2"}],"replies":[{"embeddable":true,"href":"https:\/\/minutobahia24h.com.br\/index.php?rest_route=%2Fwp%2Fv2%2Fcomments&post=26265"}],"version-history":[{"count":1,"href":"https:\/\/minutobahia24h.com.br\/index.php?rest_route=\/wp\/v2\/posts\/26265\/revisions"}],"predecessor-version":[{"id":26267,"href":"https:\/\/minutobahia24h.com.br\/index.php?rest_route=\/wp\/v2\/posts\/26265\/revisions\/26267"}],"wp:featuredmedia":[{"embeddable":true,"href":"https:\/\/minutobahia24h.com.br\/index.php?rest_route=\/wp\/v2\/media\/26266"}],"wp:attachment":[{"href":"https:\/\/minutobahia24h.com.br\/index.php?rest_route=%2Fwp%2Fv2%2Fmedia&parent=26265"}],"wp:term":[{"taxonomy":"category","embeddable":true,"href":"https:\/\/minutobahia24h.com.br\/index.php?rest_route=%2Fwp%2Fv2%2Fcategories&post=26265"},{"taxonomy":"post_tag","embeddable":true,"href":"https:\/\/minutobahia24h.com.br\/index.php?rest_route=%2Fwp%2Fv2%2Ftags&post=26265"}],"curies":[{"name":"wp","href":"https:\/\/api.w.org\/{rel}","templated":true}]}}