{"id":26240,"date":"2025-03-20T07:02:40","date_gmt":"2025-03-20T10:02:40","guid":{"rendered":"https:\/\/minutobahia24h.com.br\/?p=26240"},"modified":"2025-03-20T07:02:42","modified_gmt":"2025-03-20T10:02:42","slug":"feira-de-saude-leva-atendimento-gratuito-aos-distritos-e-sede-de-jacobina","status":"publish","type":"post","link":"https:\/\/minutobahia24h.com.br\/?p=26240","title":{"rendered":"Feira de Sa\u00fade leva atendimento gratuito aos distritos e sede de Jacobina"},"content":{"rendered":"<div class=\"wp-block-image\">\n<figure class=\"aligncenter size-full\"><img data-recalc-dims=\"1\" fetchpriority=\"high\" decoding=\"async\" width=\"800\" height=\"1000\" src=\"https:\/\/i0.wp.com\/minutobahia24h.com.br\/wp-content\/uploads\/2025\/03\/Sem-titulo-267.jpg?resize=800%2C1000&#038;ssl=1\" alt=\"\" class=\"wp-image-26241\" srcset=\"https:\/\/i0.wp.com\/minutobahia24h.com.br\/wp-content\/uploads\/2025\/03\/Sem-titulo-267.jpg?w=819&amp;ssl=1 819w, https:\/\/i0.wp.com\/minutobahia24h.com.br\/wp-content\/uploads\/2025\/03\/Sem-titulo-267.jpg?resize=240%2C300&amp;ssl=1 240w, https:\/\/i0.wp.com\/minutobahia24h.com.br\/wp-content\/uploads\/2025\/03\/Sem-titulo-267.jpg?resize=768%2C960&amp;ssl=1 768w, https:\/\/i0.wp.com\/minutobahia24h.com.br\/wp-content\/uploads\/2025\/03\/Sem-titulo-267.jpg?resize=750%2C938&amp;ssl=1 750w\" sizes=\"(max-width: 800px) 100vw, 800px\" \/><\/figure>\n<\/div>\n\n\n<p>A popula\u00e7\u00e3o de Jacobina contar\u00e1 com mais uma importante a\u00e7\u00e3o voltada ao cuidado com a sa\u00fade. Entre os dias 21 e 24 de mar\u00e7o, a Feira de Sa\u00fade oferecer\u00e1 atendimentos m\u00e9dicos gratuitos em diversas especialidades para moradores da sede e distritos do munic\u00edpio. A iniciativa \u00e9 uma realiza\u00e7\u00e3o da Funda\u00e7\u00e3o Jos\u00e9 Silveira, com o apoio da Secretaria de Sa\u00fade de Jacobina e da Prefeitura de Jacobina.<\/p>\n\n\n\n<p>Os atendimentos ocorrer\u00e3o por ordem de chegada, a partir das 7h da manh\u00e3, e contemplar\u00e3o especialidades como cl\u00ednico geral, ginecologia, cardiologia, odontologia, ultrassonografia (USG) e preventivo ginecol\u00f3gico. Para a realiza\u00e7\u00e3o de ultrassonografia e raio-X, \u00e9 necess\u00e1rio apresentar uma requisi\u00e7\u00e3o m\u00e9dica, enquanto para a mamografia, a requisi\u00e7\u00e3o \u00e9 obrigat\u00f3ria para mulheres com menos de 40 anos.<\/p>\n\n\n\n<p>\u00a0Confira as datas e locais de atendimento:<\/p>\n\n\n\n<p>\u00a021\/03 \u2013 Distrito de Junco e Distrito de Para\u00edso<br>\u00a022\/03 \u2013 Lagoa Dourada<br>\u00a023\/03 \u2013 Caatinga do Moura<br>\u00a024\/03 \u2013 Sede (atr\u00e1s da Igreja Matriz)<\/p>\n\n\n\n<p>Para ser atendido, basta apresentar um documento com foto e o cart\u00e3o do SUS.<\/p>\n\n\n\n<p>A Feira de Sa\u00fade \u00e9 uma oportunidade para que a popula\u00e7\u00e3o tenha acesso a exames e consultas m\u00e9dicas de forma gratuita, garantindo mais qualidade de vida e preven\u00e7\u00e3o de doen\u00e7as. N\u00e3o perca essa chance de cuidar da sua sa\u00fade!<\/p>\n\n\n\n<p>jacobina24horas<\/p>\n","protected":false},"excerpt":{"rendered":"<p>A popula\u00e7\u00e3o de Jacobina contar\u00e1 com mais uma importante a\u00e7\u00e3o voltada ao cuidado com a sa\u00fade. Entre os dias 21 e 24 de mar\u00e7o, a Feira de Sa\u00fade oferecer\u00e1 atendimentos m\u00e9dicos gratuitos em diversas especialidades para moradores da sede e distritos do munic\u00edpio. A iniciativa \u00e9 uma realiza\u00e7\u00e3o da Funda\u00e7\u00e3o Jos\u00e9 Silveira, com o apoio [&hellip;]<\/p>\n","protected":false},"author":2,"featured_media":26241,"comment_status":"open","ping_status":"open","sticky":false,"template":"","format":"standard","meta":{"_jetpack_memberships_contains_paid_content":false,"footnotes":""},"categories":[3],"tags":[],"class_list":["post-26240","post","type-post","status-publish","format-standard","has-post-thumbnail","hentry","category-regional"],"aioseo_notices":[],"jetpack_featured_media_url":"https:\/\/i0.wp.com\/minutobahia24h.com.br\/wp-content\/uploads\/2025\/03\/Sem-titulo-267.jpg?fit=819%2C1024&ssl=1","jetpack_sharing_enabled":true,"_links":{"self":[{"href":"https:\/\/minutobahia24h.com.br\/index.php?rest_route=\/wp\/v2\/posts\/26240","targetHints":{"allow":["GET"]}}],"collection":[{"href":"https:\/\/minutobahia24h.com.br\/index.php?rest_route=\/wp\/v2\/posts"}],"about":[{"href":"https:\/\/minutobahia24h.com.br\/index.php?rest_route=\/wp\/v2\/types\/post"}],"author":[{"embeddable":true,"href":"https:\/\/minutobahia24h.com.br\/index.php?rest_route=\/wp\/v2\/users\/2"}],"replies":[{"embeddable":true,"href":"https:\/\/minutobahia24h.com.br\/index.php?rest_route=%2Fwp%2Fv2%2Fcomments&post=26240"}],"version-history":[{"count":1,"href":"https:\/\/minutobahia24h.com.br\/index.php?rest_route=\/wp\/v2\/posts\/26240\/revisions"}],"predecessor-version":[{"id":26242,"href":"https:\/\/minutobahia24h.com.br\/index.php?rest_route=\/wp\/v2\/posts\/26240\/revisions\/26242"}],"wp:featuredmedia":[{"embeddable":true,"href":"https:\/\/minutobahia24h.com.br\/index.php?rest_route=\/wp\/v2\/media\/26241"}],"wp:attachment":[{"href":"https:\/\/minutobahia24h.com.br\/index.php?rest_route=%2Fwp%2Fv2%2Fmedia&parent=26240"}],"wp:term":[{"taxonomy":"category","embeddable":true,"href":"https:\/\/minutobahia24h.com.br\/index.php?rest_route=%2Fwp%2Fv2%2Fcategories&post=26240"},{"taxonomy":"post_tag","embeddable":true,"href":"https:\/\/minutobahia24h.com.br\/index.php?rest_route=%2Fwp%2Fv2%2Ftags&post=26240"}],"curies":[{"name":"wp","href":"https:\/\/api.w.org\/{rel}","templated":true}]}}