{"id":26225,"date":"2025-03-20T06:54:15","date_gmt":"2025-03-20T09:54:15","guid":{"rendered":"https:\/\/minutobahia24h.com.br\/?p=26225"},"modified":"2025-03-20T06:54:17","modified_gmt":"2025-03-20T09:54:17","slug":"presidente-da-camara-afirma-que-acm-neto-nao-tera-palanque-em-jacobina","status":"publish","type":"post","link":"https:\/\/minutobahia24h.com.br\/?p=26225","title":{"rendered":"Presidente da C\u00e2mara afirma que ACM Neto n\u00e3o ter\u00e1 palanque em Jacobina"},"content":{"rendered":"<div class=\"wp-block-image\">\n<figure class=\"aligncenter size-full\"><img data-recalc-dims=\"1\" fetchpriority=\"high\" decoding=\"async\" width=\"640\" height=\"358\" src=\"https:\/\/i0.wp.com\/minutobahia24h.com.br\/wp-content\/uploads\/2025\/03\/Sem-titulo-262.jpg?resize=640%2C358&#038;ssl=1\" alt=\"\" class=\"wp-image-26226\" srcset=\"https:\/\/i0.wp.com\/minutobahia24h.com.br\/wp-content\/uploads\/2025\/03\/Sem-titulo-262.jpg?w=640&amp;ssl=1 640w, https:\/\/i0.wp.com\/minutobahia24h.com.br\/wp-content\/uploads\/2025\/03\/Sem-titulo-262.jpg?resize=300%2C168&amp;ssl=1 300w\" sizes=\"(max-width: 640px) 100vw, 640px\" \/><\/figure>\n<\/div>\n\n\n<p>Na manh\u00e3 desta quarta-feira (19), o presidente da C\u00e2mara Municipal de Jacobina, no Piemonte da Diamantina, vereador Noelson Oliveira (Solidariedade), afirmou em entrevista ao programa &#8216;Jornal do Dia&#8217;, da R\u00e1dio Jacobina FM, apresentado por Clayton Luz e Rafhael Nobre, que o l\u00edder da oposi\u00e7\u00e3o na Bahia, ACM Neto, n\u00e3o ter\u00e1 palanque pol\u00edtico em Jacobina nas elei\u00e7\u00f5es de 2026. Segundo ele, o ex-prefeito de Salvador traiu seus aliados por duas vezes.<\/p>\n\n\n\n<p>\u201cACM Neto desistiu em cima da hora em 2018, quando chegou no dia, fez um v\u00eddeo chorando declarando amor a Salvador. Tirou Z\u00e9 Ronaldo da prefeitura de Feira de Santana e deixou ele com a bomba chiando. Isso \u00e9 ser amigo? Em 2022, traiu Z\u00e9 Ronaldo e colocou uma vice do bolso dele, que foi Ana Coelho. Em Jacobina, ele n\u00e3o ter\u00e1 palanque\u201d, disse Noelson Oliveira.<\/p>\n\n\n\n<p>O edil tamb\u00e9m defendeu uma maior proximidade da gest\u00e3o da prefeita Valdice Castro (PMB) com o governador Jer\u00f4nimo Rodrigues, afirmando que Jacobina tem a ganhar com essa alian\u00e7a.<\/p>\n\n\n\n<p>A declara\u00e7\u00e3o de Noelson ocorre um dia ap\u00f3s a prefeita Valdice Castro ser recebida pelo governador, deixando claro que todas as grandes correntes pol\u00edticas da \u2018cidade do ouro\u2019 caminhar\u00e3o juntas pela reelei\u00e7\u00e3o do atual chefe do Executivo baiano.<\/p>\n\n\n\n<p>Fonte: Jacobina FM<\/p>\n","protected":false},"excerpt":{"rendered":"<p>Na manh\u00e3 desta quarta-feira (19), o presidente da C\u00e2mara Municipal de Jacobina, no Piemonte da Diamantina, vereador Noelson Oliveira (Solidariedade), afirmou em entrevista ao programa &#8216;Jornal do Dia&#8217;, da R\u00e1dio Jacobina FM, apresentado por Clayton Luz e Rafhael Nobre, que o l\u00edder da oposi\u00e7\u00e3o na Bahia, ACM Neto, n\u00e3o ter\u00e1 palanque pol\u00edtico em Jacobina nas [&hellip;]<\/p>\n","protected":false},"author":2,"featured_media":26226,"comment_status":"open","ping_status":"open","sticky":false,"template":"","format":"standard","meta":{"_jetpack_memberships_contains_paid_content":false,"footnotes":""},"categories":[3],"tags":[],"class_list":["post-26225","post","type-post","status-publish","format-standard","has-post-thumbnail","hentry","category-regional"],"aioseo_notices":[],"jetpack_featured_media_url":"https:\/\/i0.wp.com\/minutobahia24h.com.br\/wp-content\/uploads\/2025\/03\/Sem-titulo-262.jpg?fit=640%2C358&ssl=1","jetpack_sharing_enabled":true,"_links":{"self":[{"href":"https:\/\/minutobahia24h.com.br\/index.php?rest_route=\/wp\/v2\/posts\/26225","targetHints":{"allow":["GET"]}}],"collection":[{"href":"https:\/\/minutobahia24h.com.br\/index.php?rest_route=\/wp\/v2\/posts"}],"about":[{"href":"https:\/\/minutobahia24h.com.br\/index.php?rest_route=\/wp\/v2\/types\/post"}],"author":[{"embeddable":true,"href":"https:\/\/minutobahia24h.com.br\/index.php?rest_route=\/wp\/v2\/users\/2"}],"replies":[{"embeddable":true,"href":"https:\/\/minutobahia24h.com.br\/index.php?rest_route=%2Fwp%2Fv2%2Fcomments&post=26225"}],"version-history":[{"count":1,"href":"https:\/\/minutobahia24h.com.br\/index.php?rest_route=\/wp\/v2\/posts\/26225\/revisions"}],"predecessor-version":[{"id":26227,"href":"https:\/\/minutobahia24h.com.br\/index.php?rest_route=\/wp\/v2\/posts\/26225\/revisions\/26227"}],"wp:featuredmedia":[{"embeddable":true,"href":"https:\/\/minutobahia24h.com.br\/index.php?rest_route=\/wp\/v2\/media\/26226"}],"wp:attachment":[{"href":"https:\/\/minutobahia24h.com.br\/index.php?rest_route=%2Fwp%2Fv2%2Fmedia&parent=26225"}],"wp:term":[{"taxonomy":"category","embeddable":true,"href":"https:\/\/minutobahia24h.com.br\/index.php?rest_route=%2Fwp%2Fv2%2Fcategories&post=26225"},{"taxonomy":"post_tag","embeddable":true,"href":"https:\/\/minutobahia24h.com.br\/index.php?rest_route=%2Fwp%2Fv2%2Ftags&post=26225"}],"curies":[{"name":"wp","href":"https:\/\/api.w.org\/{rel}","templated":true}]}}