{"id":26216,"date":"2025-03-20T06:49:34","date_gmt":"2025-03-20T09:49:34","guid":{"rendered":"https:\/\/minutobahia24h.com.br\/?p=26216"},"modified":"2025-03-20T06:49:38","modified_gmt":"2025-03-20T09:49:38","slug":"dia-do-artesao-petrolina-celebra-preservacao-da-cultura-e-do-talento","status":"publish","type":"post","link":"https:\/\/minutobahia24h.com.br\/?p=26216","title":{"rendered":"Dia do Artes\u00e3o: Petrolina celebra preserva\u00e7\u00e3o da cultura e do talento"},"content":{"rendered":"<div class=\"wp-block-image\">\n<figure class=\"aligncenter size-full\"><img data-recalc-dims=\"1\" fetchpriority=\"high\" decoding=\"async\" width=\"768\" height=\"478\" src=\"https:\/\/i0.wp.com\/minutobahia24h.com.br\/wp-content\/uploads\/2025\/03\/Sem-titulo-259.jpg?resize=768%2C478&#038;ssl=1\" alt=\"\" class=\"wp-image-26217\" srcset=\"https:\/\/i0.wp.com\/minutobahia24h.com.br\/wp-content\/uploads\/2025\/03\/Sem-titulo-259.jpg?w=768&amp;ssl=1 768w, https:\/\/i0.wp.com\/minutobahia24h.com.br\/wp-content\/uploads\/2025\/03\/Sem-titulo-259.jpg?resize=300%2C187&amp;ssl=1 300w, https:\/\/i0.wp.com\/minutobahia24h.com.br\/wp-content\/uploads\/2025\/03\/Sem-titulo-259.jpg?resize=750%2C467&amp;ssl=1 750w\" sizes=\"(max-width: 768px) 100vw, 768px\" \/><figcaption class=\"wp-element-caption\">Foto: Ayrton Latapiat\/Ascpm PMP\/divulga\u00e7\u00e3o<br><\/figcaption><\/figure>\n<\/div>\n\n\n<p>Nesta quarta-feira (19), foi celebrado o Dia do Artes\u00e3o, data que reconhece o trabalho dos artistas que mant\u00eam vivas as tradi\u00e7\u00f5es culturais. Em Petrolina, a Oficina do Artes\u00e3o Mestre Quincas \u00e9 um dos espa\u00e7os onde esses profissionais atuam, produzindo e comercializando suas pe\u00e7as.<\/p>\n\n\n\n<p>O local re\u00fane 36 artes\u00e3os da regi\u00e3o e oferece produtos feitos em barro, cer\u00e2mica, fibra, pedra, madeira, bordados, rendas e couro. Al\u00e9m de gerar renda, a atividade desempenha um papel fundamental na preserva\u00e7\u00e3o cultural e na valoriza\u00e7\u00e3o das t\u00e9cnicas tradicionais.<\/p>\n\n\n\n<p>Para Ant\u00f4nio de Menezes, que come\u00e7ou no artesanato ainda na inf\u00e2ncia, essa profiss\u00e3o foi um desafio e uma paix\u00e3o. \u201c<em>Desde o in\u00edcio me apaixonei pela atividade, apesar da resist\u00eancia de meus pais, que eram agricultores e n\u00e3o compreendiam o of\u00edcio. Superei as dificuldades, fiz um curso de artesanato e, aos 14 anos, j\u00e1 era artes\u00e3o profissional. Hoje, vejo o reconhecimento do nosso trabalho<\/em>\u201d, afirma.<\/p>\n\n\n\n<p>O artes\u00e3o Nivandro F\u00e9lix, que trabalha com carrancas do S\u00e3o Francisco, destaca a import\u00e2ncia do of\u00edcio para sua vida. \u201c<em>O artesanato \u00e9 uma express\u00e3o de dedica\u00e7\u00e3o e amor. Cresci nesse ambiente, sendo filho de artes\u00e3o, e tive a honra de seguir os passos do meu pai. Ver minhas pe\u00e7as chegarem a outros pa\u00edses \u00e9 um grande reconhecimento<\/em>\u201d, pontua. A Oficina do Artes\u00e3o Mestre Quincas est\u00e1 localizada na Avenida Cardoso de S\u00e1, n\u00ba 11, Vila Eduardo, e funciona de segunda a s\u00e1bado, das 8h \u00e0s 17h, e aos domingos, das 8h \u00e0s 12h.<\/p>\n\n\n\n<p>carlosbritto<\/p>\n","protected":false},"excerpt":{"rendered":"<p>Nesta quarta-feira (19), foi celebrado o Dia do Artes\u00e3o, data que reconhece o trabalho dos artistas que mant\u00eam vivas as tradi\u00e7\u00f5es culturais. Em Petrolina, a Oficina do Artes\u00e3o Mestre Quincas \u00e9 um dos espa\u00e7os onde esses profissionais atuam, produzindo e comercializando suas pe\u00e7as. O local re\u00fane 36 artes\u00e3os da regi\u00e3o e oferece produtos feitos em [&hellip;]<\/p>\n","protected":false},"author":2,"featured_media":26217,"comment_status":"open","ping_status":"open","sticky":false,"template":"","format":"standard","meta":{"_jetpack_memberships_contains_paid_content":false,"footnotes":""},"categories":[53],"tags":[],"class_list":["post-26216","post","type-post","status-publish","format-standard","has-post-thumbnail","hentry","category-cultura"],"aioseo_notices":[],"jetpack_featured_media_url":"https:\/\/i0.wp.com\/minutobahia24h.com.br\/wp-content\/uploads\/2025\/03\/Sem-titulo-259.jpg?fit=768%2C478&ssl=1","jetpack_sharing_enabled":true,"_links":{"self":[{"href":"https:\/\/minutobahia24h.com.br\/index.php?rest_route=\/wp\/v2\/posts\/26216","targetHints":{"allow":["GET"]}}],"collection":[{"href":"https:\/\/minutobahia24h.com.br\/index.php?rest_route=\/wp\/v2\/posts"}],"about":[{"href":"https:\/\/minutobahia24h.com.br\/index.php?rest_route=\/wp\/v2\/types\/post"}],"author":[{"embeddable":true,"href":"https:\/\/minutobahia24h.com.br\/index.php?rest_route=\/wp\/v2\/users\/2"}],"replies":[{"embeddable":true,"href":"https:\/\/minutobahia24h.com.br\/index.php?rest_route=%2Fwp%2Fv2%2Fcomments&post=26216"}],"version-history":[{"count":1,"href":"https:\/\/minutobahia24h.com.br\/index.php?rest_route=\/wp\/v2\/posts\/26216\/revisions"}],"predecessor-version":[{"id":26218,"href":"https:\/\/minutobahia24h.com.br\/index.php?rest_route=\/wp\/v2\/posts\/26216\/revisions\/26218"}],"wp:featuredmedia":[{"embeddable":true,"href":"https:\/\/minutobahia24h.com.br\/index.php?rest_route=\/wp\/v2\/media\/26217"}],"wp:attachment":[{"href":"https:\/\/minutobahia24h.com.br\/index.php?rest_route=%2Fwp%2Fv2%2Fmedia&parent=26216"}],"wp:term":[{"taxonomy":"category","embeddable":true,"href":"https:\/\/minutobahia24h.com.br\/index.php?rest_route=%2Fwp%2Fv2%2Fcategories&post=26216"},{"taxonomy":"post_tag","embeddable":true,"href":"https:\/\/minutobahia24h.com.br\/index.php?rest_route=%2Fwp%2Fv2%2Ftags&post=26216"}],"curies":[{"name":"wp","href":"https:\/\/api.w.org\/{rel}","templated":true}]}}