{"id":26207,"date":"2025-03-19T10:26:02","date_gmt":"2025-03-19T13:26:02","guid":{"rendered":"https:\/\/minutobahia24h.com.br\/?p=26207"},"modified":"2025-03-19T10:26:32","modified_gmt":"2025-03-19T13:26:32","slug":"chegada-de-onibus-escolar-0-km-reforca-compromisso-da-gestao-com-a-educacao-de-andorinha","status":"publish","type":"post","link":"https:\/\/minutobahia24h.com.br\/?p=26207","title":{"rendered":"Chegada de \u00d4nibus Escolar 0 km Refor\u00e7a Compromisso da Gest\u00e3o com a Educa\u00e7\u00e3o de Andorinha"},"content":{"rendered":"<div class=\"wp-block-image\">\n<figure class=\"aligncenter size-large\"><img data-recalc-dims=\"1\" fetchpriority=\"high\" decoding=\"async\" width=\"800\" height=\"515\" src=\"https:\/\/i0.wp.com\/minutobahia24h.com.br\/wp-content\/uploads\/2025\/03\/img-20250319-wa05374817292728082298748-1024x659.jpg?resize=800%2C515&#038;ssl=1\" alt=\"\" class=\"wp-image-26206\" srcset=\"https:\/\/i0.wp.com\/minutobahia24h.com.br\/wp-content\/uploads\/2025\/03\/img-20250319-wa05374817292728082298748.jpg?resize=1024%2C659&amp;ssl=1 1024w, https:\/\/i0.wp.com\/minutobahia24h.com.br\/wp-content\/uploads\/2025\/03\/img-20250319-wa05374817292728082298748.jpg?resize=300%2C193&amp;ssl=1 300w, https:\/\/i0.wp.com\/minutobahia24h.com.br\/wp-content\/uploads\/2025\/03\/img-20250319-wa05374817292728082298748.jpg?resize=768%2C494&amp;ssl=1 768w, https:\/\/i0.wp.com\/minutobahia24h.com.br\/wp-content\/uploads\/2025\/03\/img-20250319-wa05374817292728082298748.jpg?resize=1536%2C989&amp;ssl=1 1536w, https:\/\/i0.wp.com\/minutobahia24h.com.br\/wp-content\/uploads\/2025\/03\/img-20250319-wa05374817292728082298748.jpg?resize=750%2C483&amp;ssl=1 750w, https:\/\/i0.wp.com\/minutobahia24h.com.br\/wp-content\/uploads\/2025\/03\/img-20250319-wa05374817292728082298748.jpg?resize=1140%2C734&amp;ssl=1 1140w, https:\/\/i0.wp.com\/minutobahia24h.com.br\/wp-content\/uploads\/2025\/03\/img-20250319-wa05374817292728082298748.jpg?w=1600&amp;ssl=1 1600w\" sizes=\"(max-width: 800px) 100vw, 800px\" \/><\/figure>\n<\/div>\n\n\n<p class=\"wp-block-paragraph\"><\/p>\n\n\n\n<p class=\"wp-block-paragraph\">Desde o in\u00edcio, a administra\u00e7\u00e3o do prefeito Adilberto Evangelista tem demonstrado que a educa\u00e7\u00e3o \u00e9 uma de suas prioridades. Nesta ter\u00e7a-feira (18), mais um passo importante foi dado para fortalecer essa \u00e1rea t\u00e3o importante com a entrega de um \u00f4nibus escolar 0 km, adquirido por meio do Programa de Acelera\u00e7\u00e3o do Crescimento (PAC), do Governo Federal, em parceria com o governo da Bahia.<br><br>O prefeito Adilberto Evangelista, acompanhado do vice-prefeito Vagner Lavor e da secret\u00e1ria de Educa\u00e7\u00e3o, Dourineide Concei\u00e7\u00e3o, apresentou o ve\u00edculo, que vem equipado com tecnologia moderna e recursos que visam garantir mais conforto, seguran\u00e7a e acessibilidade aos estudantes da rede p\u00fablica de Andorinha. <br><br>O novo \u00f4nibus escolar conta com ar-condicionado, proporcionando um ambiente mais agrad\u00e1vel para os alunos durante o trajeto. Al\u00e9m disso, o ve\u00edculo possui um sistema de acessibilidade avan\u00e7ado, atendendo a todas as normas de inclus\u00e3o e seguran\u00e7a exigidas pelo programa federal, especialmente aqueles que residem em \u00e1reas mais distantes da sede do munic\u00edpio.<br><br>O prefeito Adilberto Evangelista refor\u00e7ou o compromisso da gest\u00e3o com a educa\u00e7\u00e3o e agradeceu o apoio do governo federal e estadual. \u201cA nossa gest\u00e3o tem a obriga\u00e7\u00e3o de oferecer as melhores condi\u00e7\u00f5es de ensino e aprendizado aos nossos alunos. Esse j\u00e1 \u00e9 o segundo \u00f4nibus em pouco mais de 70 dias de gest\u00e3o. Gostaria de agradecer ao presidente Lula e ao governador Jer\u00f4nimo por estarem contribuindo para o desenvolvimento de Andorinha. O novo \u00f4nibus vai garantir um transporte seguro, acess\u00edvel e confort\u00e1vel para os estudantes. Temos esse compromisso com o nosso povo\u201d, destacou.<br><br>A secret\u00e1ria de Educa\u00e7\u00e3o, Dourineide Concei\u00e7\u00e3o, tamb\u00e9m celebrou a conquista. \u201cEsse \u00f4nibus representa um avan\u00e7o significativo para a educa\u00e7\u00e3o de Andorinha. Com mais conforto e seguran\u00e7a, nossos alunos poder\u00e3o se deslocar com mais tranquilidade, favorecendo o processo de aprendizagem\u201d, afirmou.<br><br>ASCOM &#8211; Prefeitura Municipal de Andorinha<\/p>\n","protected":false},"excerpt":{"rendered":"<p>Desde o in\u00edcio, a administra\u00e7\u00e3o do prefeito Adilberto Evangelista tem demonstrado que a educa\u00e7\u00e3o \u00e9 uma de suas prioridades. Nesta ter\u00e7a-feira (18), mais um passo importante foi dado para fortalecer essa \u00e1rea t\u00e3o importante com a entrega de um \u00f4nibus escolar 0 km, adquirido por meio do Programa de Acelera\u00e7\u00e3o do Crescimento (PAC), do Governo [&hellip;]<\/p>\n","protected":false},"author":2,"featured_media":26206,"comment_status":"open","ping_status":"open","sticky":false,"template":"","format":"standard","meta":{"_jetpack_newsletter_access":"","_jetpack_dont_email_post_to_subs":false,"_jetpack_newsletter_tier_id":0,"_jetpack_memberships_contains_paywalled_content":false,"_jetpack_feature_clip_id":0,"_jetpack_memberships_contains_paid_content":false,"footnotes":"","jetpack_post_was_ever_published":false},"categories":[3],"tags":[55],"class_list":["post-26207","post","type-post","status-publish","format-standard","has-post-thumbnail","hentry","category-regional","tag-andorinha"],"aioseo_notices":[],"aioseo_head":"\n\t\t<!-- All in One SEO 5.0.1.1 - aioseo.com -->\n\t<meta name=\"description\" content=\"Desde o in\u00edcio, a administra\u00e7\u00e3o do prefeito Adilberto Evangelista tem demonstrado que a educa\u00e7\u00e3o \u00e9 uma de suas prioridades. Nesta ter\u00e7a-feira (18), mais um passo importante foi dado para fortalecer essa \u00e1rea t\u00e3o importante com a entrega de um \u00f4nibus escolar 0 km, adquirido por meio do Programa de Acelera\u00e7\u00e3o do Crescimento (PAC), do Governo\" \/>\n\t<meta name=\"robots\" content=\"max-image-preview:large\" \/>\n\t<meta name=\"author\" content=\"andre\"\/>\n\t<link rel=\"canonical\" href=\"https:\/\/minutobahia24h.com.br\/?p=26207\" \/>\n\t<meta name=\"generator\" content=\"All in One SEO (AIOSEO) 5.0.1.1\" \/>\n\t\t<meta property=\"og:locale\" content=\"pt_BR\" \/>\n\t\t<meta property=\"og:site_name\" content=\"Minuto Bahia 24h - O seu portal de not\u00edcias\" \/>\n\t\t<meta property=\"og:type\" content=\"article\" \/>\n\t\t<meta property=\"og:title\" content=\"Chegada de \u00d4nibus Escolar 0 km Refor\u00e7a Compromisso da Gest\u00e3o com a Educa\u00e7\u00e3o de Andorinha - Minuto Bahia 24h\" \/>\n\t\t<meta property=\"og:description\" content=\"Desde o in\u00edcio, a administra\u00e7\u00e3o do prefeito Adilberto Evangelista tem demonstrado que a educa\u00e7\u00e3o \u00e9 uma de suas prioridades. Nesta ter\u00e7a-feira (18), mais um passo importante foi dado para fortalecer essa \u00e1rea t\u00e3o importante com a entrega de um \u00f4nibus escolar 0 km, adquirido por meio do Programa de Acelera\u00e7\u00e3o do Crescimento (PAC), do Governo\" \/>\n\t\t<meta property=\"og:url\" content=\"https:\/\/minutobahia24h.com.br\/?p=26207\" \/>\n\t\t<meta property=\"og:image\" content=\"https:\/\/minutobahia24h.com.br\/wp-content\/uploads\/2025\/03\/img-20250319-wa05374817292728082298748.jpg\" \/>\n\t\t<meta property=\"og:image:secure_url\" content=\"https:\/\/minutobahia24h.com.br\/wp-content\/uploads\/2025\/03\/img-20250319-wa05374817292728082298748.jpg\" \/>\n\t\t<meta property=\"og:image:width\" content=\"1600\" \/>\n\t\t<meta property=\"og:image:height\" content=\"1030\" \/>\n\t\t<meta property=\"article:published_time\" content=\"2025-03-19T13:26:02+00:00\" \/>\n\t\t<meta property=\"article:modified_time\" content=\"2025-03-19T13:26:32+00:00\" \/>\n\t\t<meta name=\"twitter:card\" content=\"summary_large_image\" \/>\n\t\t<meta name=\"twitter:title\" content=\"Chegada de \u00d4nibus Escolar 0 km Refor\u00e7a Compromisso da Gest\u00e3o com a Educa\u00e7\u00e3o de Andorinha - Minuto Bahia 24h\" \/>\n\t\t<meta name=\"twitter:description\" content=\"Desde o in\u00edcio, a administra\u00e7\u00e3o do prefeito Adilberto Evangelista tem demonstrado que a educa\u00e7\u00e3o \u00e9 uma de suas prioridades. Nesta ter\u00e7a-feira (18), mais um passo importante foi dado para fortalecer essa \u00e1rea t\u00e3o importante com a entrega de um \u00f4nibus escolar 0 km, adquirido por meio do Programa de Acelera\u00e7\u00e3o do Crescimento (PAC), do Governo\" \/>\n\t\t<meta name=\"twitter:image\" content=\"https:\/\/minutobahia24h.com.br\/wp-content\/uploads\/2025\/03\/img-20250319-wa05374817292728082298748.jpg\" \/>\n\t\t<script type=\"application\/ld+json\" class=\"aioseo-schema\">\n\t\t\t{\"@context\":\"https:\\\/\\\/schema.org\",\"@graph\":[{\"@type\":\"BlogPosting\",\"@id\":\"https:\\\/\\\/minutobahia24h.com.br\\\/?p=26207#blogposting\",\"name\":\"Chegada de \\u00d4nibus Escolar 0 km Refor\\u00e7a Compromisso da Gest\\u00e3o com a Educa\\u00e7\\u00e3o de Andorinha - Minuto Bahia 24h\",\"headline\":\"Chegada de \\u00d4nibus Escolar 0 km Refor\\u00e7a Compromisso da Gest\\u00e3o com a Educa\\u00e7\\u00e3o de Andorinha\",\"author\":{\"@id\":\"https:\\\/\\\/minutobahia24h.com.br\\\/?author=2#author\"},\"publisher\":{\"@id\":\"https:\\\/\\\/minutobahia24h.com.br\\\/#organization\"},\"image\":{\"@type\":\"ImageObject\",\"url\":\"https:\\\/\\\/i0.wp.com\\\/minutobahia24h.com.br\\\/wp-content\\\/uploads\\\/2025\\\/03\\\/img-20250319-wa05374817292728082298748.jpg?fit=1600%2C1030&ssl=1\",\"width\":1600,\"height\":1030},\"datePublished\":\"2025-03-19T10:26:02-03:00\",\"dateModified\":\"2025-03-19T10:26:32-03:00\",\"inLanguage\":\"pt-BR\",\"mainEntityOfPage\":{\"@id\":\"https:\\\/\\\/minutobahia24h.com.br\\\/?p=26207#webpage\"},\"isPartOf\":{\"@id\":\"https:\\\/\\\/minutobahia24h.com.br\\\/?p=26207#webpage\"},\"articleSection\":\"Regional, Andorinha\"},{\"@type\":\"BreadcrumbList\",\"@id\":\"https:\\\/\\\/minutobahia24h.com.br\\\/?p=26207#breadcrumblist\",\"itemListElement\":[{\"@type\":\"ListItem\",\"@id\":\"https:\\\/\\\/minutobahia24h.com.br#listItem\",\"position\":1,\"name\":\"In\\u00edcio\",\"item\":\"https:\\\/\\\/minutobahia24h.com.br\",\"nextItem\":{\"@type\":\"ListItem\",\"@id\":\"https:\\\/\\\/minutobahia24h.com.br\\\/?cat=3#listItem\",\"name\":\"Regional\"}},{\"@type\":\"ListItem\",\"@id\":\"https:\\\/\\\/minutobahia24h.com.br\\\/?cat=3#listItem\",\"position\":2,\"name\":\"Regional\",\"item\":\"https:\\\/\\\/minutobahia24h.com.br\\\/?cat=3\",\"nextItem\":{\"@type\":\"ListItem\",\"@id\":\"https:\\\/\\\/minutobahia24h.com.br\\\/?p=26207#listItem\",\"name\":\"Chegada de \\u00d4nibus Escolar 0 km Refor\\u00e7a Compromisso da Gest\\u00e3o com a Educa\\u00e7\\u00e3o de Andorinha\"},\"previousItem\":{\"@type\":\"ListItem\",\"@id\":\"https:\\\/\\\/minutobahia24h.com.br#listItem\",\"name\":\"In\\u00edcio\"}},{\"@type\":\"ListItem\",\"@id\":\"https:\\\/\\\/minutobahia24h.com.br\\\/?p=26207#listItem\",\"position\":3,\"name\":\"Chegada de \\u00d4nibus Escolar 0 km Refor\\u00e7a Compromisso da Gest\\u00e3o com a Educa\\u00e7\\u00e3o de Andorinha\",\"previousItem\":{\"@type\":\"ListItem\",\"@id\":\"https:\\\/\\\/minutobahia24h.com.br\\\/?cat=3#listItem\",\"name\":\"Regional\"}}]},{\"@type\":\"Organization\",\"@id\":\"https:\\\/\\\/minutobahia24h.com.br\\\/#organization\",\"name\":\"Minuto Bahia 24h\",\"description\":\"O seu portal de not\\u00edcias\",\"url\":\"https:\\\/\\\/minutobahia24h.com.br\\\/\",\"logo\":{\"@type\":\"ImageObject\",\"url\":\"https:\\\/\\\/i0.wp.com\\\/minutobahia24h.com.br\\\/wp-content\\\/uploads\\\/2023\\\/09\\\/cropped-minutoba.png?fit=457%2C119&ssl=1\",\"@id\":\"https:\\\/\\\/minutobahia24h.com.br\\\/?p=26207\\\/#organizationLogo\",\"width\":457,\"height\":119},\"image\":{\"@id\":\"https:\\\/\\\/minutobahia24h.com.br\\\/?p=26207\\\/#organizationLogo\"}},{\"@type\":\"Person\",\"@id\":\"https:\\\/\\\/minutobahia24h.com.br\\\/?author=2#author\",\"url\":\"https:\\\/\\\/minutobahia24h.com.br\\\/?author=2\",\"name\":\"andre\",\"image\":{\"@type\":\"ImageObject\",\"@id\":\"https:\\\/\\\/minutobahia24h.com.br\\\/?p=26207#authorImage\",\"url\":\"https:\\\/\\\/secure.gravatar.com\\\/avatar\\\/0ec5eafed5f3925c321625d79a680d589901b94bca787ae396a35f6c4a960922?s=96&d=mm&r=g\",\"width\":96,\"height\":96,\"caption\":\"andre\"}},{\"@type\":\"WebPage\",\"@id\":\"https:\\\/\\\/minutobahia24h.com.br\\\/?p=26207#webpage\",\"url\":\"https:\\\/\\\/minutobahia24h.com.br\\\/?p=26207\",\"name\":\"Chegada de \\u00d4nibus Escolar 0 km Refor\\u00e7a Compromisso da Gest\\u00e3o com a Educa\\u00e7\\u00e3o de Andorinha - Minuto Bahia 24h\",\"description\":\"Desde o in\\u00edcio, a administra\\u00e7\\u00e3o do prefeito Adilberto Evangelista tem demonstrado que a educa\\u00e7\\u00e3o \\u00e9 uma de suas prioridades. Nesta ter\\u00e7a-feira (18), mais um passo importante foi dado para fortalecer essa \\u00e1rea t\\u00e3o importante com a entrega de um \\u00f4nibus escolar 0 km, adquirido por meio do Programa de Acelera\\u00e7\\u00e3o do Crescimento (PAC), do Governo\",\"inLanguage\":\"pt-BR\",\"isPartOf\":{\"@id\":\"https:\\\/\\\/minutobahia24h.com.br\\\/#website\"},\"breadcrumb\":{\"@id\":\"https:\\\/\\\/minutobahia24h.com.br\\\/?p=26207#breadcrumblist\"},\"author\":{\"@id\":\"https:\\\/\\\/minutobahia24h.com.br\\\/?author=2#author\"},\"creator\":{\"@id\":\"https:\\\/\\\/minutobahia24h.com.br\\\/?author=2#author\"},\"image\":{\"@type\":\"ImageObject\",\"url\":\"https:\\\/\\\/i0.wp.com\\\/minutobahia24h.com.br\\\/wp-content\\\/uploads\\\/2025\\\/03\\\/img-20250319-wa05374817292728082298748.jpg?fit=1600%2C1030&ssl=1\",\"@id\":\"https:\\\/\\\/minutobahia24h.com.br\\\/?p=26207\\\/#mainImage\",\"width\":1600,\"height\":1030},\"primaryImageOfPage\":{\"@id\":\"https:\\\/\\\/minutobahia24h.com.br\\\/?p=26207#mainImage\"},\"datePublished\":\"2025-03-19T10:26:02-03:00\",\"dateModified\":\"2025-03-19T10:26:32-03:00\"},{\"@type\":\"WebSite\",\"@id\":\"https:\\\/\\\/minutobahia24h.com.br\\\/#website\",\"url\":\"https:\\\/\\\/minutobahia24h.com.br\\\/\",\"name\":\"Minuto Bahia 24h\",\"description\":\"O seu portal de not\\u00edcias\",\"inLanguage\":\"pt-BR\",\"publisher\":{\"@id\":\"https:\\\/\\\/minutobahia24h.com.br\\\/#organization\"}}]}\n\t\t<\/script>\n\t\t<!-- All in One SEO -->\n\n","aioseo_head_json":{"title":"Chegada de \u00d4nibus Escolar 0 km Refor\u00e7a Compromisso da Gest\u00e3o com a Educa\u00e7\u00e3o de Andorinha - Minuto Bahia 24h","description":"Desde o in\u00edcio, a administra\u00e7\u00e3o do prefeito Adilberto Evangelista tem demonstrado que a educa\u00e7\u00e3o \u00e9 uma de suas prioridades. Nesta ter\u00e7a-feira (18), mais um passo importante foi dado para fortalecer essa \u00e1rea t\u00e3o importante com a entrega de um \u00f4nibus escolar 0 km, adquirido por meio do Programa de Acelera\u00e7\u00e3o do Crescimento (PAC), do Governo","canonical_url":"https:\/\/minutobahia24h.com.br\/?p=26207","robots":"max-image-preview:large","keywords":"","webmasterTools":{"miscellaneous":""},"schema":{"@context":"https:\/\/schema.org","@graph":[{"@type":"BlogPosting","@id":"https:\/\/minutobahia24h.com.br\/?p=26207#blogposting","name":"Chegada de \u00d4nibus Escolar 0 km Refor\u00e7a Compromisso da Gest\u00e3o com a Educa\u00e7\u00e3o de Andorinha - Minuto Bahia 24h","headline":"Chegada de \u00d4nibus Escolar 0 km Refor\u00e7a Compromisso da Gest\u00e3o com a Educa\u00e7\u00e3o de Andorinha","author":{"@id":"https:\/\/minutobahia24h.com.br\/?author=2#author"},"publisher":{"@id":"https:\/\/minutobahia24h.com.br\/#organization"},"image":{"@type":"ImageObject","url":"https:\/\/i0.wp.com\/minutobahia24h.com.br\/wp-content\/uploads\/2025\/03\/img-20250319-wa05374817292728082298748.jpg?fit=1600%2C1030&ssl=1","width":1600,"height":1030},"datePublished":"2025-03-19T10:26:02-03:00","dateModified":"2025-03-19T10:26:32-03:00","inLanguage":"pt-BR","mainEntityOfPage":{"@id":"https:\/\/minutobahia24h.com.br\/?p=26207#webpage"},"isPartOf":{"@id":"https:\/\/minutobahia24h.com.br\/?p=26207#webpage"},"articleSection":"Regional, Andorinha"},{"@type":"BreadcrumbList","@id":"https:\/\/minutobahia24h.com.br\/?p=26207#breadcrumblist","itemListElement":[{"@type":"ListItem","@id":"https:\/\/minutobahia24h.com.br#listItem","position":1,"name":"In\u00edcio","item":"https:\/\/minutobahia24h.com.br","nextItem":{"@type":"ListItem","@id":"https:\/\/minutobahia24h.com.br\/?cat=3#listItem","name":"Regional"}},{"@type":"ListItem","@id":"https:\/\/minutobahia24h.com.br\/?cat=3#listItem","position":2,"name":"Regional","item":"https:\/\/minutobahia24h.com.br\/?cat=3","nextItem":{"@type":"ListItem","@id":"https:\/\/minutobahia24h.com.br\/?p=26207#listItem","name":"Chegada de \u00d4nibus Escolar 0 km Refor\u00e7a Compromisso da Gest\u00e3o com a Educa\u00e7\u00e3o de Andorinha"},"previousItem":{"@type":"ListItem","@id":"https:\/\/minutobahia24h.com.br#listItem","name":"In\u00edcio"}},{"@type":"ListItem","@id":"https:\/\/minutobahia24h.com.br\/?p=26207#listItem","position":3,"name":"Chegada de \u00d4nibus Escolar 0 km Refor\u00e7a Compromisso da Gest\u00e3o com a Educa\u00e7\u00e3o de Andorinha","previousItem":{"@type":"ListItem","@id":"https:\/\/minutobahia24h.com.br\/?cat=3#listItem","name":"Regional"}}]},{"@type":"Organization","@id":"https:\/\/minutobahia24h.com.br\/#organization","name":"Minuto Bahia 24h","description":"O seu portal de not\u00edcias","url":"https:\/\/minutobahia24h.com.br\/","logo":{"@type":"ImageObject","url":"https:\/\/i0.wp.com\/minutobahia24h.com.br\/wp-content\/uploads\/2023\/09\/cropped-minutoba.png?fit=457%2C119&ssl=1","@id":"https:\/\/minutobahia24h.com.br\/?p=26207\/#organizationLogo","width":457,"height":119},"image":{"@id":"https:\/\/minutobahia24h.com.br\/?p=26207\/#organizationLogo"}},{"@type":"Person","@id":"https:\/\/minutobahia24h.com.br\/?author=2#author","url":"https:\/\/minutobahia24h.com.br\/?author=2","name":"andre","image":{"@type":"ImageObject","@id":"https:\/\/minutobahia24h.com.br\/?p=26207#authorImage","url":"https:\/\/secure.gravatar.com\/avatar\/0ec5eafed5f3925c321625d79a680d589901b94bca787ae396a35f6c4a960922?s=96&d=mm&r=g","width":96,"height":96,"caption":"andre"}},{"@type":"WebPage","@id":"https:\/\/minutobahia24h.com.br\/?p=26207#webpage","url":"https:\/\/minutobahia24h.com.br\/?p=26207","name":"Chegada de \u00d4nibus Escolar 0 km Refor\u00e7a Compromisso da Gest\u00e3o com a Educa\u00e7\u00e3o de Andorinha - Minuto Bahia 24h","description":"Desde o in\u00edcio, a administra\u00e7\u00e3o do prefeito Adilberto Evangelista tem demonstrado que a educa\u00e7\u00e3o \u00e9 uma de suas prioridades. Nesta ter\u00e7a-feira (18), mais um passo importante foi dado para fortalecer essa \u00e1rea t\u00e3o importante com a entrega de um \u00f4nibus escolar 0 km, adquirido por meio do Programa de Acelera\u00e7\u00e3o do Crescimento (PAC), do Governo","inLanguage":"pt-BR","isPartOf":{"@id":"https:\/\/minutobahia24h.com.br\/#website"},"breadcrumb":{"@id":"https:\/\/minutobahia24h.com.br\/?p=26207#breadcrumblist"},"author":{"@id":"https:\/\/minutobahia24h.com.br\/?author=2#author"},"creator":{"@id":"https:\/\/minutobahia24h.com.br\/?author=2#author"},"image":{"@type":"ImageObject","url":"https:\/\/i0.wp.com\/minutobahia24h.com.br\/wp-content\/uploads\/2025\/03\/img-20250319-wa05374817292728082298748.jpg?fit=1600%2C1030&ssl=1","@id":"https:\/\/minutobahia24h.com.br\/?p=26207\/#mainImage","width":1600,"height":1030},"primaryImageOfPage":{"@id":"https:\/\/minutobahia24h.com.br\/?p=26207#mainImage"},"datePublished":"2025-03-19T10:26:02-03:00","dateModified":"2025-03-19T10:26:32-03:00"},{"@type":"WebSite","@id":"https:\/\/minutobahia24h.com.br\/#website","url":"https:\/\/minutobahia24h.com.br\/","name":"Minuto Bahia 24h","description":"O seu portal de not\u00edcias","inLanguage":"pt-BR","publisher":{"@id":"https:\/\/minutobahia24h.com.br\/#organization"}}]},"og:locale":"pt_BR","og:site_name":"Minuto Bahia 24h - O seu portal de not\u00edcias","og:type":"article","og:title":"Chegada de \u00d4nibus Escolar 0 km Refor\u00e7a Compromisso da Gest\u00e3o com a Educa\u00e7\u00e3o de Andorinha - Minuto Bahia 24h","og:description":"Desde o in\u00edcio, a administra\u00e7\u00e3o do prefeito Adilberto Evangelista tem demonstrado que a educa\u00e7\u00e3o \u00e9 uma de suas prioridades. Nesta ter\u00e7a-feira (18), mais um passo importante foi dado para fortalecer essa \u00e1rea t\u00e3o importante com a entrega de um \u00f4nibus escolar 0 km, adquirido por meio do Programa de Acelera\u00e7\u00e3o do Crescimento (PAC), do Governo","og:url":"https:\/\/minutobahia24h.com.br\/?p=26207","og:image":"https:\/\/minutobahia24h.com.br\/wp-content\/uploads\/2025\/03\/img-20250319-wa05374817292728082298748.jpg","og:image:secure_url":"https:\/\/minutobahia24h.com.br\/wp-content\/uploads\/2025\/03\/img-20250319-wa05374817292728082298748.jpg","og:image:width":1600,"og:image:height":1030,"article:published_time":"2025-03-19T13:26:02+00:00","article:modified_time":"2025-03-19T13:26:32+00:00","twitter:card":"summary_large_image","twitter:title":"Chegada de \u00d4nibus Escolar 0 km Refor\u00e7a Compromisso da Gest\u00e3o com a Educa\u00e7\u00e3o de Andorinha - Minuto Bahia 24h","twitter:description":"Desde o in\u00edcio, a administra\u00e7\u00e3o do prefeito Adilberto Evangelista tem demonstrado que a educa\u00e7\u00e3o \u00e9 uma de suas prioridades. Nesta ter\u00e7a-feira (18), mais um passo importante foi dado para fortalecer essa \u00e1rea t\u00e3o importante com a entrega de um \u00f4nibus escolar 0 km, adquirido por meio do Programa de Acelera\u00e7\u00e3o do Crescimento (PAC), do Governo","twitter:image":"https:\/\/minutobahia24h.com.br\/wp-content\/uploads\/2025\/03\/img-20250319-wa05374817292728082298748.jpg"},"aioseo_meta_data":{"post_id":"26207","title":null,"description":null,"keywords":null,"keyphrases":null,"primary_term":null,"canonical_url":null,"og_title":null,"og_description":null,"og_object_type":"default","og_image_type":"default","og_image_url":null,"og_image_width":null,"og_image_height":null,"og_image_custom_url":null,"og_image_custom_fields":null,"og_video":null,"og_custom_url":null,"og_article_section":null,"og_article_tags":null,"twitter_use_og":true,"twitter_card":"default","twitter_image_type":"default","twitter_image_url":null,"twitter_image_custom_url":null,"twitter_image_custom_fields":null,"twitter_title":null,"twitter_description":null,"schema":{"blockGraphs":[],"customGraphs":[],"default":{"data":{"Article":[],"Course":[],"Dataset":[],"FAQPage":[],"Movie":[],"Person":[],"Product":[],"ProductReview":[],"Car":[],"Recipe":[],"Service":[],"SoftwareApplication":[],"WebPage":[]},"graphName":"","isEnabled":true},"graphs":[]},"schema_type":"default","schema_type_options":null,"pillar_content":false,"robots_default":true,"robots_noindex":false,"robots_noarchive":false,"robots_nosnippet":false,"robots_nofollow":false,"robots_noimageindex":false,"robots_noodp":false,"robots_notranslate":false,"robots_max_snippet":null,"robots_max_videopreview":null,"robots_max_imagepreview":"large","priority":null,"frequency":null,"local_seo":null,"breadcrumb_settings":null,"limit_modified_date":false,"ai":null,"created":"2025-03-19 13:41:11","updated":"2025-06-05 15:11:18","seo_analyzer_scan_date":null,"focus_keyword":null,"additional_keywords":null,"truseo_locale":null},"aioseo_breadcrumb":"<div class=\"aioseo-breadcrumbs\"><span class=\"aioseo-breadcrumb\">\n\t\t\t<a href=\"https:\/\/minutobahia24h.com.br\" title=\"In\u00edcio\">In\u00edcio<\/a>\n\t\t<\/span><span class=\"aioseo-breadcrumb-separator\">&raquo;<\/span><span class=\"aioseo-breadcrumb\">\n\t\t\t<a href=\"https:\/\/minutobahia24h.com.br\/?cat=3\" title=\"Regional\">Regional<\/a>\n\t\t<\/span><span class=\"aioseo-breadcrumb-separator\">&raquo;<\/span><span class=\"aioseo-breadcrumb\">\n\t\t\tChegada de \u00d4nibus Escolar 0 km Refor\u00e7a Compromisso da Gest\u00e3o com a Educa\u00e7\u00e3o de Andorinha\n\t\t<\/span><\/div>","aioseo_breadcrumb_json":[{"label":"In\u00edcio","link":"https:\/\/minutobahia24h.com.br"},{"label":"Regional","link":"https:\/\/minutobahia24h.com.br\/?cat=3"},{"label":"Chegada de \u00d4nibus Escolar 0 km Refor\u00e7a Compromisso da Gest\u00e3o com a Educa\u00e7\u00e3o de Andorinha","link":"https:\/\/minutobahia24h.com.br\/?p=26207"}],"jetpack_sharing_enabled":true,"jetpack_featured_media_url":"https:\/\/i0.wp.com\/minutobahia24h.com.br\/wp-content\/uploads\/2025\/03\/img-20250319-wa05374817292728082298748.jpg?fit=1600%2C1030&ssl=1","_links":{"self":[{"href":"https:\/\/minutobahia24h.com.br\/index.php?rest_route=\/wp\/v2\/posts\/26207","targetHints":{"allow":["GET"]}}],"collection":[{"href":"https:\/\/minutobahia24h.com.br\/index.php?rest_route=\/wp\/v2\/posts"}],"about":[{"href":"https:\/\/minutobahia24h.com.br\/index.php?rest_route=\/wp\/v2\/types\/post"}],"author":[{"embeddable":true,"href":"https:\/\/minutobahia24h.com.br\/index.php?rest_route=\/wp\/v2\/users\/2"}],"replies":[{"embeddable":true,"href":"https:\/\/minutobahia24h.com.br\/index.php?rest_route=%2Fwp%2Fv2%2Fcomments&post=26207"}],"version-history":[{"count":1,"href":"https:\/\/minutobahia24h.com.br\/index.php?rest_route=\/wp\/v2\/posts\/26207\/revisions"}],"predecessor-version":[{"id":26208,"href":"https:\/\/minutobahia24h.com.br\/index.php?rest_route=\/wp\/v2\/posts\/26207\/revisions\/26208"}],"wp:featuredmedia":[{"embeddable":true,"href":"https:\/\/minutobahia24h.com.br\/index.php?rest_route=\/wp\/v2\/media\/26206"}],"wp:attachment":[{"href":"https:\/\/minutobahia24h.com.br\/index.php?rest_route=%2Fwp%2Fv2%2Fmedia&parent=26207"}],"wp:term":[{"taxonomy":"category","embeddable":true,"href":"https:\/\/minutobahia24h.com.br\/index.php?rest_route=%2Fwp%2Fv2%2Fcategories&post=26207"},{"taxonomy":"post_tag","embeddable":true,"href":"https:\/\/minutobahia24h.com.br\/index.php?rest_route=%2Fwp%2Fv2%2Ftags&post=26207"}],"curies":[{"name":"wp","href":"https:\/\/api.w.org\/{rel}","templated":true}]}}