{"id":26185,"date":"2025-03-19T08:02:12","date_gmt":"2025-03-19T11:02:12","guid":{"rendered":"https:\/\/minutobahia24h.com.br\/?p=26185"},"modified":"2025-03-19T08:02:14","modified_gmt":"2025-03-19T11:02:14","slug":"votacao-da-lei-da-ficha-limpa-e-adiada-no-senado-federal","status":"publish","type":"post","link":"https:\/\/minutobahia24h.com.br\/?p=26185","title":{"rendered":"Vota\u00e7\u00e3o da Lei da Ficha Limpa \u00e9 adiada no Senado Federal"},"content":{"rendered":"<div class=\"wp-block-image\">\n<figure class=\"aligncenter size-full\"><img data-recalc-dims=\"1\" fetchpriority=\"high\" decoding=\"async\" width=\"600\" height=\"420\" src=\"https:\/\/i0.wp.com\/minutobahia24h.com.br\/wp-content\/uploads\/2025\/03\/Sem-titulo-253.jpg?resize=600%2C420&#038;ssl=1\" alt=\"\" class=\"wp-image-26186\" srcset=\"https:\/\/i0.wp.com\/minutobahia24h.com.br\/wp-content\/uploads\/2025\/03\/Sem-titulo-253.jpg?w=600&amp;ssl=1 600w, https:\/\/i0.wp.com\/minutobahia24h.com.br\/wp-content\/uploads\/2025\/03\/Sem-titulo-253.jpg?resize=300%2C210&amp;ssl=1 300w\" sizes=\"(max-width: 600px) 100vw, 600px\" \/><figcaption class=\"wp-element-caption\">Foto: Lula Marques\/Ag\u00eancia Brasil<br><\/figcaption><\/figure>\n<\/div>\n\n\n<p>O Senado Federal adiou nesta ter\u00e7a-feira (18), a vota\u00e7\u00e3o para as mudan\u00e7as na Lei da Ficha Limpa. A discuss\u00e3o na Casa trata de flexibilizar os prazos de inelegibilidade e altera os crit\u00e9rios da legisla\u00e7\u00e3o, sancionada em 2010.<\/p>\n\n\n\n<p>O projeto estava previsto para ser analisado esta semana, mas enfrentou resist\u00eancia dentro do pr\u00f3prio Congresso e ainda n\u00e3o tem nova data definida para vota\u00e7\u00e3o.<\/p>\n\n\n\n<p>A vota\u00e7\u00e3o foi adiada por falta de consenso entre as lideran\u00e7as e o governo para tratar sobre o tema. Os parlamentares discutem as seguintes mudan\u00e7as nos crit\u00e9rios da Lei da Ficha Limpa:<\/p>\n\n\n\n<ul class=\"wp-block-list\">\n<li>PLP 192\/2023 \u2013 Reduz o prazo de inelegibilidade de pol\u00edticos condenados;<\/li>\n\n\n\n<li>PLP 112\/2021 \u2013 Integra o novo C\u00f3digo Eleitoral e pode mudar regras para registros de candidaturas;<\/li>\n\n\n\n<li>PLP 141\/2023 \u2013 Diminui o tempo de inelegibilidade de 8 para 2 anos;<\/li>\n\n\n\n<li>PLP 316\/2016 \u2013 Prop\u00f5e modifica\u00e7\u00f5es nos crit\u00e9rios que barram candidatos condenados pela Justi\u00e7a.<\/li>\n<\/ul>\n\n\n\n<p><strong>O que pode mudar<\/strong><\/p>\n\n\n\n<p>Redu\u00e7\u00e3o do prazo de inelegibilidade \u2013 Atualmente, a lei impede pol\u00edticos condenados em segunda inst\u00e2ncia de concorrerem por 8 anos. O novo texto pode diminuir esse prazo para 2 anos;<\/p>\n\n\n\n<p>Flexibiliza\u00e7\u00e3o das condena\u00e7\u00f5es \u2013 Alguns projetos sugerem que determinados crimes, como os relacionados a abuso de poder pol\u00edtico e econ\u00f4mico, n\u00e3o levem automaticamente \u00e0 inelegibilidade;<\/p>\n\n\n\n<p>Mudan\u00e7as no registro de candidaturas \u2013 A proposta do novo C\u00f3digo Eleitoral pode alterar o funcionamento da Justi\u00e7a Eleitoral no julgamento de impugna\u00e7\u00f5es.<\/p>\n\n\n\n<p>Bahia.ba<\/p>\n","protected":false},"excerpt":{"rendered":"<p>O Senado Federal adiou nesta ter\u00e7a-feira (18), a vota\u00e7\u00e3o para as mudan\u00e7as na Lei da Ficha Limpa. A discuss\u00e3o na Casa trata de flexibilizar os prazos de inelegibilidade e altera os crit\u00e9rios da legisla\u00e7\u00e3o, sancionada em 2010. O projeto estava previsto para ser analisado esta semana, mas enfrentou resist\u00eancia dentro do pr\u00f3prio Congresso e ainda [&hellip;]<\/p>\n","protected":false},"author":2,"featured_media":26186,"comment_status":"open","ping_status":"open","sticky":false,"template":"","format":"standard","meta":{"_jetpack_memberships_contains_paid_content":false,"footnotes":""},"categories":[39],"tags":[],"class_list":["post-26185","post","type-post","status-publish","format-standard","has-post-thumbnail","hentry","category-politica"],"aioseo_notices":[],"jetpack_featured_media_url":"https:\/\/i0.wp.com\/minutobahia24h.com.br\/wp-content\/uploads\/2025\/03\/Sem-titulo-253.jpg?fit=600%2C420&ssl=1","jetpack_sharing_enabled":true,"_links":{"self":[{"href":"https:\/\/minutobahia24h.com.br\/index.php?rest_route=\/wp\/v2\/posts\/26185","targetHints":{"allow":["GET"]}}],"collection":[{"href":"https:\/\/minutobahia24h.com.br\/index.php?rest_route=\/wp\/v2\/posts"}],"about":[{"href":"https:\/\/minutobahia24h.com.br\/index.php?rest_route=\/wp\/v2\/types\/post"}],"author":[{"embeddable":true,"href":"https:\/\/minutobahia24h.com.br\/index.php?rest_route=\/wp\/v2\/users\/2"}],"replies":[{"embeddable":true,"href":"https:\/\/minutobahia24h.com.br\/index.php?rest_route=%2Fwp%2Fv2%2Fcomments&post=26185"}],"version-history":[{"count":1,"href":"https:\/\/minutobahia24h.com.br\/index.php?rest_route=\/wp\/v2\/posts\/26185\/revisions"}],"predecessor-version":[{"id":26187,"href":"https:\/\/minutobahia24h.com.br\/index.php?rest_route=\/wp\/v2\/posts\/26185\/revisions\/26187"}],"wp:featuredmedia":[{"embeddable":true,"href":"https:\/\/minutobahia24h.com.br\/index.php?rest_route=\/wp\/v2\/media\/26186"}],"wp:attachment":[{"href":"https:\/\/minutobahia24h.com.br\/index.php?rest_route=%2Fwp%2Fv2%2Fmedia&parent=26185"}],"wp:term":[{"taxonomy":"category","embeddable":true,"href":"https:\/\/minutobahia24h.com.br\/index.php?rest_route=%2Fwp%2Fv2%2Fcategories&post=26185"},{"taxonomy":"post_tag","embeddable":true,"href":"https:\/\/minutobahia24h.com.br\/index.php?rest_route=%2Fwp%2Fv2%2Ftags&post=26185"}],"curies":[{"name":"wp","href":"https:\/\/api.w.org\/{rel}","templated":true}]}}