{"id":26179,"date":"2025-03-19T07:58:48","date_gmt":"2025-03-19T10:58:48","guid":{"rendered":"https:\/\/minutobahia24h.com.br\/?p=26179"},"modified":"2025-03-19T07:58:49","modified_gmt":"2025-03-19T10:58:49","slug":"servidores-protestam-contra-assedio-e-pedem-saida-de-gerente-de-rh-saiba-mais","status":"publish","type":"post","link":"https:\/\/minutobahia24h.com.br\/?p=26179","title":{"rendered":"Servidores protestam contra ass\u00e9dio e pedem sa\u00edda de gerente de RH; saiba mais"},"content":{"rendered":"<div class=\"wp-block-image\">\n<figure class=\"aligncenter size-full\"><img data-recalc-dims=\"1\" fetchpriority=\"high\" decoding=\"async\" width=\"590\" height=\"344\" src=\"https:\/\/i0.wp.com\/minutobahia24h.com.br\/wp-content\/uploads\/2025\/03\/Sem-titulo-251.jpg?resize=590%2C344&#038;ssl=1\" alt=\"\" class=\"wp-image-26180\" srcset=\"https:\/\/i0.wp.com\/minutobahia24h.com.br\/wp-content\/uploads\/2025\/03\/Sem-titulo-251.jpg?w=590&amp;ssl=1 590w, https:\/\/i0.wp.com\/minutobahia24h.com.br\/wp-content\/uploads\/2025\/03\/Sem-titulo-251.jpg?resize=300%2C175&amp;ssl=1 300w\" sizes=\"(max-width: 590px) 100vw, 590px\" \/><figcaption class=\"wp-element-caption\">SINSEPI afirma que den\u00fancias de ass\u00e9dio n\u00e3o s\u00e3o recentes e t\u00eam crescido nos \u00faltimos meses\u00a0\u00a0|\u00a0\u00a0\u00a0<img decoding=\"async\" width=\"17\" height=\"17\" data-src=\"https:\/\/www.bnews.com.br\/static\/img\/camera_icon.svg\" alt=\"Bnews - Divulga\u00e7\u00e3o\" src=\"data:image\/gif;base64,R0lGODlhAQABAAAAACH5BAEKAAEALAAAAAABAAEAAAICTAEAOw==\" class=\"lazyload\"><noscript><img decoding=\"async\" width=\"17\" height=\"17\" src=\"https:\/\/www.bnews.com.br\/static\/img\/camera_icon.svg\" alt=\"Bnews - Divulga\u00e7\u00e3o\"><\/noscript>\u00a0Reprodu\u00e7\u00e3o\/Instagram<br><a href=\"https:\/\/www.bnews.com.br\/autor\/lorena-abreu\/\"><\/a><\/figcaption><\/figure>\n<\/div>\n\n\n<p>Servidores p\u00fablicos municipais realizaram na manh\u00e3 desta ter\u00e7a-feira (18) um protesto em frente ao anexo da&nbsp;<a href=\"https:\/\/www.ilheus.ba.gov.br\/\" rel=\"noreferrer noopener\" target=\"_blank\">Prefeitura de Ilh\u00e9us<\/a>, na Bahia. Segundo informa\u00e7\u00f5es do site Ilh\u00e9us 24 horas, a mobiliza\u00e7\u00e3o foi organizada pelo Sindicato dos Servidores P\u00fablicos de Ilh\u00e9us (SINSEPI) e teve como principal pauta a sa\u00edda da gerente de Recursos Humanos (RH), acusada de&nbsp;<a href=\"https:\/\/www.youtube.com\/watch?t=6s&amp;v=65SFGB0va6k\" rel=\"noreferrer noopener\" target=\"_blank\">ass\u00e9dio moral<\/a>&nbsp;dentro da administra\u00e7\u00e3o municipal.<\/p>\n\n\n\n<p>Relatos de manifestantes deram conta de que a gestora vem sendo alvo de diversas queixas por parte de servidores concursados, comissionados e contratados, que denunciam um&nbsp;<a href=\"https:\/\/www.youtube.com\/watch?v=OaoUUPaXbko\" rel=\"noreferrer noopener\" target=\"_blank\">ambiente de trabalho hostil<\/a>. Ainda constam sobre a gestora do RH, acusa\u00e7\u00f5es que incluem persegui\u00e7\u00e3o, press\u00f5es excessivas, amea\u00e7as veladas e tratamento desrespeitoso, o que, de acordo com os funcion\u00e1rios, t\u00eam gerado inseguran\u00e7a e medo no setor.<\/p>\n\n\n\n<p>O SINSEPI afirma que as den\u00fancias n\u00e3o s\u00e3o recentes e que a insatisfa\u00e7\u00e3o entre os servidores tem crescido nos \u00faltimos meses, mas apesar da manifesta\u00e7\u00e3o e das reivindica\u00e7\u00f5es, a Prefeitura de Ilh\u00e9us ainda n\u00e3o se pronunciou oficialmente sobre as acusa\u00e7\u00f5es e nem sobre poss\u00edveis&nbsp;<a href=\"https:\/\/www.bnews.com.br\/noticias\/crime-e-justica-bahia\/gravacao-por-celular-revela-assedio-moral-funcionaria-saiba-consequencias.html\" rel=\"noreferrer noopener\" target=\"_blank\">medidas administrativas em rela\u00e7\u00e3o ao caso<\/a>.<\/p>\n\n\n\n<p>bnews<\/p>\n","protected":false},"excerpt":{"rendered":"<p>Servidores p\u00fablicos municipais realizaram na manh\u00e3 desta ter\u00e7a-feira (18) um protesto em frente ao anexo da&nbsp;Prefeitura de Ilh\u00e9us, na Bahia. Segundo informa\u00e7\u00f5es do site Ilh\u00e9us 24 horas, a mobiliza\u00e7\u00e3o foi organizada pelo Sindicato dos Servidores P\u00fablicos de Ilh\u00e9us (SINSEPI) e teve como principal pauta a sa\u00edda da gerente de Recursos Humanos (RH), acusada de&nbsp;ass\u00e9dio moral&nbsp;dentro [&hellip;]<\/p>\n","protected":false},"author":2,"featured_media":26180,"comment_status":"open","ping_status":"open","sticky":false,"template":"","format":"standard","meta":{"_jetpack_memberships_contains_paid_content":false,"footnotes":""},"categories":[46],"tags":[],"class_list":["post-26179","post","type-post","status-publish","format-standard","has-post-thumbnail","hentry","category-noticia"],"aioseo_notices":[],"jetpack_featured_media_url":"https:\/\/i0.wp.com\/minutobahia24h.com.br\/wp-content\/uploads\/2025\/03\/Sem-titulo-251.jpg?fit=590%2C344&ssl=1","jetpack_sharing_enabled":true,"_links":{"self":[{"href":"https:\/\/minutobahia24h.com.br\/index.php?rest_route=\/wp\/v2\/posts\/26179","targetHints":{"allow":["GET"]}}],"collection":[{"href":"https:\/\/minutobahia24h.com.br\/index.php?rest_route=\/wp\/v2\/posts"}],"about":[{"href":"https:\/\/minutobahia24h.com.br\/index.php?rest_route=\/wp\/v2\/types\/post"}],"author":[{"embeddable":true,"href":"https:\/\/minutobahia24h.com.br\/index.php?rest_route=\/wp\/v2\/users\/2"}],"replies":[{"embeddable":true,"href":"https:\/\/minutobahia24h.com.br\/index.php?rest_route=%2Fwp%2Fv2%2Fcomments&post=26179"}],"version-history":[{"count":1,"href":"https:\/\/minutobahia24h.com.br\/index.php?rest_route=\/wp\/v2\/posts\/26179\/revisions"}],"predecessor-version":[{"id":26181,"href":"https:\/\/minutobahia24h.com.br\/index.php?rest_route=\/wp\/v2\/posts\/26179\/revisions\/26181"}],"wp:featuredmedia":[{"embeddable":true,"href":"https:\/\/minutobahia24h.com.br\/index.php?rest_route=\/wp\/v2\/media\/26180"}],"wp:attachment":[{"href":"https:\/\/minutobahia24h.com.br\/index.php?rest_route=%2Fwp%2Fv2%2Fmedia&parent=26179"}],"wp:term":[{"taxonomy":"category","embeddable":true,"href":"https:\/\/minutobahia24h.com.br\/index.php?rest_route=%2Fwp%2Fv2%2Fcategories&post=26179"},{"taxonomy":"post_tag","embeddable":true,"href":"https:\/\/minutobahia24h.com.br\/index.php?rest_route=%2Fwp%2Fv2%2Ftags&post=26179"}],"curies":[{"name":"wp","href":"https:\/\/api.w.org\/{rel}","templated":true}]}}