{"id":26176,"date":"2025-03-19T07:56:37","date_gmt":"2025-03-19T10:56:37","guid":{"rendered":"https:\/\/minutobahia24h.com.br\/?p=26176"},"modified":"2025-03-19T07:56:38","modified_gmt":"2025-03-19T10:56:38","slug":"deputados-aprovam-reajuste-salarial-dos-professores-da-rede-publica-do-estado","status":"publish","type":"post","link":"https:\/\/minutobahia24h.com.br\/?p=26176","title":{"rendered":"Deputados aprovam reajuste salarial dos professores da rede p\u00fablica do Estado"},"content":{"rendered":"<div class=\"wp-block-image\">\n<figure class=\"aligncenter size-full\"><img data-recalc-dims=\"1\" fetchpriority=\"high\" decoding=\"async\" width=\"601\" height=\"420\" src=\"https:\/\/i0.wp.com\/minutobahia24h.com.br\/wp-content\/uploads\/2025\/03\/Sem-titulo-250.jpg?resize=601%2C420&#038;ssl=1\" alt=\"\" class=\"wp-image-26177\" srcset=\"https:\/\/i0.wp.com\/minutobahia24h.com.br\/wp-content\/uploads\/2025\/03\/Sem-titulo-250.jpg?w=601&amp;ssl=1 601w, https:\/\/i0.wp.com\/minutobahia24h.com.br\/wp-content\/uploads\/2025\/03\/Sem-titulo-250.jpg?resize=300%2C210&amp;ssl=1 300w\" sizes=\"(max-width: 601px) 100vw, 601px\" \/><figcaption class=\"wp-element-caption\">Foto: Carlos Amilton\/Ag\u00eanca Alba<br><\/figcaption><\/figure>\n<\/div>\n\n\n<p>Em sess\u00e3o promovida nesta ter\u00e7a-feira (18), a Alba (Assembleia Legislativa da Bahia) aprovou, de forma un\u00e2nime, o projeto de lei do Executivo de reajuste do sal\u00e1rio dos professores da rede estadual.<\/p>\n\n\n\n<p>O projeto foi enviado pelo governador Jer\u00f4nimo Rodrigues (PT), que solicitou a tramita\u00e7\u00e3o em regime de urg\u00eancia na Casa. Com a aprova\u00e7\u00e3o, a proposta estabelece um piso de R$4.965,24, o que corresponde a 2% a mais do que a refer\u00eancia nacional. A validade do projeto vai at\u00e9 2026, \u00faltimo ano do mandato de Jer\u00f4nimo.<\/p>\n\n\n\n<p>O acordo selado entre o governo do Estado e o Sindicato dos Trabalhadores em Educa\u00e7\u00e3o do Estado da Bahia (APLB) ocorreu ap\u00f3s encontro na \u00faltima semana.<\/p>\n\n\n\n<p>O reajuste tamb\u00e9m vale para coordenadores pedag\u00f3gicos, professores em Regime Especial de Direito Administrativo (REDA) e professores ind\u00edgenas.<\/p>\n\n\n\n<p>Bahia.ba<\/p>\n","protected":false},"excerpt":{"rendered":"<p>Em sess\u00e3o promovida nesta ter\u00e7a-feira (18), a Alba (Assembleia Legislativa da Bahia) aprovou, de forma un\u00e2nime, o projeto de lei do Executivo de reajuste do sal\u00e1rio dos professores da rede estadual. O projeto foi enviado pelo governador Jer\u00f4nimo Rodrigues (PT), que solicitou a tramita\u00e7\u00e3o em regime de urg\u00eancia na Casa. Com a aprova\u00e7\u00e3o, a proposta [&hellip;]<\/p>\n","protected":false},"author":2,"featured_media":26177,"comment_status":"open","ping_status":"open","sticky":false,"template":"","format":"standard","meta":{"_jetpack_memberships_contains_paid_content":false,"footnotes":""},"categories":[21],"tags":[],"class_list":["post-26176","post","type-post","status-publish","format-standard","has-post-thumbnail","hentry","category-bahia"],"aioseo_notices":[],"jetpack_featured_media_url":"https:\/\/i0.wp.com\/minutobahia24h.com.br\/wp-content\/uploads\/2025\/03\/Sem-titulo-250.jpg?fit=601%2C420&ssl=1","jetpack_sharing_enabled":true,"_links":{"self":[{"href":"https:\/\/minutobahia24h.com.br\/index.php?rest_route=\/wp\/v2\/posts\/26176","targetHints":{"allow":["GET"]}}],"collection":[{"href":"https:\/\/minutobahia24h.com.br\/index.php?rest_route=\/wp\/v2\/posts"}],"about":[{"href":"https:\/\/minutobahia24h.com.br\/index.php?rest_route=\/wp\/v2\/types\/post"}],"author":[{"embeddable":true,"href":"https:\/\/minutobahia24h.com.br\/index.php?rest_route=\/wp\/v2\/users\/2"}],"replies":[{"embeddable":true,"href":"https:\/\/minutobahia24h.com.br\/index.php?rest_route=%2Fwp%2Fv2%2Fcomments&post=26176"}],"version-history":[{"count":1,"href":"https:\/\/minutobahia24h.com.br\/index.php?rest_route=\/wp\/v2\/posts\/26176\/revisions"}],"predecessor-version":[{"id":26178,"href":"https:\/\/minutobahia24h.com.br\/index.php?rest_route=\/wp\/v2\/posts\/26176\/revisions\/26178"}],"wp:featuredmedia":[{"embeddable":true,"href":"https:\/\/minutobahia24h.com.br\/index.php?rest_route=\/wp\/v2\/media\/26177"}],"wp:attachment":[{"href":"https:\/\/minutobahia24h.com.br\/index.php?rest_route=%2Fwp%2Fv2%2Fmedia&parent=26176"}],"wp:term":[{"taxonomy":"category","embeddable":true,"href":"https:\/\/minutobahia24h.com.br\/index.php?rest_route=%2Fwp%2Fv2%2Fcategories&post=26176"},{"taxonomy":"post_tag","embeddable":true,"href":"https:\/\/minutobahia24h.com.br\/index.php?rest_route=%2Fwp%2Fv2%2Ftags&post=26176"}],"curies":[{"name":"wp","href":"https:\/\/api.w.org\/{rel}","templated":true}]}}