{"id":26169,"date":"2025-03-19T07:11:31","date_gmt":"2025-03-19T10:11:31","guid":{"rendered":"https:\/\/minutobahia24h.com.br\/?p=26169"},"modified":"2025-03-19T07:11:32","modified_gmt":"2025-03-19T10:11:32","slug":"secretaria-descarta-rumores-sobre-suspensao-de-aulas-na-rede-municipal","status":"publish","type":"post","link":"https:\/\/minutobahia24h.com.br\/?p=26169","title":{"rendered":"Secretaria descarta rumores sobre suspens\u00e3o de aulas na rede municipal"},"content":{"rendered":"<div class=\"wp-block-image\">\n<figure class=\"aligncenter size-full\"><img data-recalc-dims=\"1\" fetchpriority=\"high\" decoding=\"async\" width=\"697\" height=\"404\" src=\"https:\/\/i0.wp.com\/minutobahia24h.com.br\/wp-content\/uploads\/2025\/03\/Sem-titulo-248.jpg?resize=697%2C404&#038;ssl=1\" alt=\"\" class=\"wp-image-26170\" srcset=\"https:\/\/i0.wp.com\/minutobahia24h.com.br\/wp-content\/uploads\/2025\/03\/Sem-titulo-248.jpg?w=697&amp;ssl=1 697w, https:\/\/i0.wp.com\/minutobahia24h.com.br\/wp-content\/uploads\/2025\/03\/Sem-titulo-248.jpg?resize=300%2C174&amp;ssl=1 300w\" sizes=\"(max-width: 697px) 100vw, 697px\" \/><figcaption class=\"wp-element-caption\">Foto: Ascom PMJ\/divulga\u00e7\u00e3o<br><\/figcaption><\/figure>\n<\/div>\n\n\n<p class=\"wp-block-paragraph\">Diante dos boatos acerca de uma poss\u00edvel suspens\u00e3o das aulas na rede municipal de Juazeiro (BA) nesta quarta-feira (19), a Secretaria de Educa\u00e7\u00e3o recha\u00e7ou os rumores e assegurou a normalidade das aulas. O motivo seria uma paralisa\u00e7\u00e3o dos professores tempor\u00e1rios \u2013 o que, segundo a pasta, \u201c<em>\u00e9 um ato ilegal<\/em>\u201d.<\/p>\n\n\n\n<p class=\"wp-block-paragraph\">\u201c<em>A Seduc determina que as aulas devem ocorrer normalmente, a fim de garantir o direito do aluno aos 200 dias letivos. O n\u00e3o cumprimento dessa determina\u00e7\u00e3o resultar\u00e1 na tomada das medidas cab\u00edveis<\/em>\u201d, garantiu a pasta.<\/p>\n\n\n\n<p class=\"wp-block-paragraph\">No que diz respeito ao interst\u00edcio, a Seduc reitera que o per\u00edodo de tr\u00eas meses, entre um contrato e outro, \u00e9 obrigat\u00f3rio e est\u00e1 previsto&nbsp; na Lei&nbsp; Federal n\u00b0 8.745\/1993 e na Lei Municipal n\u00ba 2.321, de 27 de junho de 2012. O descumprimento da Lei pela gest\u00e3o&nbsp; municipal resultar\u00e1 em ato ilegal da administra\u00e7\u00e3o p\u00fablica. \u201c<em>A Seduc refor\u00e7a, ainda, que j\u00e1 atendeu a comiss\u00e3o de servidores tempor\u00e1rios em ocasi\u00f5es anteriores e est\u00e1 sempre aberta ao di\u00e1logo<\/em>\u201d, completou a Secretaria, por meio de nota.<\/p>\n\n\n\n<p class=\"wp-block-paragraph\">carlosbritto<\/p>\n","protected":false},"excerpt":{"rendered":"<p>Diante dos boatos acerca de uma poss\u00edvel suspens\u00e3o das aulas na rede municipal de Juazeiro (BA) nesta quarta-feira (19), a Secretaria de Educa\u00e7\u00e3o recha\u00e7ou os rumores e assegurou a normalidade das aulas. O motivo seria uma paralisa\u00e7\u00e3o dos professores tempor\u00e1rios \u2013 o que, segundo a pasta, \u201c\u00e9 um ato ilegal\u201d. \u201cA Seduc determina que as [&hellip;]<\/p>\n","protected":false},"author":2,"featured_media":26170,"comment_status":"open","ping_status":"open","sticky":false,"template":"","format":"standard","meta":{"_jetpack_newsletter_access":"","_jetpack_dont_email_post_to_subs":false,"_jetpack_newsletter_tier_id":0,"_jetpack_memberships_contains_paywalled_content":false,"_jetpack_feature_clip_id":0,"_jetpack_memberships_contains_paid_content":false,"footnotes":"","jetpack_post_was_ever_published":false},"categories":[3],"tags":[],"class_list":["post-26169","post","type-post","status-publish","format-standard","has-post-thumbnail","hentry","category-regional"],"aioseo_notices":[],"aioseo_head":"\n\t\t<!-- All in One SEO 5.0.1.1 - aioseo.com -->\n\t<meta name=\"description\" content=\"Diante dos boatos acerca de uma poss\u00edvel suspens\u00e3o das aulas na rede municipal de Juazeiro (BA) nesta quarta-feira (19), a Secretaria de Educa\u00e7\u00e3o recha\u00e7ou os rumores e assegurou a normalidade das aulas. O motivo seria uma paralisa\u00e7\u00e3o dos professores tempor\u00e1rios \u2013 o que, segundo a pasta, \u201c\u00e9 um ato ilegal\u201d. \u201cA Seduc determina que as\" \/>\n\t<meta name=\"robots\" content=\"max-image-preview:large\" \/>\n\t<meta name=\"author\" content=\"andre\"\/>\n\t<link rel=\"canonical\" href=\"https:\/\/minutobahia24h.com.br\/?p=26169\" \/>\n\t<meta name=\"generator\" content=\"All in One SEO (AIOSEO) 5.0.1.1\" \/>\n\t\t<meta property=\"og:locale\" content=\"pt_BR\" \/>\n\t\t<meta property=\"og:site_name\" content=\"Minuto Bahia 24h - O seu portal de not\u00edcias\" \/>\n\t\t<meta property=\"og:type\" content=\"article\" \/>\n\t\t<meta property=\"og:title\" content=\"Secretaria descarta rumores sobre suspens\u00e3o de aulas na rede municipal - Minuto Bahia 24h\" \/>\n\t\t<meta property=\"og:description\" content=\"Diante dos boatos acerca de uma poss\u00edvel suspens\u00e3o das aulas na rede municipal de Juazeiro (BA) nesta quarta-feira (19), a Secretaria de Educa\u00e7\u00e3o recha\u00e7ou os rumores e assegurou a normalidade das aulas. O motivo seria uma paralisa\u00e7\u00e3o dos professores tempor\u00e1rios \u2013 o que, segundo a pasta, \u201c\u00e9 um ato ilegal\u201d. \u201cA Seduc determina que as\" \/>\n\t\t<meta property=\"og:url\" content=\"https:\/\/minutobahia24h.com.br\/?p=26169\" \/>\n\t\t<meta property=\"og:image\" content=\"https:\/\/minutobahia24h.com.br\/wp-content\/uploads\/2025\/03\/Sem-titulo-248.jpg\" \/>\n\t\t<meta property=\"og:image:secure_url\" content=\"https:\/\/minutobahia24h.com.br\/wp-content\/uploads\/2025\/03\/Sem-titulo-248.jpg\" \/>\n\t\t<meta property=\"og:image:width\" content=\"697\" \/>\n\t\t<meta property=\"og:image:height\" content=\"404\" \/>\n\t\t<meta property=\"article:published_time\" content=\"2025-03-19T10:11:31+00:00\" \/>\n\t\t<meta property=\"article:modified_time\" content=\"2025-03-19T10:11:32+00:00\" \/>\n\t\t<meta name=\"twitter:card\" content=\"summary_large_image\" \/>\n\t\t<meta name=\"twitter:title\" content=\"Secretaria descarta rumores sobre suspens\u00e3o de aulas na rede municipal - Minuto Bahia 24h\" \/>\n\t\t<meta name=\"twitter:description\" content=\"Diante dos boatos acerca de uma poss\u00edvel suspens\u00e3o das aulas na rede municipal de Juazeiro (BA) nesta quarta-feira (19), a Secretaria de Educa\u00e7\u00e3o recha\u00e7ou os rumores e assegurou a normalidade das aulas. O motivo seria uma paralisa\u00e7\u00e3o dos professores tempor\u00e1rios \u2013 o que, segundo a pasta, \u201c\u00e9 um ato ilegal\u201d. \u201cA Seduc determina que as\" \/>\n\t\t<meta name=\"twitter:image\" content=\"https:\/\/minutobahia24h.com.br\/wp-content\/uploads\/2025\/03\/Sem-titulo-248.jpg\" \/>\n\t\t<script type=\"application\/ld+json\" class=\"aioseo-schema\">\n\t\t\t{\"@context\":\"https:\\\/\\\/schema.org\",\"@graph\":[{\"@type\":\"BlogPosting\",\"@id\":\"https:\\\/\\\/minutobahia24h.com.br\\\/?p=26169#blogposting\",\"name\":\"Secretaria descarta rumores sobre suspens\\u00e3o de aulas na rede municipal - Minuto Bahia 24h\",\"headline\":\"Secretaria descarta rumores sobre suspens\\u00e3o de aulas na rede municipal\",\"author\":{\"@id\":\"https:\\\/\\\/minutobahia24h.com.br\\\/?author=2#author\"},\"publisher\":{\"@id\":\"https:\\\/\\\/minutobahia24h.com.br\\\/#organization\"},\"image\":{\"@type\":\"ImageObject\",\"url\":\"https:\\\/\\\/i0.wp.com\\\/minutobahia24h.com.br\\\/wp-content\\\/uploads\\\/2025\\\/03\\\/Sem-titulo-248.jpg?fit=697%2C404&ssl=1\",\"width\":697,\"height\":404},\"datePublished\":\"2025-03-19T07:11:31-03:00\",\"dateModified\":\"2025-03-19T07:11:32-03:00\",\"inLanguage\":\"pt-BR\",\"mainEntityOfPage\":{\"@id\":\"https:\\\/\\\/minutobahia24h.com.br\\\/?p=26169#webpage\"},\"isPartOf\":{\"@id\":\"https:\\\/\\\/minutobahia24h.com.br\\\/?p=26169#webpage\"},\"articleSection\":\"Regional\"},{\"@type\":\"BreadcrumbList\",\"@id\":\"https:\\\/\\\/minutobahia24h.com.br\\\/?p=26169#breadcrumblist\",\"itemListElement\":[{\"@type\":\"ListItem\",\"@id\":\"https:\\\/\\\/minutobahia24h.com.br#listItem\",\"position\":1,\"name\":\"In\\u00edcio\",\"item\":\"https:\\\/\\\/minutobahia24h.com.br\",\"nextItem\":{\"@type\":\"ListItem\",\"@id\":\"https:\\\/\\\/minutobahia24h.com.br\\\/?cat=3#listItem\",\"name\":\"Regional\"}},{\"@type\":\"ListItem\",\"@id\":\"https:\\\/\\\/minutobahia24h.com.br\\\/?cat=3#listItem\",\"position\":2,\"name\":\"Regional\",\"item\":\"https:\\\/\\\/minutobahia24h.com.br\\\/?cat=3\",\"nextItem\":{\"@type\":\"ListItem\",\"@id\":\"https:\\\/\\\/minutobahia24h.com.br\\\/?p=26169#listItem\",\"name\":\"Secretaria descarta rumores sobre suspens\\u00e3o de aulas na rede municipal\"},\"previousItem\":{\"@type\":\"ListItem\",\"@id\":\"https:\\\/\\\/minutobahia24h.com.br#listItem\",\"name\":\"In\\u00edcio\"}},{\"@type\":\"ListItem\",\"@id\":\"https:\\\/\\\/minutobahia24h.com.br\\\/?p=26169#listItem\",\"position\":3,\"name\":\"Secretaria descarta rumores sobre suspens\\u00e3o de aulas na rede municipal\",\"previousItem\":{\"@type\":\"ListItem\",\"@id\":\"https:\\\/\\\/minutobahia24h.com.br\\\/?cat=3#listItem\",\"name\":\"Regional\"}}]},{\"@type\":\"Organization\",\"@id\":\"https:\\\/\\\/minutobahia24h.com.br\\\/#organization\",\"name\":\"Minuto Bahia 24h\",\"description\":\"O seu portal de not\\u00edcias\",\"url\":\"https:\\\/\\\/minutobahia24h.com.br\\\/\",\"logo\":{\"@type\":\"ImageObject\",\"url\":\"https:\\\/\\\/i0.wp.com\\\/minutobahia24h.com.br\\\/wp-content\\\/uploads\\\/2023\\\/09\\\/cropped-minutoba.png?fit=457%2C119&ssl=1\",\"@id\":\"https:\\\/\\\/minutobahia24h.com.br\\\/?p=26169\\\/#organizationLogo\",\"width\":457,\"height\":119},\"image\":{\"@id\":\"https:\\\/\\\/minutobahia24h.com.br\\\/?p=26169\\\/#organizationLogo\"}},{\"@type\":\"Person\",\"@id\":\"https:\\\/\\\/minutobahia24h.com.br\\\/?author=2#author\",\"url\":\"https:\\\/\\\/minutobahia24h.com.br\\\/?author=2\",\"name\":\"andre\",\"image\":{\"@type\":\"ImageObject\",\"@id\":\"https:\\\/\\\/minutobahia24h.com.br\\\/?p=26169#authorImage\",\"url\":\"https:\\\/\\\/secure.gravatar.com\\\/avatar\\\/0ec5eafed5f3925c321625d79a680d589901b94bca787ae396a35f6c4a960922?s=96&d=mm&r=g\",\"width\":96,\"height\":96,\"caption\":\"andre\"}},{\"@type\":\"WebPage\",\"@id\":\"https:\\\/\\\/minutobahia24h.com.br\\\/?p=26169#webpage\",\"url\":\"https:\\\/\\\/minutobahia24h.com.br\\\/?p=26169\",\"name\":\"Secretaria descarta rumores sobre suspens\\u00e3o de aulas na rede municipal - Minuto Bahia 24h\",\"description\":\"Diante dos boatos acerca de uma poss\\u00edvel suspens\\u00e3o das aulas na rede municipal de Juazeiro (BA) nesta quarta-feira (19), a Secretaria de Educa\\u00e7\\u00e3o recha\\u00e7ou os rumores e assegurou a normalidade das aulas. O motivo seria uma paralisa\\u00e7\\u00e3o dos professores tempor\\u00e1rios \\u2013 o que, segundo a pasta, \\u201c\\u00e9 um ato ilegal\\u201d. \\u201cA Seduc determina que as\",\"inLanguage\":\"pt-BR\",\"isPartOf\":{\"@id\":\"https:\\\/\\\/minutobahia24h.com.br\\\/#website\"},\"breadcrumb\":{\"@id\":\"https:\\\/\\\/minutobahia24h.com.br\\\/?p=26169#breadcrumblist\"},\"author\":{\"@id\":\"https:\\\/\\\/minutobahia24h.com.br\\\/?author=2#author\"},\"creator\":{\"@id\":\"https:\\\/\\\/minutobahia24h.com.br\\\/?author=2#author\"},\"image\":{\"@type\":\"ImageObject\",\"url\":\"https:\\\/\\\/i0.wp.com\\\/minutobahia24h.com.br\\\/wp-content\\\/uploads\\\/2025\\\/03\\\/Sem-titulo-248.jpg?fit=697%2C404&ssl=1\",\"@id\":\"https:\\\/\\\/minutobahia24h.com.br\\\/?p=26169\\\/#mainImage\",\"width\":697,\"height\":404},\"primaryImageOfPage\":{\"@id\":\"https:\\\/\\\/minutobahia24h.com.br\\\/?p=26169#mainImage\"},\"datePublished\":\"2025-03-19T07:11:31-03:00\",\"dateModified\":\"2025-03-19T07:11:32-03:00\"},{\"@type\":\"WebSite\",\"@id\":\"https:\\\/\\\/minutobahia24h.com.br\\\/#website\",\"url\":\"https:\\\/\\\/minutobahia24h.com.br\\\/\",\"name\":\"Minuto Bahia 24h\",\"description\":\"O seu portal de not\\u00edcias\",\"inLanguage\":\"pt-BR\",\"publisher\":{\"@id\":\"https:\\\/\\\/minutobahia24h.com.br\\\/#organization\"}}]}\n\t\t<\/script>\n\t\t<!-- All in One SEO -->\n\n","aioseo_head_json":{"title":"Secretaria descarta rumores sobre suspens\u00e3o de aulas na rede municipal - Minuto Bahia 24h","description":"Diante dos boatos acerca de uma poss\u00edvel suspens\u00e3o das aulas na rede municipal de Juazeiro (BA) nesta quarta-feira (19), a Secretaria de Educa\u00e7\u00e3o recha\u00e7ou os rumores e assegurou a normalidade das aulas. O motivo seria uma paralisa\u00e7\u00e3o dos professores tempor\u00e1rios \u2013 o que, segundo a pasta, \u201c\u00e9 um ato ilegal\u201d. \u201cA Seduc determina que as","canonical_url":"https:\/\/minutobahia24h.com.br\/?p=26169","robots":"max-image-preview:large","keywords":"","webmasterTools":{"miscellaneous":""},"schema":{"@context":"https:\/\/schema.org","@graph":[{"@type":"BlogPosting","@id":"https:\/\/minutobahia24h.com.br\/?p=26169#blogposting","name":"Secretaria descarta rumores sobre suspens\u00e3o de aulas na rede municipal - Minuto Bahia 24h","headline":"Secretaria descarta rumores sobre suspens\u00e3o de aulas na rede municipal","author":{"@id":"https:\/\/minutobahia24h.com.br\/?author=2#author"},"publisher":{"@id":"https:\/\/minutobahia24h.com.br\/#organization"},"image":{"@type":"ImageObject","url":"https:\/\/i0.wp.com\/minutobahia24h.com.br\/wp-content\/uploads\/2025\/03\/Sem-titulo-248.jpg?fit=697%2C404&ssl=1","width":697,"height":404},"datePublished":"2025-03-19T07:11:31-03:00","dateModified":"2025-03-19T07:11:32-03:00","inLanguage":"pt-BR","mainEntityOfPage":{"@id":"https:\/\/minutobahia24h.com.br\/?p=26169#webpage"},"isPartOf":{"@id":"https:\/\/minutobahia24h.com.br\/?p=26169#webpage"},"articleSection":"Regional"},{"@type":"BreadcrumbList","@id":"https:\/\/minutobahia24h.com.br\/?p=26169#breadcrumblist","itemListElement":[{"@type":"ListItem","@id":"https:\/\/minutobahia24h.com.br#listItem","position":1,"name":"In\u00edcio","item":"https:\/\/minutobahia24h.com.br","nextItem":{"@type":"ListItem","@id":"https:\/\/minutobahia24h.com.br\/?cat=3#listItem","name":"Regional"}},{"@type":"ListItem","@id":"https:\/\/minutobahia24h.com.br\/?cat=3#listItem","position":2,"name":"Regional","item":"https:\/\/minutobahia24h.com.br\/?cat=3","nextItem":{"@type":"ListItem","@id":"https:\/\/minutobahia24h.com.br\/?p=26169#listItem","name":"Secretaria descarta rumores sobre suspens\u00e3o de aulas na rede municipal"},"previousItem":{"@type":"ListItem","@id":"https:\/\/minutobahia24h.com.br#listItem","name":"In\u00edcio"}},{"@type":"ListItem","@id":"https:\/\/minutobahia24h.com.br\/?p=26169#listItem","position":3,"name":"Secretaria descarta rumores sobre suspens\u00e3o de aulas na rede municipal","previousItem":{"@type":"ListItem","@id":"https:\/\/minutobahia24h.com.br\/?cat=3#listItem","name":"Regional"}}]},{"@type":"Organization","@id":"https:\/\/minutobahia24h.com.br\/#organization","name":"Minuto Bahia 24h","description":"O seu portal de not\u00edcias","url":"https:\/\/minutobahia24h.com.br\/","logo":{"@type":"ImageObject","url":"https:\/\/i0.wp.com\/minutobahia24h.com.br\/wp-content\/uploads\/2023\/09\/cropped-minutoba.png?fit=457%2C119&ssl=1","@id":"https:\/\/minutobahia24h.com.br\/?p=26169\/#organizationLogo","width":457,"height":119},"image":{"@id":"https:\/\/minutobahia24h.com.br\/?p=26169\/#organizationLogo"}},{"@type":"Person","@id":"https:\/\/minutobahia24h.com.br\/?author=2#author","url":"https:\/\/minutobahia24h.com.br\/?author=2","name":"andre","image":{"@type":"ImageObject","@id":"https:\/\/minutobahia24h.com.br\/?p=26169#authorImage","url":"https:\/\/secure.gravatar.com\/avatar\/0ec5eafed5f3925c321625d79a680d589901b94bca787ae396a35f6c4a960922?s=96&d=mm&r=g","width":96,"height":96,"caption":"andre"}},{"@type":"WebPage","@id":"https:\/\/minutobahia24h.com.br\/?p=26169#webpage","url":"https:\/\/minutobahia24h.com.br\/?p=26169","name":"Secretaria descarta rumores sobre suspens\u00e3o de aulas na rede municipal - Minuto Bahia 24h","description":"Diante dos boatos acerca de uma poss\u00edvel suspens\u00e3o das aulas na rede municipal de Juazeiro (BA) nesta quarta-feira (19), a Secretaria de Educa\u00e7\u00e3o recha\u00e7ou os rumores e assegurou a normalidade das aulas. O motivo seria uma paralisa\u00e7\u00e3o dos professores tempor\u00e1rios \u2013 o que, segundo a pasta, \u201c\u00e9 um ato ilegal\u201d. \u201cA Seduc determina que as","inLanguage":"pt-BR","isPartOf":{"@id":"https:\/\/minutobahia24h.com.br\/#website"},"breadcrumb":{"@id":"https:\/\/minutobahia24h.com.br\/?p=26169#breadcrumblist"},"author":{"@id":"https:\/\/minutobahia24h.com.br\/?author=2#author"},"creator":{"@id":"https:\/\/minutobahia24h.com.br\/?author=2#author"},"image":{"@type":"ImageObject","url":"https:\/\/i0.wp.com\/minutobahia24h.com.br\/wp-content\/uploads\/2025\/03\/Sem-titulo-248.jpg?fit=697%2C404&ssl=1","@id":"https:\/\/minutobahia24h.com.br\/?p=26169\/#mainImage","width":697,"height":404},"primaryImageOfPage":{"@id":"https:\/\/minutobahia24h.com.br\/?p=26169#mainImage"},"datePublished":"2025-03-19T07:11:31-03:00","dateModified":"2025-03-19T07:11:32-03:00"},{"@type":"WebSite","@id":"https:\/\/minutobahia24h.com.br\/#website","url":"https:\/\/minutobahia24h.com.br\/","name":"Minuto Bahia 24h","description":"O seu portal de not\u00edcias","inLanguage":"pt-BR","publisher":{"@id":"https:\/\/minutobahia24h.com.br\/#organization"}}]},"og:locale":"pt_BR","og:site_name":"Minuto Bahia 24h - O seu portal de not\u00edcias","og:type":"article","og:title":"Secretaria descarta rumores sobre suspens\u00e3o de aulas na rede municipal - Minuto Bahia 24h","og:description":"Diante dos boatos acerca de uma poss\u00edvel suspens\u00e3o das aulas na rede municipal de Juazeiro (BA) nesta quarta-feira (19), a Secretaria de Educa\u00e7\u00e3o recha\u00e7ou os rumores e assegurou a normalidade das aulas. O motivo seria uma paralisa\u00e7\u00e3o dos professores tempor\u00e1rios \u2013 o que, segundo a pasta, \u201c\u00e9 um ato ilegal\u201d. \u201cA Seduc determina que as","og:url":"https:\/\/minutobahia24h.com.br\/?p=26169","og:image":"https:\/\/minutobahia24h.com.br\/wp-content\/uploads\/2025\/03\/Sem-titulo-248.jpg","og:image:secure_url":"https:\/\/minutobahia24h.com.br\/wp-content\/uploads\/2025\/03\/Sem-titulo-248.jpg","og:image:width":697,"og:image:height":404,"article:published_time":"2025-03-19T10:11:31+00:00","article:modified_time":"2025-03-19T10:11:32+00:00","twitter:card":"summary_large_image","twitter:title":"Secretaria descarta rumores sobre suspens\u00e3o de aulas na rede municipal - Minuto Bahia 24h","twitter:description":"Diante dos boatos acerca de uma poss\u00edvel suspens\u00e3o das aulas na rede municipal de Juazeiro (BA) nesta quarta-feira (19), a Secretaria de Educa\u00e7\u00e3o recha\u00e7ou os rumores e assegurou a normalidade das aulas. O motivo seria uma paralisa\u00e7\u00e3o dos professores tempor\u00e1rios \u2013 o que, segundo a pasta, \u201c\u00e9 um ato ilegal\u201d. \u201cA Seduc determina que as","twitter:image":"https:\/\/minutobahia24h.com.br\/wp-content\/uploads\/2025\/03\/Sem-titulo-248.jpg"},"aioseo_meta_data":{"post_id":"26169","title":null,"description":null,"keywords":null,"keyphrases":{"focus":{"keyphrase":"","score":0,"analysis":{"keyphraseInTitle":{"score":0,"maxScore":9,"error":1}}},"additional":[]},"primary_term":null,"canonical_url":null,"og_title":null,"og_description":null,"og_object_type":"default","og_image_type":"default","og_image_url":null,"og_image_width":null,"og_image_height":null,"og_image_custom_url":null,"og_image_custom_fields":null,"og_video":"","og_custom_url":null,"og_article_section":null,"og_article_tags":null,"twitter_use_og":true,"twitter_card":"default","twitter_image_type":"default","twitter_image_url":null,"twitter_image_custom_url":null,"twitter_image_custom_fields":null,"twitter_title":null,"twitter_description":null,"schema":{"blockGraphs":[],"customGraphs":[],"default":{"data":{"Article":[],"Course":[],"Dataset":[],"FAQPage":[],"Movie":[],"Person":[],"Product":[],"ProductReview":[],"Car":[],"Recipe":[],"Service":[],"SoftwareApplication":[],"WebPage":[]},"graphName":"BlogPosting","isEnabled":true},"graphs":[]},"schema_type":"default","schema_type_options":null,"pillar_content":false,"robots_default":true,"robots_noindex":false,"robots_noarchive":false,"robots_nosnippet":false,"robots_nofollow":false,"robots_noimageindex":false,"robots_noodp":false,"robots_notranslate":false,"robots_max_snippet":"-1","robots_max_videopreview":"-1","robots_max_imagepreview":"large","priority":null,"frequency":"default","local_seo":null,"breadcrumb_settings":null,"limit_modified_date":false,"ai":null,"created":"2025-03-19 10:11:32","updated":"2025-06-05 15:08:05","seo_analyzer_scan_date":null,"focus_keyword":null,"additional_keywords":null,"truseo_locale":null},"aioseo_breadcrumb":"<div class=\"aioseo-breadcrumbs\"><span class=\"aioseo-breadcrumb\">\n\t\t\t<a href=\"https:\/\/minutobahia24h.com.br\" title=\"In\u00edcio\">In\u00edcio<\/a>\n\t\t<\/span><span class=\"aioseo-breadcrumb-separator\">&raquo;<\/span><span class=\"aioseo-breadcrumb\">\n\t\t\t<a href=\"https:\/\/minutobahia24h.com.br\/?cat=3\" title=\"Regional\">Regional<\/a>\n\t\t<\/span><span class=\"aioseo-breadcrumb-separator\">&raquo;<\/span><span class=\"aioseo-breadcrumb\">\n\t\t\tSecretaria descarta rumores sobre suspens\u00e3o de aulas na rede municipal\n\t\t<\/span><\/div>","aioseo_breadcrumb_json":[{"label":"In\u00edcio","link":"https:\/\/minutobahia24h.com.br"},{"label":"Regional","link":"https:\/\/minutobahia24h.com.br\/?cat=3"},{"label":"Secretaria descarta rumores sobre suspens\u00e3o de aulas na rede municipal","link":"https:\/\/minutobahia24h.com.br\/?p=26169"}],"jetpack_sharing_enabled":true,"jetpack_featured_media_url":"https:\/\/i0.wp.com\/minutobahia24h.com.br\/wp-content\/uploads\/2025\/03\/Sem-titulo-248.jpg?fit=697%2C404&ssl=1","_links":{"self":[{"href":"https:\/\/minutobahia24h.com.br\/index.php?rest_route=\/wp\/v2\/posts\/26169","targetHints":{"allow":["GET"]}}],"collection":[{"href":"https:\/\/minutobahia24h.com.br\/index.php?rest_route=\/wp\/v2\/posts"}],"about":[{"href":"https:\/\/minutobahia24h.com.br\/index.php?rest_route=\/wp\/v2\/types\/post"}],"author":[{"embeddable":true,"href":"https:\/\/minutobahia24h.com.br\/index.php?rest_route=\/wp\/v2\/users\/2"}],"replies":[{"embeddable":true,"href":"https:\/\/minutobahia24h.com.br\/index.php?rest_route=%2Fwp%2Fv2%2Fcomments&post=26169"}],"version-history":[{"count":1,"href":"https:\/\/minutobahia24h.com.br\/index.php?rest_route=\/wp\/v2\/posts\/26169\/revisions"}],"predecessor-version":[{"id":26171,"href":"https:\/\/minutobahia24h.com.br\/index.php?rest_route=\/wp\/v2\/posts\/26169\/revisions\/26171"}],"wp:featuredmedia":[{"embeddable":true,"href":"https:\/\/minutobahia24h.com.br\/index.php?rest_route=\/wp\/v2\/media\/26170"}],"wp:attachment":[{"href":"https:\/\/minutobahia24h.com.br\/index.php?rest_route=%2Fwp%2Fv2%2Fmedia&parent=26169"}],"wp:term":[{"taxonomy":"category","embeddable":true,"href":"https:\/\/minutobahia24h.com.br\/index.php?rest_route=%2Fwp%2Fv2%2Fcategories&post=26169"},{"taxonomy":"post_tag","embeddable":true,"href":"https:\/\/minutobahia24h.com.br\/index.php?rest_route=%2Fwp%2Fv2%2Ftags&post=26169"}],"curies":[{"name":"wp","href":"https:\/\/api.w.org\/{rel}","templated":true}]}}