{"id":26157,"date":"2025-03-19T07:06:12","date_gmt":"2025-03-19T10:06:12","guid":{"rendered":"https:\/\/minutobahia24h.com.br\/?p=26157"},"modified":"2025-03-19T07:06:14","modified_gmt":"2025-03-19T10:06:14","slug":"ambulancia-de-santaluz-colide-com-vaca-na-ba-120-e-o-quarto-acidente-com-veiculos-da-saude-em-dois-meses","status":"publish","type":"post","link":"https:\/\/minutobahia24h.com.br\/?p=26157","title":{"rendered":"Ambul\u00e2ncia de Santaluz colide com vaca na BA-120; \u00e9 o quarto acidente com ve\u00edculos da sa\u00fade em dois meses"},"content":{"rendered":"<div class=\"wp-block-image\">\n<figure class=\"aligncenter size-full\"><img data-recalc-dims=\"1\" fetchpriority=\"high\" decoding=\"async\" width=\"639\" height=\"426\" src=\"https:\/\/i0.wp.com\/minutobahia24h.com.br\/wp-content\/uploads\/2025\/03\/Sem-titulo-244.jpg?resize=639%2C426&#038;ssl=1\" alt=\"\" class=\"wp-image-26158\" srcset=\"https:\/\/i0.wp.com\/minutobahia24h.com.br\/wp-content\/uploads\/2025\/03\/Sem-titulo-244.jpg?w=639&amp;ssl=1 639w, https:\/\/i0.wp.com\/minutobahia24h.com.br\/wp-content\/uploads\/2025\/03\/Sem-titulo-244.jpg?resize=300%2C200&amp;ssl=1 300w\" sizes=\"(max-width: 639px) 100vw, 639px\" \/><\/figure>\n<\/div>\n\n\n<p>Uma ambul\u00e2ncia da Secretaria de Sa\u00fade de Santaluz bateu em uma vaca solta na pista na madrugada desta ter\u00e7a-feira (18), na BA-120. O acidente aconteceu pr\u00f3ximo ao acesso \u00e0 comunidade Lago da Pedra, no limite com o munic\u00edpio de Valente. O animal n\u00e3o resistiu ao impacto e morreu no local.<\/p>\n\n\n\n<p>Segundo o Not\u00edcias de Santaluz, dentro da ambul\u00e2ncia estavam quatro pessoas: o motorista, uma t\u00e9cnica de enfermagem, um paciente e um acompanhante, que voltavam de um hospital em Itaberaba. Ningu\u00e9m ficou gravemente ferido, mas a parte da frente do ve\u00edculo ficou destru\u00edda.<\/p>\n\n\n\n<p>Esse foi o terceiro acidente com ambul\u00e2ncias e o quarto envolvendo ve\u00edculos da Secretaria de Sa\u00fade de Santaluz s\u00f3 neste ano.<\/p>\n\n\n\n<p>No dia 21 de janeiro, uma ambul\u00e2ncia modelo Hilux bateu em outro carro na BR-324, perto da cidade de Candeias, na Regi\u00e3o Metropolitana de Salvador quando levava uma gestante.<\/p>\n\n\n\n<p>Pouco mais de um m\u00eas depois, em 28 de fevereiro, um micro-\u00f4nibus que levava pacientes de Santaluz para exames e tratamentos em Feira de Santana se chocou com um cavalo na BA-120, na localidade de Bra\u00fana, no mesmo trecho do acidente desta ter\u00e7a-feira. Testemunhas contaram que o animal apareceu de repente na pista, e o motorista n\u00e3o conseguiu desviar. A parte da frente do ve\u00edculo ficou destru\u00edda, e o cavalo morreu no local.<\/p>\n\n\n\n<p>J\u00e1 no dia 12 de mar\u00e7o, uma ambul\u00e2ncia capotou ap\u00f3s bater em um carro de passeio na BA-409, entre Concei\u00e7\u00e3o do Coit\u00e9 e Serrinha, na altura da localidade conhecida como Chapada. De acordo com informa\u00e7\u00f5es apuradas pelo Not\u00edcias de Santaluz, a ambul\u00e2ncia seguia para Salvador para buscar um paciente que havia recebido alta quando ocorreu a colis\u00e3o. Tanto a ambul\u00e2ncia quanto o carro capotaram e sa\u00edram da pista. Apesar do susto, ningu\u00e9m ficou gravemente ferido.<\/p>\n\n\n\n<p>As tr\u00eas ambul\u00e2ncias e o micro-\u00f4nibus envolvidos nos acidentes ficaram parcialmente destru\u00eddos e foram retirados de circula\u00e7\u00e3o. O problema agrava ainda mais a situa\u00e7\u00e3o da frota da Secretaria de Sa\u00fade de Santaluz, que j\u00e1 enfrenta dificuldades. Uma UTI m\u00f3vel, por exemplo, est\u00e1 parada h\u00e1 cerca de um ano por problemas mec\u00e2nicos, o que compromete ainda mais o atendimento na cidade.<\/p>\n\n\n\n<p>CN | Informa\u00e7\u00f5es Not\u00edcias de Santaluz<\/p>\n","protected":false},"excerpt":{"rendered":"<p>Uma ambul\u00e2ncia da Secretaria de Sa\u00fade de Santaluz bateu em uma vaca solta na pista na madrugada desta ter\u00e7a-feira (18), na BA-120. O acidente aconteceu pr\u00f3ximo ao acesso \u00e0 comunidade Lago da Pedra, no limite com o munic\u00edpio de Valente. O animal n\u00e3o resistiu ao impacto e morreu no local. Segundo o Not\u00edcias de Santaluz, [&hellip;]<\/p>\n","protected":false},"author":2,"featured_media":26158,"comment_status":"open","ping_status":"open","sticky":false,"template":"","format":"standard","meta":{"_jetpack_memberships_contains_paid_content":false,"footnotes":""},"categories":[3],"tags":[],"class_list":["post-26157","post","type-post","status-publish","format-standard","has-post-thumbnail","hentry","category-regional"],"aioseo_notices":[],"jetpack_featured_media_url":"https:\/\/i0.wp.com\/minutobahia24h.com.br\/wp-content\/uploads\/2025\/03\/Sem-titulo-244.jpg?fit=639%2C426&ssl=1","jetpack_sharing_enabled":true,"_links":{"self":[{"href":"https:\/\/minutobahia24h.com.br\/index.php?rest_route=\/wp\/v2\/posts\/26157","targetHints":{"allow":["GET"]}}],"collection":[{"href":"https:\/\/minutobahia24h.com.br\/index.php?rest_route=\/wp\/v2\/posts"}],"about":[{"href":"https:\/\/minutobahia24h.com.br\/index.php?rest_route=\/wp\/v2\/types\/post"}],"author":[{"embeddable":true,"href":"https:\/\/minutobahia24h.com.br\/index.php?rest_route=\/wp\/v2\/users\/2"}],"replies":[{"embeddable":true,"href":"https:\/\/minutobahia24h.com.br\/index.php?rest_route=%2Fwp%2Fv2%2Fcomments&post=26157"}],"version-history":[{"count":1,"href":"https:\/\/minutobahia24h.com.br\/index.php?rest_route=\/wp\/v2\/posts\/26157\/revisions"}],"predecessor-version":[{"id":26159,"href":"https:\/\/minutobahia24h.com.br\/index.php?rest_route=\/wp\/v2\/posts\/26157\/revisions\/26159"}],"wp:featuredmedia":[{"embeddable":true,"href":"https:\/\/minutobahia24h.com.br\/index.php?rest_route=\/wp\/v2\/media\/26158"}],"wp:attachment":[{"href":"https:\/\/minutobahia24h.com.br\/index.php?rest_route=%2Fwp%2Fv2%2Fmedia&parent=26157"}],"wp:term":[{"taxonomy":"category","embeddable":true,"href":"https:\/\/minutobahia24h.com.br\/index.php?rest_route=%2Fwp%2Fv2%2Fcategories&post=26157"},{"taxonomy":"post_tag","embeddable":true,"href":"https:\/\/minutobahia24h.com.br\/index.php?rest_route=%2Fwp%2Fv2%2Ftags&post=26157"}],"curies":[{"name":"wp","href":"https:\/\/api.w.org\/{rel}","templated":true}]}}