{"id":26129,"date":"2025-03-18T07:33:45","date_gmt":"2025-03-18T10:33:45","guid":{"rendered":"https:\/\/minutobahia24h.com.br\/?p=26129"},"modified":"2025-03-18T07:33:47","modified_gmt":"2025-03-18T10:33:47","slug":"o-que-acontece-com-o-corpo-quando-voce-para-de-consumir-gluten-isso-e-o-que-dizem-os-cientistas","status":"publish","type":"post","link":"https:\/\/minutobahia24h.com.br\/?p=26129","title":{"rendered":"O que acontece com o corpo quando voc\u00ea para de consumir gl\u00faten? Isso \u00e9 o que dizem os cientistas"},"content":{"rendered":"<div class=\"wp-block-image\">\n<figure class=\"aligncenter size-full\"><img data-recalc-dims=\"1\" fetchpriority=\"high\" decoding=\"async\" width=\"800\" height=\"534\" src=\"https:\/\/i0.wp.com\/minutobahia24h.com.br\/wp-content\/uploads\/2025\/03\/Sem-titulo-238.jpg?resize=800%2C534&#038;ssl=1\" alt=\"\" class=\"wp-image-26130\" srcset=\"https:\/\/i0.wp.com\/minutobahia24h.com.br\/wp-content\/uploads\/2025\/03\/Sem-titulo-238.jpg?w=888&amp;ssl=1 888w, https:\/\/i0.wp.com\/minutobahia24h.com.br\/wp-content\/uploads\/2025\/03\/Sem-titulo-238.jpg?resize=300%2C200&amp;ssl=1 300w, https:\/\/i0.wp.com\/minutobahia24h.com.br\/wp-content\/uploads\/2025\/03\/Sem-titulo-238.jpg?resize=768%2C513&amp;ssl=1 768w, https:\/\/i0.wp.com\/minutobahia24h.com.br\/wp-content\/uploads\/2025\/03\/Sem-titulo-238.jpg?resize=750%2C501&amp;ssl=1 750w\" sizes=\"(max-width: 800px) 100vw, 800px\" \/><figcaption class=\"wp-element-caption\">Tratado como vil\u00e3o pelo mercado de alimentos, o gl\u00faten n\u00e3o representa risco real para a sa\u00fade, apontam estudos \u2014 Foto: Freepik<br><\/figcaption><\/figure>\n<\/div>\n\n\n<p>H\u00e1 alguns anos, as pessoas come\u00e7aram a mudar seus h\u00e1bitos alimentares, seja porque alguns alimentos ou ingredientes lhes fazem mal ou porque simplesmente querem evit\u00e1-los em sua dieta. Uma das principais tend\u00eancias no mercado e nos restaurantes \u00e9 a comercializa\u00e7\u00e3o de produtos sem gl\u00faten, devido a afirma\u00e7\u00f5es populares que sustentam que a redu\u00e7\u00e3o de seu consumo pode melhorar a sa\u00fade e at\u00e9 mesmo ajudar a perder peso.<\/p>\n\n\n\n<p>O que \u00e9 gl\u00faten?<\/p>\n\n\n\n<p>Segundo a Federa\u00e7\u00e3o de Associa\u00e7\u00f5es de Cel\u00edacos da&nbsp;<a class=\"\" href=\"https:\/\/oglobo.globo.com\/tudo-sobre\/pais\/espanha\">Espanha<\/a>, o gl\u00faten \u00e9 uma prote\u00edna encontrada na semente de cereais como o trigo, a cevada, o centeio e tamb\u00e9m em algumas variedades de aveia.<\/p>\n\n\n\n<p>Essa prote\u00edna, de forma simples, \u00e9 a respons\u00e1vel pela elasticidade da massa de farinha e confere n\u00e3o apenas consist\u00eancia, mas tamb\u00e9m maciez aos p\u00e3es e outros alimentos assados.<\/p>\n\n\n\n<p>Diferente do que se acredita, o gl\u00faten realmente n\u00e3o representa um risco para a sa\u00fade da maioria das pessoas. No entanto, pessoas com&nbsp;<a class=\"\" href=\"https:\/\/oglobo.globo.com\/tudo-sobre\/assunto\/doenca-celiaca\/\">doen\u00e7a cel\u00edaca<\/a>, por exemplo, que n\u00e3o podem tolerar o gl\u00faten, devem elimin\u00e1-lo para evitar rea\u00e7\u00f5es prejudiciais.<\/p>\n\n\n\n<p>Outras pessoas podem ter sensibilidade ao gl\u00faten, mesmo n\u00e3o sendo cel\u00edacas, ou serem al\u00e9rgicas, o que faz com que essa prote\u00edna cause desconfortos digestivos.<\/p>\n\n\n\n<p>Em uma entrevista \u00e0 revista&nbsp;<a class=\"\" href=\"https:\/\/oglobo.globo.com\/tudo-sobre\/canal\/national-geographic\">National Geographic<\/a>, Janelle Smith, nutricionista diplomada da Divis\u00e3o de Doen\u00e7as Digestivas Vatche e Tamar Manoukian da UCLA, dos&nbsp;<a class=\"\" href=\"https:\/\/oglobo.globo.com\/tudo-sobre\/pais\/estados-unidos\">Estados Unidos<\/a>, que tamb\u00e9m \u00e9 cel\u00edaca, explica que o gl\u00faten ganhou m\u00e1 reputa\u00e7\u00e3o ao longo dos anos devido ao marketing alimentar. As marcas, ao lan\u00e7arem produtos sem essa prote\u00edna, fizeram parecer que sua aus\u00eancia era ben\u00e9fica para a sa\u00fade.<\/p>\n\n\n\n<p>De fato, um estudo de 2019 citado pelo ve\u00edculo encontrou poucas evid\u00eancias de que dietas sem gl\u00faten reduzam a inflama\u00e7\u00e3o associada a condi\u00e7\u00f5es como a artrite reumatoide.<\/p>\n\n\n\n<p>H\u00e1 outros mitos populares, como a cren\u00e7a de que uma dieta sem gl\u00faten emagrece ou que elimin\u00e1-lo da\u00a0<a class=\"\" href=\"https:\/\/oglobo.globo.com\/tudo-sobre\/assunto\/alimentacao\">alimenta\u00e7\u00e3o<\/a>\u00a0melhora a sa\u00fade. No entanto, se voc\u00ea acredita que essa prote\u00edna est\u00e1 causando efeitos adversos, o melhor \u00e9 consultar um m\u00e9dico para saber se deve elimin\u00e1-la completamente de sua dieta.<\/p>\n","protected":false},"excerpt":{"rendered":"<p>H\u00e1 alguns anos, as pessoas come\u00e7aram a mudar seus h\u00e1bitos alimentares, seja porque alguns alimentos ou ingredientes lhes fazem mal ou porque simplesmente querem evit\u00e1-los em sua dieta. Uma das principais tend\u00eancias no mercado e nos restaurantes \u00e9 a comercializa\u00e7\u00e3o de produtos sem gl\u00faten, devido a afirma\u00e7\u00f5es populares que sustentam que a redu\u00e7\u00e3o de seu [&hellip;]<\/p>\n","protected":false},"author":2,"featured_media":26130,"comment_status":"open","ping_status":"open","sticky":false,"template":"","format":"standard","meta":{"_jetpack_memberships_contains_paid_content":false,"footnotes":""},"categories":[18],"tags":[],"class_list":["post-26129","post","type-post","status-publish","format-standard","has-post-thumbnail","hentry","category-saude"],"aioseo_notices":[],"jetpack_featured_media_url":"https:\/\/i0.wp.com\/minutobahia24h.com.br\/wp-content\/uploads\/2025\/03\/Sem-titulo-238.jpg?fit=888%2C593&ssl=1","jetpack_sharing_enabled":true,"_links":{"self":[{"href":"https:\/\/minutobahia24h.com.br\/index.php?rest_route=\/wp\/v2\/posts\/26129","targetHints":{"allow":["GET"]}}],"collection":[{"href":"https:\/\/minutobahia24h.com.br\/index.php?rest_route=\/wp\/v2\/posts"}],"about":[{"href":"https:\/\/minutobahia24h.com.br\/index.php?rest_route=\/wp\/v2\/types\/post"}],"author":[{"embeddable":true,"href":"https:\/\/minutobahia24h.com.br\/index.php?rest_route=\/wp\/v2\/users\/2"}],"replies":[{"embeddable":true,"href":"https:\/\/minutobahia24h.com.br\/index.php?rest_route=%2Fwp%2Fv2%2Fcomments&post=26129"}],"version-history":[{"count":1,"href":"https:\/\/minutobahia24h.com.br\/index.php?rest_route=\/wp\/v2\/posts\/26129\/revisions"}],"predecessor-version":[{"id":26131,"href":"https:\/\/minutobahia24h.com.br\/index.php?rest_route=\/wp\/v2\/posts\/26129\/revisions\/26131"}],"wp:featuredmedia":[{"embeddable":true,"href":"https:\/\/minutobahia24h.com.br\/index.php?rest_route=\/wp\/v2\/media\/26130"}],"wp:attachment":[{"href":"https:\/\/minutobahia24h.com.br\/index.php?rest_route=%2Fwp%2Fv2%2Fmedia&parent=26129"}],"wp:term":[{"taxonomy":"category","embeddable":true,"href":"https:\/\/minutobahia24h.com.br\/index.php?rest_route=%2Fwp%2Fv2%2Fcategories&post=26129"},{"taxonomy":"post_tag","embeddable":true,"href":"https:\/\/minutobahia24h.com.br\/index.php?rest_route=%2Fwp%2Fv2%2Ftags&post=26129"}],"curies":[{"name":"wp","href":"https:\/\/api.w.org\/{rel}","templated":true}]}}