{"id":26123,"date":"2025-03-18T07:30:26","date_gmt":"2025-03-18T10:30:26","guid":{"rendered":"https:\/\/minutobahia24h.com.br\/?p=26123"},"modified":"2025-03-18T07:30:28","modified_gmt":"2025-03-18T10:30:28","slug":"bombardeios-de-israel-a-faixa-de-gaza-interrompem-tregua-hamas-diz-que-mortos-passam-de-300","status":"publish","type":"post","link":"https:\/\/minutobahia24h.com.br\/?p=26123","title":{"rendered":"Bombardeios de Israel \u00e0 Faixa de Gaza interrompem tr\u00e9gua; Hamas diz que mortos passam de 300"},"content":{"rendered":"<div class=\"wp-block-image\">\n<figure class=\"aligncenter size-full\"><img data-recalc-dims=\"1\" fetchpriority=\"high\" decoding=\"async\" width=\"640\" height=\"361\" src=\"https:\/\/i0.wp.com\/minutobahia24h.com.br\/wp-content\/uploads\/2025\/03\/Sem-titulo-236.jpg?resize=640%2C361&#038;ssl=1\" alt=\"\" class=\"wp-image-26124\" srcset=\"https:\/\/i0.wp.com\/minutobahia24h.com.br\/wp-content\/uploads\/2025\/03\/Sem-titulo-236.jpg?w=640&amp;ssl=1 640w, https:\/\/i0.wp.com\/minutobahia24h.com.br\/wp-content\/uploads\/2025\/03\/Sem-titulo-236.jpg?resize=300%2C169&amp;ssl=1 300w\" sizes=\"(max-width: 640px) 100vw, 640px\" \/><\/figure>\n<\/div>\n\n\n<p>As For\u00e7as Armadas de&nbsp;<a class=\"\" href=\"https:\/\/g1.globo.com\/tudo-sobre\/israel\/\">Israel<\/a>&nbsp;lan\u00e7aram uma s\u00e9rie de ataques contra a&nbsp;<a class=\"\" href=\"https:\/\/g1.globo.com\/tudo-sobre\/faixa-de-gaza\/\">Faixa de Gaza<\/a>&nbsp;na madrugada de ter\u00e7a-feira (18) pelo hor\u00e1rio local \u2014 noite de segunda-feira (17) pelo hor\u00e1rio de Bras\u00edlia. Os bombardeios, que romperam com a tr\u00e9gua entre as duas partes,&nbsp;<strong>deixaram 330 mortos<\/strong>, segundo o Minist\u00e9rio da Sa\u00fade de Gaza, controlado pelo&nbsp;<a class=\"\" href=\"https:\/\/g1.globo.com\/tudo-sobre\/hamas\/\">Hamas<\/a>.<\/p>\n\n\n\n<p>Esta foi a&nbsp;<strong>primeira grande opera\u00e7\u00e3o militar na regi\u00e3o desde o in\u00edcio do cessar-fogo<\/strong>&nbsp;entre Israel e o Hamas, em janeiro.<\/p>\n\n\n\n<p>Israel declarou que bombardeou alvos do Hamas e lideran\u00e7as do grupo terrorista. Os ataques foram conduzidos em conjunto com a Ag\u00eancia de Seguran\u00e7a de Israel, respons\u00e1vel pela intelig\u00eancia do pa\u00eds.<\/p>\n\n\n\n<p>O gabinete do primeiro-ministro israelense, Benjamin Netanyahu, afirmou que ordem dos ataques partiu ap\u00f3s o Hamas se recusar a libertar ref\u00e9ns mantidos em Gaza, al\u00e9m de rejeitar todas as propostas que receberam.<\/p>\n\n\n\n<blockquote class=\"wp-block-quote is-layout-flow wp-block-quote-is-layout-flow\">\n<p>&#8220;Israel atuar\u00e1, a partir de agora, contra o Hamas com for\u00e7a militar crescente&#8221;, diz o comunicado. O governo disse que continuar\u00e1 na ofensiva enquanto for necess\u00e1rio, podendo ampli\u00e1-la.<\/p>\n<\/blockquote>\n\n\n\n<p>Testemunhas relataram \u00e0 Reuters terem presenciado uma s\u00e9rie de explos\u00f5es provocadas por ataques a\u00e9reos ao longo da Faixa de Gaza.<\/p>\n\n\n\n<p>M\u00e9dicos que atuam no territ\u00f3rio afirmaram \u00e0 ag\u00eancia que 200 pessoas morreram, incluindo v\u00e1rias crian\u00e7as, e diversas ficaram feridas. Mais tarde, o Minist\u00e9rio da Sa\u00fade de Gaza disse que 254 pessoas haviam morrido. Depois, o n\u00famero subiu para 326 mortos, ainda segundo o Hamas.<\/p>\n\n\n\n<p>Segundo o Hamas, Mahmoud Abu Watfa,&nbsp;<strong>membro do alto escal\u00e3o de seguran\u00e7a do grupo terrorista, foi morto&nbsp;<\/strong>durante os ataques.<\/p>\n\n\n\n<p>De acordo com a Reuters, explos\u00f5es foram observadas na Cidade de Gaza, em Deir Al-Balah, na regi\u00e3o central, e em Rafah e Khan Younis, no sul. A Defesa Civil do territ\u00f3rio, contolada pelo Hamas, afirmou que 35 ataques a\u00e9reos foram registrados.<\/p>\n\n\n\n<p>Uma autoridade do Hamas acusou Israel de romper com o acordo de cessar-fogo de forma unilateral, colocando os ref\u00e9ns mantidos em Gaza em um &#8220;destino incerto&#8221;.<\/p>\n\n\n\n<p>Diante da opera\u00e7\u00e3o militar, Israel anunciou que est\u00e1 impondo algumas restri\u00e7\u00f5es para comunidades israelenses que ficam pr\u00f3ximas da fronteira com a Faixa de Gaza. As aulas nestes locais, por exemplo, foram suspensas.<\/p>\n\n\n\n<p>Ordens de evacua\u00e7\u00e3o em algumas regi\u00f5es de Gaza foram emitidas por Israel na manh\u00e3 desta ter\u00e7a, no hor\u00e1rio de Bras\u00edlia, e palestinos foram registrados deixando o territ\u00f3rio.<\/p>\n\n\n\n<p>Outros ataques contra alvos na Faixa de Gaza foram registrados anteriormente, mas menores. No s\u00e1bado (15),&nbsp;<a class=\"\" href=\"https:\/\/g1.globo.com\/mundo\/noticia\/2025\/03\/15\/ataque-aereo-deixa-mortos-em-gaza-dizem-medicos.ghtml\">pelo menos nove pessoas morreram em um bombardeio no norte do territ\u00f3rio<\/a>, de acordo com m\u00e9dicos que atuam na regi\u00e3o.<\/p>\n\n\n\n<p>O cessar-fogo entre Israel e o Hamas come\u00e7ou em 19 de janeiro. O acordo, dividido em tr\u00eas etapas, prev\u00ea uma pausa completa nos ataques, al\u00e9m da troca de ref\u00e9ns mantidos pelo grupo terrorista em Gaza por prisioneiros palestinos detidos em Israel.<\/p>\n\n\n\n<p>Na pr\u00e1tica, o prazo da primeira fase do cessar-fogo terminou em 1\u00ba de mar\u00e7o. Israel e o Hamas chegaram a negociar uma extens\u00e3o da tr\u00e9gua, mas n\u00e3o chegaram a um acordo. Com isso, o governo israelense anunciou a&nbsp;<a class=\"\" href=\"https:\/\/g1.globo.com\/mundo\/noticia\/2025\/03\/02\/israel-interrompe-acesso-de-ajuda-humanitaria-em-gaza.ghtml\">interrup\u00e7\u00e3o da entrada de ajuda humanit\u00e1ria<\/a>&nbsp;no territ\u00f3rio palestino.<\/p>\n\n\n\n<p>Enquanto isso, as duas partes negociam o in\u00edcio da segunda fase do acordo, com a media\u00e7\u00e3o do Egito, Catar e Estados Unidos.<\/p>\n\n\n\n<h2 class=\"wp-block-heading\">Guerra<\/h2>\n\n\n\n<figure class=\"wp-block-image\"><img data-recalc-dims=\"1\" decoding=\"async\" src=\"https:\/\/i0.wp.com\/s2-g1.glbimg.com\/KxWL_ySjVHq_ct_w4H_G3G2o3Vs%3D\/0x0%3A1906x1016\/984x0\/smart\/filters%3Astrip_icc%28%29\/i.s3.glbimg.com\/v1\/AUTH_59edd422c0c84a879bd37670ae4f538a\/internal_photos\/bs\/2025\/3\/J\/EsJ3IQRVCcD1UL4Pi3CA\/captura-de-tela-2025-03-17-221415.png?w=800&#038;ssl=1\" alt=\"Palestinos esperam em hospital ap\u00f3s ataque israelense, em 18 de mar\u00e7o de 2025 \u2014 Foto: Reuters\"\/><\/figure>\n\n\n\n<p>Palestinos esperam em hospital ap\u00f3s ataque israelense, em 18 de mar\u00e7o de 2025 \u2014 Foto: Reuters<\/p>\n\n\n\n<p>A guerra entre Israel e o Hamas come\u00e7ou em 7 de outubro de 2023, quando terroristas do grupo atacaram e invadiram o territ\u00f3rio israelense. Naquele dia, 1.200 pessoas foram mortas e mais de 200 foram sequestradas.<\/p>\n\n\n\n<p>Nas semanas seguintes, Israel lan\u00e7ou uma opera\u00e7\u00e3o em larga escala na Faixa de Gaza para combater e destruir estruturas do Hamas. Segundo o Minist\u00e9rio da Sa\u00fade do territ\u00f3rio, controlado pelo grupo terrorista, mais de 40 mil pessoas morreram, incluindo mulheres e crian\u00e7as.<\/p>\n\n\n\n<p>O conflito gerou instabilidade no Oriente M\u00e9dio e se expandiu para outras regi\u00f5es, envolvendo o Hezbollah, no L\u00edbano, e o Ir\u00e3. Al\u00e9m disso, rebeldes Houthis, do I\u00eamen, passaram a atacar navios comerciais no Mar Vermelho em protesto \u00e0s a\u00e7\u00f5es de Israel.<\/p>\n\n\n\n<p>Na Faixa de Gaza, a guerra provocou uma crise humanit\u00e1ria generalizada, deixando milhares de pessoas desabrigadas ou deslocadas e reduzindo cidades a escombros.<\/p>\n\n\n\n<figure class=\"wp-block-image\"><img data-recalc-dims=\"1\" decoding=\"async\" src=\"https:\/\/i0.wp.com\/s2-g1.glbimg.com\/f1-coKPyO-6FM5xDGBFTnCdgNVc%3D\/0x0%3A1024x683\/984x0\/smart\/filters%3Astrip_icc%28%29\/i.s3.glbimg.com\/v1\/AUTH_59edd422c0c84a879bd37670ae4f538a\/internal_photos\/bs\/2025\/F\/o\/LBoiscSby8IHo40sQOvQ\/ap25076713857434.jpg?w=800&#038;ssl=1\" alt=\"Menino cozinha ao lado da m\u00e3e no teto de uma casa destru\u00edda, na Faixa de Gaza, em 17 de mar\u00e7o de 2025 \u2014 Foto: AP Photo\/Jehad Alshrafi\"\/><\/figure>\n\n\n\n<p>Menino cozinha ao lado da m\u00e3e no teto de uma casa destru\u00edda, na Faixa de Gaza, em 17 de mar\u00e7o de 2025 \u2014 Foto: AP Photo\/Jehad Alshrafi<\/p>\n\n\n\n<h2 class=\"wp-block-heading\"><\/h2>\n","protected":false},"excerpt":{"rendered":"<p>As For\u00e7as Armadas de&nbsp;Israel&nbsp;lan\u00e7aram uma s\u00e9rie de ataques contra a&nbsp;Faixa de Gaza&nbsp;na madrugada de ter\u00e7a-feira (18) pelo hor\u00e1rio local \u2014 noite de segunda-feira (17) pelo hor\u00e1rio de Bras\u00edlia. Os bombardeios, que romperam com a tr\u00e9gua entre as duas partes,&nbsp;deixaram 330 mortos, segundo o Minist\u00e9rio da Sa\u00fade de Gaza, controlado pelo&nbsp;Hamas. Esta foi a&nbsp;primeira grande opera\u00e7\u00e3o [&hellip;]<\/p>\n","protected":false},"author":2,"featured_media":26124,"comment_status":"open","ping_status":"open","sticky":false,"template":"","format":"standard","meta":{"_jetpack_memberships_contains_paid_content":false,"footnotes":""},"categories":[15],"tags":[],"class_list":["post-26123","post","type-post","status-publish","format-standard","has-post-thumbnail","hentry","category-mundo"],"aioseo_notices":[],"jetpack_featured_media_url":"https:\/\/i0.wp.com\/minutobahia24h.com.br\/wp-content\/uploads\/2025\/03\/Sem-titulo-236.jpg?fit=640%2C361&ssl=1","jetpack_sharing_enabled":true,"_links":{"self":[{"href":"https:\/\/minutobahia24h.com.br\/index.php?rest_route=\/wp\/v2\/posts\/26123","targetHints":{"allow":["GET"]}}],"collection":[{"href":"https:\/\/minutobahia24h.com.br\/index.php?rest_route=\/wp\/v2\/posts"}],"about":[{"href":"https:\/\/minutobahia24h.com.br\/index.php?rest_route=\/wp\/v2\/types\/post"}],"author":[{"embeddable":true,"href":"https:\/\/minutobahia24h.com.br\/index.php?rest_route=\/wp\/v2\/users\/2"}],"replies":[{"embeddable":true,"href":"https:\/\/minutobahia24h.com.br\/index.php?rest_route=%2Fwp%2Fv2%2Fcomments&post=26123"}],"version-history":[{"count":1,"href":"https:\/\/minutobahia24h.com.br\/index.php?rest_route=\/wp\/v2\/posts\/26123\/revisions"}],"predecessor-version":[{"id":26125,"href":"https:\/\/minutobahia24h.com.br\/index.php?rest_route=\/wp\/v2\/posts\/26123\/revisions\/26125"}],"wp:featuredmedia":[{"embeddable":true,"href":"https:\/\/minutobahia24h.com.br\/index.php?rest_route=\/wp\/v2\/media\/26124"}],"wp:attachment":[{"href":"https:\/\/minutobahia24h.com.br\/index.php?rest_route=%2Fwp%2Fv2%2Fmedia&parent=26123"}],"wp:term":[{"taxonomy":"category","embeddable":true,"href":"https:\/\/minutobahia24h.com.br\/index.php?rest_route=%2Fwp%2Fv2%2Fcategories&post=26123"},{"taxonomy":"post_tag","embeddable":true,"href":"https:\/\/minutobahia24h.com.br\/index.php?rest_route=%2Fwp%2Fv2%2Ftags&post=26123"}],"curies":[{"name":"wp","href":"https:\/\/api.w.org\/{rel}","templated":true}]}}