{"id":26120,"date":"2025-03-18T07:26:42","date_gmt":"2025-03-18T10:26:42","guid":{"rendered":"https:\/\/minutobahia24h.com.br\/?p=26120"},"modified":"2025-03-18T07:26:44","modified_gmt":"2025-03-18T10:26:44","slug":"governo-anuncia-ampliacao-da-faixa-de-isencao-do-ir-para-r-5-mil-nesta-terca-feira","status":"publish","type":"post","link":"https:\/\/minutobahia24h.com.br\/?p=26120","title":{"rendered":"Governo anuncia amplia\u00e7\u00e3o da faixa de isen\u00e7\u00e3o do IR para R$ 5 mil nesta ter\u00e7a-feira"},"content":{"rendered":"<div class=\"wp-block-image\">\n<figure class=\"aligncenter size-full\"><img data-recalc-dims=\"1\" fetchpriority=\"high\" decoding=\"async\" width=\"600\" height=\"420\" src=\"https:\/\/i0.wp.com\/minutobahia24h.com.br\/wp-content\/uploads\/2025\/03\/Sem-titulo-235.jpg?resize=600%2C420&#038;ssl=1\" alt=\"\" class=\"wp-image-26121\" srcset=\"https:\/\/i0.wp.com\/minutobahia24h.com.br\/wp-content\/uploads\/2025\/03\/Sem-titulo-235.jpg?w=600&amp;ssl=1 600w, https:\/\/i0.wp.com\/minutobahia24h.com.br\/wp-content\/uploads\/2025\/03\/Sem-titulo-235.jpg?resize=300%2C210&amp;ssl=1 300w\" sizes=\"(max-width: 600px) 100vw, 600px\" \/><figcaption class=\"wp-element-caption\">Foto: Marcello Casal Jr\/Ag\u00eancia Brasil<br><\/figcaption><\/figure>\n<\/div>\n\n\n<p>O governo vai apresentar nesta ter\u00e7a-feira (18) a amplia\u00e7\u00e3o da faixa de isen\u00e7\u00e3o do Imposto de Renda das Pessoas F\u00edsicas (IRPF) para R$ 5 mil, que beneficiar\u00e1 quase 13 milh\u00f5es de contribuintes. A cerim\u00f4nia ser\u00e1 realizada no Pal\u00e1cio do Planalto e est\u00e1 marcada para come\u00e7ar \u00e0s 11h30 no hor\u00e1rio de Bras\u00edlia.<\/p>\n\n\n\n<p>O evento ter\u00e1 a participa\u00e7\u00e3o dos presidentes da C\u00e2mara dos Deputados, Hugo Motta (Republicanos-PB), e do Senado, Davi Alcolumbre (Uni\u00e3o-AP), al\u00e9m de l\u00edderes do Congresso e ministros do governo.<\/p>\n\n\n\n<p>Atualmente, a isen\u00e7\u00e3o \u00e9 de R$ 2.824, menos do que dois sal\u00e1rios m\u00ednimos. Para a nova faixa entrar em vigor ainda precisa ser aprovada pelo Congresso Nacional atrav\u00e9s do Or\u00e7amento de 2025, cuja vota\u00e7\u00e3o dever\u00e1 acontecer em abril. A perda de arrecada\u00e7\u00e3o \u00e9 estimada em R$ 27 bilh\u00f5es. Caso ganhe sinal verde, valer\u00e1 para 2026.<\/p>\n\n\n\n<p>A amplia\u00e7\u00e3o da faixa de isen\u00e7\u00e3o do IRPF foi uma promessa de campanha do presidente Luiz In\u00e1cio Lula da Silva. A medida \u00e9 uma aposta do governo para melhorar a popularidade do chefe do Executivo nacional.<\/p>\n\n\n\n<p>Bahia.ba<\/p>\n","protected":false},"excerpt":{"rendered":"<p>O governo vai apresentar nesta ter\u00e7a-feira (18) a amplia\u00e7\u00e3o da faixa de isen\u00e7\u00e3o do Imposto de Renda das Pessoas F\u00edsicas (IRPF) para R$ 5 mil, que beneficiar\u00e1 quase 13 milh\u00f5es de contribuintes. A cerim\u00f4nia ser\u00e1 realizada no Pal\u00e1cio do Planalto e est\u00e1 marcada para come\u00e7ar \u00e0s 11h30 no hor\u00e1rio de Bras\u00edlia. O evento ter\u00e1 a [&hellip;]<\/p>\n","protected":false},"author":2,"featured_media":26121,"comment_status":"open","ping_status":"open","sticky":false,"template":"","format":"standard","meta":{"_jetpack_memberships_contains_paid_content":false,"footnotes":""},"categories":[19],"tags":[],"class_list":["post-26120","post","type-post","status-publish","format-standard","has-post-thumbnail","hentry","category-economia"],"aioseo_notices":[],"jetpack_featured_media_url":"https:\/\/i0.wp.com\/minutobahia24h.com.br\/wp-content\/uploads\/2025\/03\/Sem-titulo-235.jpg?fit=600%2C420&ssl=1","jetpack_sharing_enabled":true,"_links":{"self":[{"href":"https:\/\/minutobahia24h.com.br\/index.php?rest_route=\/wp\/v2\/posts\/26120","targetHints":{"allow":["GET"]}}],"collection":[{"href":"https:\/\/minutobahia24h.com.br\/index.php?rest_route=\/wp\/v2\/posts"}],"about":[{"href":"https:\/\/minutobahia24h.com.br\/index.php?rest_route=\/wp\/v2\/types\/post"}],"author":[{"embeddable":true,"href":"https:\/\/minutobahia24h.com.br\/index.php?rest_route=\/wp\/v2\/users\/2"}],"replies":[{"embeddable":true,"href":"https:\/\/minutobahia24h.com.br\/index.php?rest_route=%2Fwp%2Fv2%2Fcomments&post=26120"}],"version-history":[{"count":1,"href":"https:\/\/minutobahia24h.com.br\/index.php?rest_route=\/wp\/v2\/posts\/26120\/revisions"}],"predecessor-version":[{"id":26122,"href":"https:\/\/minutobahia24h.com.br\/index.php?rest_route=\/wp\/v2\/posts\/26120\/revisions\/26122"}],"wp:featuredmedia":[{"embeddable":true,"href":"https:\/\/minutobahia24h.com.br\/index.php?rest_route=\/wp\/v2\/media\/26121"}],"wp:attachment":[{"href":"https:\/\/minutobahia24h.com.br\/index.php?rest_route=%2Fwp%2Fv2%2Fmedia&parent=26120"}],"wp:term":[{"taxonomy":"category","embeddable":true,"href":"https:\/\/minutobahia24h.com.br\/index.php?rest_route=%2Fwp%2Fv2%2Fcategories&post=26120"},{"taxonomy":"post_tag","embeddable":true,"href":"https:\/\/minutobahia24h.com.br\/index.php?rest_route=%2Fwp%2Fv2%2Ftags&post=26120"}],"curies":[{"name":"wp","href":"https:\/\/api.w.org\/{rel}","templated":true}]}}