{"id":25979,"date":"2025-03-14T08:03:52","date_gmt":"2025-03-14T11:03:52","guid":{"rendered":"https:\/\/minutobahia24h.com.br\/?p=25979"},"modified":"2025-03-14T08:03:53","modified_gmt":"2025-03-14T11:03:53","slug":"mpba-aciona-tim-por-praticas-abusivas-contra-consumidores","status":"publish","type":"post","link":"https:\/\/minutobahia24h.com.br\/?p=25979","title":{"rendered":"MPBA aciona TIM por pr\u00e1ticas abusivas contra consumidores"},"content":{"rendered":"<div class=\"wp-block-image\">\n<figure class=\"aligncenter size-full\"><img data-recalc-dims=\"1\" fetchpriority=\"high\" decoding=\"async\" width=\"455\" height=\"303\" src=\"https:\/\/i0.wp.com\/minutobahia24h.com.br\/wp-content\/uploads\/2025\/03\/Sem-titulo-198.jpg?resize=455%2C303&#038;ssl=1\" alt=\"\" class=\"wp-image-25980\" srcset=\"https:\/\/i0.wp.com\/minutobahia24h.com.br\/wp-content\/uploads\/2025\/03\/Sem-titulo-198.jpg?w=455&amp;ssl=1 455w, https:\/\/i0.wp.com\/minutobahia24h.com.br\/wp-content\/uploads\/2025\/03\/Sem-titulo-198.jpg?resize=300%2C200&amp;ssl=1 300w\" sizes=\"(max-width: 455px) 100vw, 455px\" \/><\/figure>\n<\/div>\n\n\n<p>O Minist\u00e9rio P\u00fablico do Estado da Bahia, por meio da promotora de Justi\u00e7a Joseane Suzart, ajuizou ontem, 12, uma a\u00e7\u00e3o civil p\u00fablica contra a operadora de telefonia TIM em raz\u00e3o de pr\u00e1ticas abusivas contra os consumidores. A a\u00e7\u00e3o foi ajuizada ap\u00f3s procedimento instaurado no MPBA a partir da den\u00fancia de um consumidor em raz\u00e3o de uma s\u00e9rie de cobran\u00e7as abusivas realizadas pela empresa no per\u00edodo de mais de dois anos e seis meses.<\/p>\n\n\n\n<p>Mesmo tendo cancelado um plano de internet e tendo o seu pedido supostamente atendido, com a confirma\u00e7\u00e3o de que a TIM teria cancelado e n\u00e3o efetuaria novas cobran\u00e7as ap\u00f3s o pagamento da fatura disponibilizada no in\u00edcio de maio de 2021, o consumidor recebeu uma cobran\u00e7a indevida em junho do mesmo ano. Logo depois, o consumidor entrou em contato com a Tim para a retirada do d\u00e9bito, no entanto as cobran\u00e7as continuaram a ser efetivadas nos meses subsequentes, mesmo diante de in\u00fameros pedidos de cancelamento.<a><\/a><\/p>\n\n\n\n<p>Na a\u00e7\u00e3o, o MPBA requer que a Justi\u00e7a determine que a operadora Tim seja obrigada a efetivar o cancelamento imediato dos servi\u00e7os quando solicitado pelo consumidor, sem impor dificuldades ou burocracias excessivas; suspender todas as cobran\u00e7as indevidas e efetuar a devolu\u00e7\u00e3o em dobro dos valores j\u00e1 pagos, conforme prev\u00ea o C\u00f3digo de Defesa do Consumidor; al\u00e9m de proibir a negativa\u00e7\u00e3o indevida dos consumidores afetados. Segundo a promotora de Justi\u00e7a Joseane Suzart, as principais reclama\u00e7\u00f5es contra a Tim s\u00e3o dificuldade no cancelamento de servi\u00e7os; cobran\u00e7as abusivas; negativa\u00e7\u00e3o indevida de consumidores; e atendimento inadequado aos clientes.<\/p>\n\n\n\n<p>abahiaacontece<\/p>\n","protected":false},"excerpt":{"rendered":"<p>O Minist\u00e9rio P\u00fablico do Estado da Bahia, por meio da promotora de Justi\u00e7a Joseane Suzart, ajuizou ontem, 12, uma a\u00e7\u00e3o civil p\u00fablica contra a operadora de telefonia TIM em raz\u00e3o de pr\u00e1ticas abusivas contra os consumidores. A a\u00e7\u00e3o foi ajuizada ap\u00f3s procedimento instaurado no MPBA a partir da den\u00fancia de um consumidor em raz\u00e3o de [&hellip;]<\/p>\n","protected":false},"author":2,"featured_media":25980,"comment_status":"open","ping_status":"open","sticky":false,"template":"","format":"standard","meta":{"_jetpack_memberships_contains_paid_content":false,"footnotes":""},"categories":[46],"tags":[],"class_list":["post-25979","post","type-post","status-publish","format-standard","has-post-thumbnail","hentry","category-noticia"],"aioseo_notices":[],"jetpack_featured_media_url":"https:\/\/i0.wp.com\/minutobahia24h.com.br\/wp-content\/uploads\/2025\/03\/Sem-titulo-198.jpg?fit=455%2C303&ssl=1","jetpack_sharing_enabled":true,"_links":{"self":[{"href":"https:\/\/minutobahia24h.com.br\/index.php?rest_route=\/wp\/v2\/posts\/25979","targetHints":{"allow":["GET"]}}],"collection":[{"href":"https:\/\/minutobahia24h.com.br\/index.php?rest_route=\/wp\/v2\/posts"}],"about":[{"href":"https:\/\/minutobahia24h.com.br\/index.php?rest_route=\/wp\/v2\/types\/post"}],"author":[{"embeddable":true,"href":"https:\/\/minutobahia24h.com.br\/index.php?rest_route=\/wp\/v2\/users\/2"}],"replies":[{"embeddable":true,"href":"https:\/\/minutobahia24h.com.br\/index.php?rest_route=%2Fwp%2Fv2%2Fcomments&post=25979"}],"version-history":[{"count":1,"href":"https:\/\/minutobahia24h.com.br\/index.php?rest_route=\/wp\/v2\/posts\/25979\/revisions"}],"predecessor-version":[{"id":25981,"href":"https:\/\/minutobahia24h.com.br\/index.php?rest_route=\/wp\/v2\/posts\/25979\/revisions\/25981"}],"wp:featuredmedia":[{"embeddable":true,"href":"https:\/\/minutobahia24h.com.br\/index.php?rest_route=\/wp\/v2\/media\/25980"}],"wp:attachment":[{"href":"https:\/\/minutobahia24h.com.br\/index.php?rest_route=%2Fwp%2Fv2%2Fmedia&parent=25979"}],"wp:term":[{"taxonomy":"category","embeddable":true,"href":"https:\/\/minutobahia24h.com.br\/index.php?rest_route=%2Fwp%2Fv2%2Fcategories&post=25979"},{"taxonomy":"post_tag","embeddable":true,"href":"https:\/\/minutobahia24h.com.br\/index.php?rest_route=%2Fwp%2Fv2%2Ftags&post=25979"}],"curies":[{"name":"wp","href":"https:\/\/api.w.org\/{rel}","templated":true}]}}