{"id":25973,"date":"2025-03-14T08:00:50","date_gmt":"2025-03-14T11:00:50","guid":{"rendered":"https:\/\/minutobahia24h.com.br\/?p=25973"},"modified":"2025-03-14T08:00:51","modified_gmt":"2025-03-14T11:00:51","slug":"stf-marca-julgamento-de-denuncia-contra-bolsonaro-para-25-de-marco","status":"publish","type":"post","link":"https:\/\/minutobahia24h.com.br\/?p=25973","title":{"rendered":"STF marca julgamento de den\u00fancia contra Bolsonaro para 25 de mar\u00e7o"},"content":{"rendered":"<div class=\"wp-block-image\">\n<figure class=\"aligncenter size-full\"><img data-recalc-dims=\"1\" fetchpriority=\"high\" decoding=\"async\" width=\"600\" height=\"420\" src=\"https:\/\/i0.wp.com\/minutobahia24h.com.br\/wp-content\/uploads\/2025\/03\/Sem-titulo-196.jpg?resize=600%2C420&#038;ssl=1\" alt=\"\" class=\"wp-image-25974\" srcset=\"https:\/\/i0.wp.com\/minutobahia24h.com.br\/wp-content\/uploads\/2025\/03\/Sem-titulo-196.jpg?w=600&amp;ssl=1 600w, https:\/\/i0.wp.com\/minutobahia24h.com.br\/wp-content\/uploads\/2025\/03\/Sem-titulo-196.jpg?resize=300%2C210&amp;ssl=1 300w\" sizes=\"(max-width: 600px) 100vw, 600px\" \/><figcaption class=\"wp-element-caption\">Foto: T\u00e2nia Rego\/Ag\u00eancia Brasil<br><\/figcaption><\/figure>\n<\/div>\n\n\n<p>O Supremo Tribunal Federal (STF) marcou para o dia 25 de mar\u00e7o, \u00e0s 9h30, o julgamento da den\u00fancia da Procuradoria-Geral da Rep\u00fablica (PGR) contra o ex-presidente Jair Bolsonaro, o general Walter Braga Netto e outros seis investigados por participa\u00e7\u00e3o em uma suposta trama golpista. A sess\u00e3o ser\u00e1 conduzida pela Primeira Turma da Corte, presidida pelo ministro Cristiano Zanin.<\/p>\n\n\n\n<p>A decis\u00e3o de pautar o julgamento foi tomada ap\u00f3s o relator do caso, ministro Alexandre de Moraes, liberar a den\u00fancia, respaldado por parecer favor\u00e1vel da PGR. Se a maioria dos ministros aceitar a acusa\u00e7\u00e3o, os envolvidos passar\u00e3o a responder formalmente por crimes como golpe de Estado, tentativa de aboli\u00e7\u00e3o violenta do Estado Democr\u00e1tico de Direito, organiza\u00e7\u00e3o criminosa armada, dano qualificado e deteriora\u00e7\u00e3o de patrim\u00f4nio tombado.<\/p>\n\n\n\n<p><strong>Acusados no caso<\/strong><\/p>\n\n\n\n<p>A den\u00fancia envolve o chamado \u201cn\u00facleo 1\u201d da investiga\u00e7\u00e3o, que inclui:<\/p>\n\n\n\n<p>\u2013 Jair Bolsonaro \u2013 ex-presidente da Rep\u00fablica<br>\u2013 Walter Braga Netto \u2013 general do Ex\u00e9rcito, ex-ministro e candidato a vice na chapa de Bolsonaro em 2022<br>\u2013 General Augusto Heleno \u2013 ex-ministro do Gabinete de Seguran\u00e7a Institucional<br>\u2013 Alexandre Ramagem \u2013 ex-diretor da Ag\u00eancia Brasileira de Intelig\u00eancia (Abin)<br>\u2013 Anderson Torres \u2013 ex-ministro da Justi\u00e7a e ex-secret\u00e1rio de Seguran\u00e7a do Distrito Federal<br>\u2013 Almir Garnier \u2013 ex-comandante da Marinha<br>\u2013 Paulo S\u00e9rgio Nogueira \u2013 general do Ex\u00e9rcito e ex-ministro da Defesa<br>\u2013 Mauro Cid \u2013 ex-ajudante de ordens de Bolsonaro e delator no caso<\/p>\n\n\n\n<p><strong>Julgamento pela Primeira Turma<\/strong><\/p>\n\n\n\n<p>A an\u00e1lise do caso caber\u00e1 \u00e0 Primeira Turma do STF, composta pelos ministros Alexandre de Moraes, Fl\u00e1vio Dino, Cristiano Zanin, C\u00e1rmen L\u00facia e Luiz Fux. O regimento interno do tribunal determina que a\u00e7\u00f5es penais sejam julgadas pelas turmas, e, como o relator faz parte deste colegiado, a den\u00fancia ser\u00e1 apreciada pelo grupo.<\/p>\n\n\n\n<p>Caso a maioria dos ministros aceite a acusa\u00e7\u00e3o, Bolsonaro e os demais denunciados se tornar\u00e3o r\u00e9us e passar\u00e3o a responder formalmente a uma a\u00e7\u00e3o penal no STF.<\/p>\n\n\n\n<p>Bahia.ba<\/p>\n","protected":false},"excerpt":{"rendered":"<p>O Supremo Tribunal Federal (STF) marcou para o dia 25 de mar\u00e7o, \u00e0s 9h30, o julgamento da den\u00fancia da Procuradoria-Geral da Rep\u00fablica (PGR) contra o ex-presidente Jair Bolsonaro, o general Walter Braga Netto e outros seis investigados por participa\u00e7\u00e3o em uma suposta trama golpista. A sess\u00e3o ser\u00e1 conduzida pela Primeira Turma da Corte, presidida pelo [&hellip;]<\/p>\n","protected":false},"author":2,"featured_media":25974,"comment_status":"open","ping_status":"open","sticky":false,"template":"","format":"standard","meta":{"_jetpack_memberships_contains_paid_content":false,"footnotes":""},"categories":[39],"tags":[],"class_list":["post-25973","post","type-post","status-publish","format-standard","has-post-thumbnail","hentry","category-politica"],"aioseo_notices":[],"jetpack_featured_media_url":"https:\/\/i0.wp.com\/minutobahia24h.com.br\/wp-content\/uploads\/2025\/03\/Sem-titulo-196.jpg?fit=600%2C420&ssl=1","jetpack_sharing_enabled":true,"_links":{"self":[{"href":"https:\/\/minutobahia24h.com.br\/index.php?rest_route=\/wp\/v2\/posts\/25973","targetHints":{"allow":["GET"]}}],"collection":[{"href":"https:\/\/minutobahia24h.com.br\/index.php?rest_route=\/wp\/v2\/posts"}],"about":[{"href":"https:\/\/minutobahia24h.com.br\/index.php?rest_route=\/wp\/v2\/types\/post"}],"author":[{"embeddable":true,"href":"https:\/\/minutobahia24h.com.br\/index.php?rest_route=\/wp\/v2\/users\/2"}],"replies":[{"embeddable":true,"href":"https:\/\/minutobahia24h.com.br\/index.php?rest_route=%2Fwp%2Fv2%2Fcomments&post=25973"}],"version-history":[{"count":1,"href":"https:\/\/minutobahia24h.com.br\/index.php?rest_route=\/wp\/v2\/posts\/25973\/revisions"}],"predecessor-version":[{"id":25975,"href":"https:\/\/minutobahia24h.com.br\/index.php?rest_route=\/wp\/v2\/posts\/25973\/revisions\/25975"}],"wp:featuredmedia":[{"embeddable":true,"href":"https:\/\/minutobahia24h.com.br\/index.php?rest_route=\/wp\/v2\/media\/25974"}],"wp:attachment":[{"href":"https:\/\/minutobahia24h.com.br\/index.php?rest_route=%2Fwp%2Fv2%2Fmedia&parent=25973"}],"wp:term":[{"taxonomy":"category","embeddable":true,"href":"https:\/\/minutobahia24h.com.br\/index.php?rest_route=%2Fwp%2Fv2%2Fcategories&post=25973"},{"taxonomy":"post_tag","embeddable":true,"href":"https:\/\/minutobahia24h.com.br\/index.php?rest_route=%2Fwp%2Fv2%2Ftags&post=25973"}],"curies":[{"name":"wp","href":"https:\/\/api.w.org\/{rel}","templated":true}]}}