{"id":25967,"date":"2025-03-14T07:57:19","date_gmt":"2025-03-14T10:57:19","guid":{"rendered":"https:\/\/minutobahia24h.com.br\/?p=25967"},"modified":"2025-03-14T07:57:21","modified_gmt":"2025-03-14T10:57:21","slug":"lewandowski-afirma-que-pec-da-seguranca-esta-madura-para-o-congresso","status":"publish","type":"post","link":"https:\/\/minutobahia24h.com.br\/?p=25967","title":{"rendered":"Lewandowski afirma que PEC da seguran\u00e7a est\u00e1 \u201cmadura\u201d para o Congresso"},"content":{"rendered":"<div class=\"wp-block-image\">\n<figure class=\"aligncenter size-full\"><img data-recalc-dims=\"1\" fetchpriority=\"high\" decoding=\"async\" width=\"600\" height=\"420\" src=\"https:\/\/i0.wp.com\/minutobahia24h.com.br\/wp-content\/uploads\/2025\/03\/Sem-titulo-194.jpg?resize=600%2C420&#038;ssl=1\" alt=\"\" class=\"wp-image-25968\" srcset=\"https:\/\/i0.wp.com\/minutobahia24h.com.br\/wp-content\/uploads\/2025\/03\/Sem-titulo-194.jpg?w=600&amp;ssl=1 600w, https:\/\/i0.wp.com\/minutobahia24h.com.br\/wp-content\/uploads\/2025\/03\/Sem-titulo-194.jpg?resize=300%2C210&amp;ssl=1 300w\" sizes=\"(max-width: 600px) 100vw, 600px\" \/><figcaption class=\"wp-element-caption\">Foto: Marcelo Camargo\/Ag\u00eancia Brasil<br><\/figcaption><\/figure>\n<\/div>\n\n\n<p>O ministro da Justi\u00e7a e Seguran\u00e7a P\u00fablica, Ricardo Lewandowski, afirmou nesta quinta-feira (13) que a Proposta de Emenda \u00e0 Constitui\u00e7\u00e3o (PEC) da Seguran\u00e7a P\u00fablica est\u00e1 pronta para ser enviada ao Congresso Nacional. O an\u00fancio foi feito ap\u00f3s uma reuni\u00e3o com o presidente Luiz In\u00e1cio Lula da Silva (PT), na qual foram definidos os ajustes finais do texto.<\/p>\n\n\n\n<p>Antes do envio ao Legislativo, a proposta ainda ser\u00e1 discutida em uma reuni\u00e3o com a ministra das Rela\u00e7\u00f5es Institucionais, Gleisi Hoffmann, o presidente da C\u00e2mara dos Deputados, Hugo Motta (Republicanos-PB), e o presidente do Senado, Davi Alcolumbre (Uni\u00e3o-AP). O objetivo do encontro ser\u00e1 definir o melhor momento para protocolar a PEC no Congresso.<\/p>\n\n\n\n<p><strong>Altera\u00e7\u00f5es na proposta<\/strong><\/p>\n\n\n\n<p>Uma das principais mudan\u00e7as feitas recentemente pelo governo foi a inclus\u00e3o das pol\u00edcias estaduais no texto da PEC. A decis\u00e3o segue um entendimento do Supremo Tribunal Federal (STF), que reconhece o papel das for\u00e7as estaduais na seguran\u00e7a p\u00fablica.<\/p>\n\n\n\n<p>A proposta faz parte de um esfor\u00e7o do governo federal para aprimorar a seguran\u00e7a p\u00fablica no pa\u00eds, estabelecendo um novo marco legal que possa garantir mais efetividade no combate \u00e0 criminalidade. Nos bastidores, h\u00e1 expectativa de que a PEC avance com celeridade, j\u00e1 que o tema tem apoio entre parlamentares da base aliada e da oposi\u00e7\u00e3o.<\/p>\n\n\n\n<p>Bahia.ba<\/p>\n","protected":false},"excerpt":{"rendered":"<p>O ministro da Justi\u00e7a e Seguran\u00e7a P\u00fablica, Ricardo Lewandowski, afirmou nesta quinta-feira (13) que a Proposta de Emenda \u00e0 Constitui\u00e7\u00e3o (PEC) da Seguran\u00e7a P\u00fablica est\u00e1 pronta para ser enviada ao Congresso Nacional. O an\u00fancio foi feito ap\u00f3s uma reuni\u00e3o com o presidente Luiz In\u00e1cio Lula da Silva (PT), na qual foram definidos os ajustes finais [&hellip;]<\/p>\n","protected":false},"author":2,"featured_media":25968,"comment_status":"open","ping_status":"open","sticky":false,"template":"","format":"standard","meta":{"_jetpack_memberships_contains_paid_content":false,"footnotes":""},"categories":[39],"tags":[],"class_list":["post-25967","post","type-post","status-publish","format-standard","has-post-thumbnail","hentry","category-politica"],"aioseo_notices":[],"jetpack_featured_media_url":"https:\/\/i0.wp.com\/minutobahia24h.com.br\/wp-content\/uploads\/2025\/03\/Sem-titulo-194.jpg?fit=600%2C420&ssl=1","jetpack_sharing_enabled":true,"_links":{"self":[{"href":"https:\/\/minutobahia24h.com.br\/index.php?rest_route=\/wp\/v2\/posts\/25967","targetHints":{"allow":["GET"]}}],"collection":[{"href":"https:\/\/minutobahia24h.com.br\/index.php?rest_route=\/wp\/v2\/posts"}],"about":[{"href":"https:\/\/minutobahia24h.com.br\/index.php?rest_route=\/wp\/v2\/types\/post"}],"author":[{"embeddable":true,"href":"https:\/\/minutobahia24h.com.br\/index.php?rest_route=\/wp\/v2\/users\/2"}],"replies":[{"embeddable":true,"href":"https:\/\/minutobahia24h.com.br\/index.php?rest_route=%2Fwp%2Fv2%2Fcomments&post=25967"}],"version-history":[{"count":1,"href":"https:\/\/minutobahia24h.com.br\/index.php?rest_route=\/wp\/v2\/posts\/25967\/revisions"}],"predecessor-version":[{"id":25969,"href":"https:\/\/minutobahia24h.com.br\/index.php?rest_route=\/wp\/v2\/posts\/25967\/revisions\/25969"}],"wp:featuredmedia":[{"embeddable":true,"href":"https:\/\/minutobahia24h.com.br\/index.php?rest_route=\/wp\/v2\/media\/25968"}],"wp:attachment":[{"href":"https:\/\/minutobahia24h.com.br\/index.php?rest_route=%2Fwp%2Fv2%2Fmedia&parent=25967"}],"wp:term":[{"taxonomy":"category","embeddable":true,"href":"https:\/\/minutobahia24h.com.br\/index.php?rest_route=%2Fwp%2Fv2%2Fcategories&post=25967"},{"taxonomy":"post_tag","embeddable":true,"href":"https:\/\/minutobahia24h.com.br\/index.php?rest_route=%2Fwp%2Fv2%2Ftags&post=25967"}],"curies":[{"name":"wp","href":"https:\/\/api.w.org\/{rel}","templated":true}]}}