{"id":2596,"date":"2023-10-20T07:13:16","date_gmt":"2023-10-20T10:13:16","guid":{"rendered":"https:\/\/minutobahia24h.com.br\/?p=2596"},"modified":"2023-10-20T07:13:18","modified_gmt":"2023-10-20T10:13:18","slug":"lula-vetara-parcialmente-pl-do-marco-temporal-prazo-para-vetos-extingue-nesta-sexta","status":"publish","type":"post","link":"https:\/\/minutobahia24h.com.br\/?p=2596","title":{"rendered":"Lula vetar\u00e1 parcialmente PL do Marco Temporal; prazo para vetos extingue nesta sexta"},"content":{"rendered":"<div class=\"wp-block-image\">\n<figure class=\"aligncenter size-full\"><img data-recalc-dims=\"1\" fetchpriority=\"high\" decoding=\"async\" width=\"600\" height=\"420\" src=\"https:\/\/i0.wp.com\/minutobahia24h.com.br\/wp-content\/uploads\/2023\/10\/lula-2.jpg?resize=600%2C420&#038;ssl=1\" alt=\"\" class=\"wp-image-2598\" srcset=\"https:\/\/i0.wp.com\/minutobahia24h.com.br\/wp-content\/uploads\/2023\/10\/lula-2.jpg?w=600&amp;ssl=1 600w, https:\/\/i0.wp.com\/minutobahia24h.com.br\/wp-content\/uploads\/2023\/10\/lula-2.jpg?resize=300%2C210&amp;ssl=1 300w\" sizes=\"(max-width: 600px) 100vw, 600px\" \/><figcaption class=\"wp-element-caption\">Foto: Ricardo Stuckert\/ PR<br><\/figcaption><\/figure>\n<\/div>\n\n\n<p>O projeto de lei do Marco Temporal aprovado pelo Congresso deve ser vetado parcialmente pelo presidente Lula. Nas palavras de um ministro palaciano, ouvido pelo Metr\u00f3poles, \u201cn\u00e3o ser\u00e1 um veto total, mas ser\u00e1 um veto bastante grande\u201d. Lula deve vetar o artigo principal do projeto. Ou seja, o que s\u00f3 permite serem demarcados como novos territ\u00f3rios ind\u00edgenas no Brasil espa\u00e7os que estavam ocupados em 5 de outubro de 1988, data da promulga\u00e7\u00e3o da Constitui\u00e7\u00e3o.<\/p>\n\n\n\n<p>Lula precisa decidir sobre os vetos ao projeto do Marco Temporal at\u00e9 esta sexta-feira (20), quando acaba o prazo final de 15 dias para an\u00e1lise do texto pela Presid\u00eancia. Se ele n\u00e3o se manifestar, a lei ser\u00e1 sancionada integralmente.<\/p>\n\n\n\n<p>O veto desse trecho ser\u00e1 um aceno ao STF, que decidiu por maioria, com 9 votos a favor e 2 contra, que a tese do Marco Temporal \u00e9 inconstitucional. O julgamento ocorreu antes da vota\u00e7\u00e3o do projeto no Congresso.<\/p>\n\n\n\n<p>Por outro lado, em um gesto ao Legislativo, o presidente da Rep\u00fablica deve sancionar artigos da proposta aprovada pelos parlamentares que n\u00e3o s\u00e3o considerados inconstitucionais nem tiveram m\u00e9todos questionados.<\/p>\n\n\n\n<p>Bahia.ba<\/p>\n","protected":false},"excerpt":{"rendered":"<p>O projeto de lei do Marco Temporal aprovado pelo Congresso deve ser vetado parcialmente pelo presidente Lula. Nas palavras de um ministro palaciano, ouvido pelo Metr\u00f3poles, \u201cn\u00e3o ser\u00e1 um veto total, mas ser\u00e1 um veto bastante grande\u201d. Lula deve vetar o artigo principal do projeto. Ou seja, o que s\u00f3 permite serem demarcados como novos [&hellip;]<\/p>\n","protected":false},"author":2,"featured_media":2598,"comment_status":"open","ping_status":"open","sticky":false,"template":"","format":"standard","meta":{"_jetpack_memberships_contains_paid_content":false,"footnotes":""},"categories":[39],"tags":[],"class_list":["post-2596","post","type-post","status-publish","format-standard","has-post-thumbnail","hentry","category-politica"],"aioseo_notices":[],"jetpack_featured_media_url":"https:\/\/i0.wp.com\/minutobahia24h.com.br\/wp-content\/uploads\/2023\/10\/lula-2.jpg?fit=600%2C420&ssl=1","jetpack_sharing_enabled":true,"_links":{"self":[{"href":"https:\/\/minutobahia24h.com.br\/index.php?rest_route=\/wp\/v2\/posts\/2596","targetHints":{"allow":["GET"]}}],"collection":[{"href":"https:\/\/minutobahia24h.com.br\/index.php?rest_route=\/wp\/v2\/posts"}],"about":[{"href":"https:\/\/minutobahia24h.com.br\/index.php?rest_route=\/wp\/v2\/types\/post"}],"author":[{"embeddable":true,"href":"https:\/\/minutobahia24h.com.br\/index.php?rest_route=\/wp\/v2\/users\/2"}],"replies":[{"embeddable":true,"href":"https:\/\/minutobahia24h.com.br\/index.php?rest_route=%2Fwp%2Fv2%2Fcomments&post=2596"}],"version-history":[{"count":1,"href":"https:\/\/minutobahia24h.com.br\/index.php?rest_route=\/wp\/v2\/posts\/2596\/revisions"}],"predecessor-version":[{"id":2599,"href":"https:\/\/minutobahia24h.com.br\/index.php?rest_route=\/wp\/v2\/posts\/2596\/revisions\/2599"}],"wp:featuredmedia":[{"embeddable":true,"href":"https:\/\/minutobahia24h.com.br\/index.php?rest_route=\/wp\/v2\/media\/2598"}],"wp:attachment":[{"href":"https:\/\/minutobahia24h.com.br\/index.php?rest_route=%2Fwp%2Fv2%2Fmedia&parent=2596"}],"wp:term":[{"taxonomy":"category","embeddable":true,"href":"https:\/\/minutobahia24h.com.br\/index.php?rest_route=%2Fwp%2Fv2%2Fcategories&post=2596"},{"taxonomy":"post_tag","embeddable":true,"href":"https:\/\/minutobahia24h.com.br\/index.php?rest_route=%2Fwp%2Fv2%2Ftags&post=2596"}],"curies":[{"name":"wp","href":"https:\/\/api.w.org\/{rel}","templated":true}]}}