{"id":25957,"date":"2025-03-14T07:08:05","date_gmt":"2025-03-14T10:08:05","guid":{"rendered":"https:\/\/minutobahia24h.com.br\/?p=25957"},"modified":"2025-03-14T07:08:31","modified_gmt":"2025-03-14T10:08:31","slug":"cansancao-tribunal-de-justica-da-bahia-determina-afastamento-do-presidente-da-camara","status":"publish","type":"post","link":"https:\/\/minutobahia24h.com.br\/?p=25957","title":{"rendered":"Cansan\u00e7\u00e3o: Tribunal de Justi\u00e7a da Bahia determina afastamento do Presidente da C\u00e2mara"},"content":{"rendered":"<div class=\"wp-block-image\">\n<figure class=\"aligncenter size-full\"><img data-recalc-dims=\"1\" fetchpriority=\"high\" decoding=\"async\" width=\"500\" height=\"421\" src=\"https:\/\/i0.wp.com\/minutobahia24h.com.br\/wp-content\/uploads\/2025\/03\/Sem-titulo-191.jpg?resize=500%2C421&#038;ssl=1\" alt=\"\" class=\"wp-image-25958\" srcset=\"https:\/\/i0.wp.com\/minutobahia24h.com.br\/wp-content\/uploads\/2025\/03\/Sem-titulo-191.jpg?w=500&amp;ssl=1 500w, https:\/\/i0.wp.com\/minutobahia24h.com.br\/wp-content\/uploads\/2025\/03\/Sem-titulo-191.jpg?resize=300%2C253&amp;ssl=1 300w\" sizes=\"(max-width: 500px) 100vw, 500px\" \/><\/figure>\n<\/div>\n\n\n<p>Na tarde da \u00faltima quarta-feira (12), o Tribunal de Justi\u00e7a da Bahia (TJ-BA decidiu, em car\u00e1ter provis\u00f3rio, pelo afastamento de Frederico Macedo Reis do cargo de Presidente da C\u00e2mara Municipal de Cansan\u00e7\u00e3o. A medida foi tomada ap\u00f3s an\u00e1lise de um Agravo de Instrumento interposto pela vereadora Marluce de Souza Pereira.<\/p>\n\n\n\n<p>Contexto do Caso: A disputa judicial teve in\u00edcio quando a vereadora Marluce entrou com um pedido de liminar para suspender os efeitos da elei\u00e7\u00e3o, alegando que Frederico Macedo Reis j\u00e1 exerceu a presid\u00eancia da C\u00e2mara nos bi\u00eanios 2021\/2022 e 2023\/2024, o que, segundo ela, impede nova reelei\u00e7\u00e3o consecutiva para o bi\u00eanio 2025\/2026.Contudo, na decis\u00e3o de primeira inst\u00e2ncia, a ju\u00edza da Comarca de Cansan\u00e7\u00e3o negou o pedido, mantendo o resultado da elei\u00e7\u00e3o e a posse de Frederico para o cargo. <\/p>\n\n\n\n<p>A ju\u00edza fundamentou sua decis\u00e3o na modula\u00e7\u00e3o estabelecida pelo Supremo Tribunal Federal (STF), que permite que elei\u00e7\u00f5es realizadas antes de 7 de janeiro de 2021 n\u00e3o sejam consideradas para fins de veda\u00e7\u00e3o \u00e0 reelei\u00e7\u00e3o, garantindo, assim, a continuidade de Frederico Macedo Reis no cargo de presidente. A magistrada tamb\u00e9m argumentou que o afastamento imediato poderia comprometer o funcionamento da C\u00e2mara Municipal e gerar instabilidade administrativa, o que dificultaria a atua\u00e7\u00e3o legislativa.<\/p>\n\n\n\n<p>Decis\u00e3o do Tribunal de Justi\u00e7a da Bahia: Insatisfeita com a negativa em primeira inst\u00e2ncia, a vereadora Marluce recorreu ao TJ-BA, buscando reverter a decis\u00e3o. Ap\u00f3s an\u00e1lise do caso, o Desembargador respons\u00e1vel pelo processo deferiu o pedido de antecipa\u00e7\u00e3o da tutela recursal e determinou o afastamento imediato de Frederico Macedo Reis do cargo de presidente da C\u00e2mara, at\u00e9 o julgamento final do mandado de seguran\u00e7a. A decis\u00e3o do TJ-BA ressaltou que a medida foi tomada de forma provis\u00f3ria, sem prejudicar o contradit\u00f3rio e a participa\u00e7\u00e3o do Minist\u00e9rio P\u00fablico, sendo uma decis\u00e3o cautelar at\u00e9 que se decida sobre o m\u00e9rito do caso.<\/p>\n\n\n\n<p>Decis\u00e3o do desembargador: \u201cPosta assim a quest\u00e3o, sem comprometimento do ju\u00edzo exauriente a ser realizado depois de permitido o contradit\u00f3rio e a participa\u00e7\u00e3o do Minist\u00e9rio P\u00fablico, defiro a antecipa\u00e7\u00e3o da tutela recursal e determino o afastamento do senhor FREDERICO MACEDO REIS do cargo de Presidente da C\u00e2mara Municipal de Cansan\u00e7\u00e3o, at\u00e9 o julgamento final do mandamus ou ulterior delibera\u00e7\u00e3o. \u201dO afastamento de Frederico Macedo Reis ser\u00e1 v\u00e1lido at\u00e9 que uma nova delibera\u00e7\u00e3o judicial seja tomada. <\/p>\n\n\n\n<p><strong>Por: Regi\u00e3o do Sisal.com.br<\/strong><\/p>\n","protected":false},"excerpt":{"rendered":"<p>Na tarde da \u00faltima quarta-feira (12), o Tribunal de Justi\u00e7a da Bahia (TJ-BA decidiu, em car\u00e1ter provis\u00f3rio, pelo afastamento de Frederico Macedo Reis do cargo de Presidente da C\u00e2mara Municipal de Cansan\u00e7\u00e3o. A medida foi tomada ap\u00f3s an\u00e1lise de um Agravo de Instrumento interposto pela vereadora Marluce de Souza Pereira. Contexto do Caso: A disputa [&hellip;]<\/p>\n","protected":false},"author":2,"featured_media":25958,"comment_status":"open","ping_status":"open","sticky":false,"template":"","format":"standard","meta":{"_jetpack_memberships_contains_paid_content":false,"footnotes":""},"categories":[3],"tags":[],"class_list":["post-25957","post","type-post","status-publish","format-standard","has-post-thumbnail","hentry","category-regional"],"aioseo_notices":[],"jetpack_featured_media_url":"https:\/\/i0.wp.com\/minutobahia24h.com.br\/wp-content\/uploads\/2025\/03\/Sem-titulo-191.jpg?fit=500%2C421&ssl=1","jetpack_sharing_enabled":true,"_links":{"self":[{"href":"https:\/\/minutobahia24h.com.br\/index.php?rest_route=\/wp\/v2\/posts\/25957","targetHints":{"allow":["GET"]}}],"collection":[{"href":"https:\/\/minutobahia24h.com.br\/index.php?rest_route=\/wp\/v2\/posts"}],"about":[{"href":"https:\/\/minutobahia24h.com.br\/index.php?rest_route=\/wp\/v2\/types\/post"}],"author":[{"embeddable":true,"href":"https:\/\/minutobahia24h.com.br\/index.php?rest_route=\/wp\/v2\/users\/2"}],"replies":[{"embeddable":true,"href":"https:\/\/minutobahia24h.com.br\/index.php?rest_route=%2Fwp%2Fv2%2Fcomments&post=25957"}],"version-history":[{"count":2,"href":"https:\/\/minutobahia24h.com.br\/index.php?rest_route=\/wp\/v2\/posts\/25957\/revisions"}],"predecessor-version":[{"id":25960,"href":"https:\/\/minutobahia24h.com.br\/index.php?rest_route=\/wp\/v2\/posts\/25957\/revisions\/25960"}],"wp:featuredmedia":[{"embeddable":true,"href":"https:\/\/minutobahia24h.com.br\/index.php?rest_route=\/wp\/v2\/media\/25958"}],"wp:attachment":[{"href":"https:\/\/minutobahia24h.com.br\/index.php?rest_route=%2Fwp%2Fv2%2Fmedia&parent=25957"}],"wp:term":[{"taxonomy":"category","embeddable":true,"href":"https:\/\/minutobahia24h.com.br\/index.php?rest_route=%2Fwp%2Fv2%2Fcategories&post=25957"},{"taxonomy":"post_tag","embeddable":true,"href":"https:\/\/minutobahia24h.com.br\/index.php?rest_route=%2Fwp%2Fv2%2Ftags&post=25957"}],"curies":[{"name":"wp","href":"https:\/\/api.w.org\/{rel}","templated":true}]}}