{"id":25939,"date":"2025-03-14T06:53:47","date_gmt":"2025-03-14T09:53:47","guid":{"rendered":"https:\/\/minutobahia24h.com.br\/?p=25939"},"modified":"2025-03-14T06:53:48","modified_gmt":"2025-03-14T09:53:48","slug":"paralisacao-dos-motoristas-de-onibus-e-suspensao-do-restaurante-universitario-da-univasf-continua","status":"publish","type":"post","link":"https:\/\/minutobahia24h.com.br\/?p=25939","title":{"rendered":"Paralisa\u00e7\u00e3o dos motoristas de \u00f4nibus e suspens\u00e3o do Restaurante Universit\u00e1rio da Univasf continua"},"content":{"rendered":"<div class=\"wp-block-image\">\n<figure class=\"aligncenter size-full\"><img data-recalc-dims=\"1\" fetchpriority=\"high\" decoding=\"async\" width=\"696\" height=\"490\" src=\"https:\/\/i0.wp.com\/minutobahia24h.com.br\/wp-content\/uploads\/2025\/03\/Sem-titulo-185.jpg?resize=696%2C490&#038;ssl=1\" alt=\"\" class=\"wp-image-25940\" srcset=\"https:\/\/i0.wp.com\/minutobahia24h.com.br\/wp-content\/uploads\/2025\/03\/Sem-titulo-185.jpg?w=696&amp;ssl=1 696w, https:\/\/i0.wp.com\/minutobahia24h.com.br\/wp-content\/uploads\/2025\/03\/Sem-titulo-185.jpg?resize=300%2C211&amp;ssl=1 300w\" sizes=\"(max-width: 696px) 100vw, 696px\" \/><figcaption class=\"wp-element-caption\">Foto: Reprodu\u00e7\u00e3o\/Redes Sociais<br><\/figcaption><\/figure>\n<\/div>\n\n\n<p>Estudantes da Universidade Federal do Vale do S\u00e3o Francisco (Univasf) est\u00e3o enfrentando dois problemas. H\u00e1 quase um m\u00eas os servi\u00e7os de alimenta\u00e7\u00e3o dos Restaurantes Universit\u00e1rios foram suspensos. Outra dificuldade \u00e9 a paralisa\u00e7\u00e3o dos motoristas de \u00f4nibus da universidade, que j\u00e1 dura quase 20 dias.<\/p>\n\n\n\n<p>Segundo o presidente do Sindicato dos Trabalhadores em Empresas de Locadoras, Fretamento e Turismo (Sindfretur), o motivo da paralisa\u00e7\u00e3o \u00e9 o atraso nos sal\u00e1rios de fevereiro dos motoristas e a solicita\u00e7\u00e3o de reajuste no valor do pagamento. Em entrevista ao GR1 desta quinta-feira (13), ele afirmou que at\u00e9 o momento n\u00e3o houve avan\u00e7o nas negocia\u00e7\u00f5es.<\/p>\n\n\n\n<p>\u201cFizeram uma promessa que regularizaria e assumiria as obriga\u00e7\u00f5es que lhes cabe, falaram do pagamento essa semana, do sal\u00e1rio de fevereiro e essa semana, com certeza n\u00e3o sair\u00e1\u201d, afirmou o presidente, Manoel Machado.<br>Ainda segundo o presidente, o motivo principal da greve \u201c\u00e9 a supress\u00e3o dos direitos dos trabalhadores\u201d. Ele disse que o valor que os trabalhadores ganhavam eram R$ 3.081, diminuiu para 2.560 e que a atual empresa definiu o valor em R$ 2.200. Ainda de acordo com ele, o ticket de alimenta\u00e7\u00e3o, que deveria ser de R$ 700 est\u00e1 em R$ 220 e o plano de sa\u00fade tamb\u00e9m foi cancelado.<\/p>\n\n\n\n<p>O Pr\u00f3-Reitor de Assist\u00eancia Estudantil da Univasf, Cl\u00e9bio Ferreira, falou sobre o atraso no sal\u00e1rio do m\u00eas de fevereiro e sobre as outras reivindica\u00e7\u00f5es da categoria. Segundo ele, a universidade n\u00e3o tem responsabilidade na defini\u00e7\u00e3o do valor que os motoristas recebem, que isso cabe \u00e0 empresa que contrata os motoristas. Assim, o conflito segue sem previs\u00e3o de resolu\u00e7\u00e3o e os estudantes continuam sem o servi\u00e7o.<\/p>\n\n\n\n<p>\u201cA empresa que sai e que entrou \u00e9 quem diz o sal\u00e1rio do motorista, a universidade n\u00e3o diz qual \u00e9 o sal\u00e1rio do motorista. Essa empresa ficou um ano, saiu o ano passado, entrou uma terceira empresa. Essa outra empresa, ela disse que dentro do contrato com a universidade, ela estabelece a CCT e ela estabelece o valor do pagamento dos motoristas, o sal\u00e1rio dos motoristas\u201d, afirmou.<\/p>\n\n\n<div class=\"wp-block-image\">\n<figure class=\"aligncenter\"><img data-recalc-dims=\"1\" decoding=\"async\" data-src=\"https:\/\/i0.wp.com\/www.redegn.com.br\/ckfinder\/userfiles\/images\/Restaurante_Univasf.png?w=800&#038;ssl=1\" alt=\"\" src=\"data:image\/gif;base64,R0lGODlhAQABAAAAACH5BAEKAAEALAAAAAABAAEAAAICTAEAOw==\" class=\"lazyload\" \/><noscript><img data-recalc-dims=\"1\" decoding=\"async\" src=\"https:\/\/i0.wp.com\/www.redegn.com.br\/ckfinder\/userfiles\/images\/Restaurante_Univasf.png?w=800&#038;ssl=1\" alt=\"\"\/><\/noscript><\/figure>\n<\/div>\n\n\n<p>Foto: Univasf \/Divulga\u00e7\u00e3o<\/p>\n\n\n\n<p>J\u00e1 sobre o funcionamento dos Restaurantes Universit\u00e1rios, a empresa terceirizada respons\u00e1vel rescindiu o contrato com a Univasf, em 19 de fevereiro. Nesta quinta, a institui\u00e7\u00e3o anunciou que uma nova empresa assumir\u00e1 o RU, com aumento no valor das refei\u00e7\u00f5es, que dever\u00e3o custar R$ 17,50, mas n\u00e3o definiu um prazo para o retorno do funcionamento.<\/p>\n\n\n\n<p>Segundo o Pr\u00f3-Reitor de Assist\u00eancia Estudantil da universidade, a empresa est\u00e1 providenciando contrata\u00e7\u00e3o da equipe, instala\u00e7\u00e3o de catracas e sistemas, limpeza dos ambientes e recebimento do aparelho dos restaurantes.<\/p>\n\n\n\n<p>G1 Petrolina<\/p>\n","protected":false},"excerpt":{"rendered":"<p>Estudantes da Universidade Federal do Vale do S\u00e3o Francisco (Univasf) est\u00e3o enfrentando dois problemas. H\u00e1 quase um m\u00eas os servi\u00e7os de alimenta\u00e7\u00e3o dos Restaurantes Universit\u00e1rios foram suspensos. Outra dificuldade \u00e9 a paralisa\u00e7\u00e3o dos motoristas de \u00f4nibus da universidade, que j\u00e1 dura quase 20 dias. Segundo o presidente do Sindicato dos Trabalhadores em Empresas de Locadoras, [&hellip;]<\/p>\n","protected":false},"author":2,"featured_media":25940,"comment_status":"open","ping_status":"open","sticky":false,"template":"","format":"standard","meta":{"_jetpack_memberships_contains_paid_content":false,"footnotes":""},"categories":[3],"tags":[],"class_list":["post-25939","post","type-post","status-publish","format-standard","has-post-thumbnail","hentry","category-regional"],"aioseo_notices":[],"jetpack_featured_media_url":"https:\/\/i0.wp.com\/minutobahia24h.com.br\/wp-content\/uploads\/2025\/03\/Sem-titulo-185.jpg?fit=696%2C490&ssl=1","jetpack_sharing_enabled":true,"_links":{"self":[{"href":"https:\/\/minutobahia24h.com.br\/index.php?rest_route=\/wp\/v2\/posts\/25939","targetHints":{"allow":["GET"]}}],"collection":[{"href":"https:\/\/minutobahia24h.com.br\/index.php?rest_route=\/wp\/v2\/posts"}],"about":[{"href":"https:\/\/minutobahia24h.com.br\/index.php?rest_route=\/wp\/v2\/types\/post"}],"author":[{"embeddable":true,"href":"https:\/\/minutobahia24h.com.br\/index.php?rest_route=\/wp\/v2\/users\/2"}],"replies":[{"embeddable":true,"href":"https:\/\/minutobahia24h.com.br\/index.php?rest_route=%2Fwp%2Fv2%2Fcomments&post=25939"}],"version-history":[{"count":1,"href":"https:\/\/minutobahia24h.com.br\/index.php?rest_route=\/wp\/v2\/posts\/25939\/revisions"}],"predecessor-version":[{"id":25941,"href":"https:\/\/minutobahia24h.com.br\/index.php?rest_route=\/wp\/v2\/posts\/25939\/revisions\/25941"}],"wp:featuredmedia":[{"embeddable":true,"href":"https:\/\/minutobahia24h.com.br\/index.php?rest_route=\/wp\/v2\/media\/25940"}],"wp:attachment":[{"href":"https:\/\/minutobahia24h.com.br\/index.php?rest_route=%2Fwp%2Fv2%2Fmedia&parent=25939"}],"wp:term":[{"taxonomy":"category","embeddable":true,"href":"https:\/\/minutobahia24h.com.br\/index.php?rest_route=%2Fwp%2Fv2%2Fcategories&post=25939"},{"taxonomy":"post_tag","embeddable":true,"href":"https:\/\/minutobahia24h.com.br\/index.php?rest_route=%2Fwp%2Fv2%2Ftags&post=25939"}],"curies":[{"name":"wp","href":"https:\/\/api.w.org\/{rel}","templated":true}]}}