{"id":25829,"date":"2025-03-12T12:48:26","date_gmt":"2025-03-12T15:48:26","guid":{"rendered":"https:\/\/minutobahia24h.com.br\/?p=25829"},"modified":"2025-03-12T12:48:44","modified_gmt":"2025-03-12T15:48:44","slug":"vereador-jeorge-catatau-participa-da-aprovacao-de-projeto-voltado-aos-servidores-municipais-de-senhor-do-bonfim","status":"publish","type":"post","link":"https:\/\/minutobahia24h.com.br\/?p=25829","title":{"rendered":"Vereador Jeorge Catatau participa da aprova\u00e7\u00e3o de projeto voltado aos servidores municipais de Senhor do Bonfim"},"content":{"rendered":"<div class=\"wp-block-image\">\n<figure class=\"aligncenter size-large\"><img data-recalc-dims=\"1\" fetchpriority=\"high\" decoding=\"async\" width=\"768\" height=\"1024\" src=\"https:\/\/i0.wp.com\/minutobahia24h.com.br\/wp-content\/uploads\/2025\/03\/img-20250312-wa06466848034851103171567-768x1024.jpg?resize=768%2C1024&#038;ssl=1\" alt=\"\" class=\"wp-image-25828\" srcset=\"https:\/\/i0.wp.com\/minutobahia24h.com.br\/wp-content\/uploads\/2025\/03\/img-20250312-wa06466848034851103171567.jpg?resize=768%2C1024&amp;ssl=1 768w, https:\/\/i0.wp.com\/minutobahia24h.com.br\/wp-content\/uploads\/2025\/03\/img-20250312-wa06466848034851103171567.jpg?resize=225%2C300&amp;ssl=1 225w, https:\/\/i0.wp.com\/minutobahia24h.com.br\/wp-content\/uploads\/2025\/03\/img-20250312-wa06466848034851103171567.jpg?resize=750%2C1000&amp;ssl=1 750w, https:\/\/i0.wp.com\/minutobahia24h.com.br\/wp-content\/uploads\/2025\/03\/img-20250312-wa06466848034851103171567.jpg?w=960&amp;ssl=1 960w\" sizes=\"(max-width: 768px) 100vw, 768px\" \/><\/figure>\n<\/div>\n\n\n<p><\/p>\n\n\n\n<p>Na sess\u00e3o ordin\u00e1ria realizada nesta ter\u00e7a-feira (11), o vereador Jeorge Catatau participou da aprova\u00e7\u00e3o de projeto de lei que garante direito a servidores p\u00fablicos municipais de Senhor do Bonfim que possuam filhos ou cuidem de pessoas com defici\u00eancia. Al\u00e9m disso, participou da discuss\u00e3o de outro projeto enviado pelo executivo para a contrata\u00e7\u00e3o tempor\u00e1ria de servidores para a educa\u00e7\u00e3o.<\/p>\n\n\n\n<p><br><br>O primeiro projeto a ser debatido foi o Projeto de Lei do Executivo n\u00ba 010\/2025, que garante o direito a hor\u00e1rio especial para servidores p\u00fablicos municipais que possuam v\u00ednculo de cuidado indispens\u00e1vel com pessoas com defici\u00eancia, transtornos ou mobilidade reduzida. Ap\u00f3s votar a favor, Catatau ressaltou a import\u00e2ncia da medida, afirmando: \u201cTodos sabemos as dificuldades e a luta di\u00e1ria de quem cuida de pessoas com defici\u00eancia. Ent\u00e3o, nada mais justo que dar ao servidor municipal, que tanto se dedica ao munic\u00edpio, esse direito de ter um hor\u00e1rio flex\u00edvel no trabalho para cuidar do seu familiar com defici\u00eancia\u201d.<\/p>\n\n\n\n<p><br> <br>Em seguida, foi discutido o Projeto de Lei do Executivo n\u00ba 012\/2025, que trata da contrata\u00e7\u00e3o tempor\u00e1ria de profissionais da \u00e1rea de educa\u00e7\u00e3o por excepcional interesse p\u00fablico, al\u00e9m de extinguir cargos indicados na estrutura administrativa do munic\u00edpio. Catatau chamou a aten\u00e7\u00e3o para a import\u00e2ncia da transpar\u00eancia no processo, uma vez que o projeto envolve cerca de 600 cargos. \u201cA comiss\u00e3o de Educa\u00e7\u00e3o desta casa e o Minist\u00e9rio P\u00fablico devem acompanhar de perto para garantir que haja o m\u00e1ximo de clareza e \u00e0 lisura durante todas as etapas do processo\u201d, afirmou.<\/p>\n\n\n\n<p><br><br>Ao fazer uso da tribuna, Jeorge Catatau fez um balan\u00e7o de sua atua\u00e7\u00e3o como vereador nos primeiros meses de mandato, destacando sua recente visita a Companhia de Engenharia Ambiental e Recursos H\u00eddricos da Bahia &#8211; CERB e suas indica\u00e7\u00f5es de Projetos de Lei voltados a acessibilidade e o que estabelece prazo de at\u00e9 8 dias para melhorias da ilumina\u00e7\u00e3o p\u00fablica ap\u00f3s solicita\u00e7\u00e3o do cidad\u00e3o.<\/p>\n","protected":false},"excerpt":{"rendered":"<p>Na sess\u00e3o ordin\u00e1ria realizada nesta ter\u00e7a-feira (11), o vereador Jeorge Catatau participou da aprova\u00e7\u00e3o de projeto de lei que garante direito a servidores p\u00fablicos municipais de Senhor do Bonfim que possuam filhos ou cuidem de pessoas com defici\u00eancia. Al\u00e9m disso, participou da discuss\u00e3o de outro projeto enviado pelo executivo para a contrata\u00e7\u00e3o tempor\u00e1ria de servidores [&hellip;]<\/p>\n","protected":false},"author":2,"featured_media":25828,"comment_status":"open","ping_status":"open","sticky":false,"template":"","format":"standard","meta":{"_jetpack_memberships_contains_paid_content":false,"footnotes":""},"categories":[3],"tags":[5],"class_list":["post-25829","post","type-post","status-publish","format-standard","has-post-thumbnail","hentry","category-regional","tag-bonfim"],"aioseo_notices":[],"jetpack_featured_media_url":"https:\/\/i0.wp.com\/minutobahia24h.com.br\/wp-content\/uploads\/2025\/03\/img-20250312-wa06466848034851103171567.jpg?fit=960%2C1280&ssl=1","jetpack_sharing_enabled":true,"_links":{"self":[{"href":"https:\/\/minutobahia24h.com.br\/index.php?rest_route=\/wp\/v2\/posts\/25829","targetHints":{"allow":["GET"]}}],"collection":[{"href":"https:\/\/minutobahia24h.com.br\/index.php?rest_route=\/wp\/v2\/posts"}],"about":[{"href":"https:\/\/minutobahia24h.com.br\/index.php?rest_route=\/wp\/v2\/types\/post"}],"author":[{"embeddable":true,"href":"https:\/\/minutobahia24h.com.br\/index.php?rest_route=\/wp\/v2\/users\/2"}],"replies":[{"embeddable":true,"href":"https:\/\/minutobahia24h.com.br\/index.php?rest_route=%2Fwp%2Fv2%2Fcomments&post=25829"}],"version-history":[{"count":1,"href":"https:\/\/minutobahia24h.com.br\/index.php?rest_route=\/wp\/v2\/posts\/25829\/revisions"}],"predecessor-version":[{"id":25830,"href":"https:\/\/minutobahia24h.com.br\/index.php?rest_route=\/wp\/v2\/posts\/25829\/revisions\/25830"}],"wp:featuredmedia":[{"embeddable":true,"href":"https:\/\/minutobahia24h.com.br\/index.php?rest_route=\/wp\/v2\/media\/25828"}],"wp:attachment":[{"href":"https:\/\/minutobahia24h.com.br\/index.php?rest_route=%2Fwp%2Fv2%2Fmedia&parent=25829"}],"wp:term":[{"taxonomy":"category","embeddable":true,"href":"https:\/\/minutobahia24h.com.br\/index.php?rest_route=%2Fwp%2Fv2%2Fcategories&post=25829"},{"taxonomy":"post_tag","embeddable":true,"href":"https:\/\/minutobahia24h.com.br\/index.php?rest_route=%2Fwp%2Fv2%2Ftags&post=25829"}],"curies":[{"name":"wp","href":"https:\/\/api.w.org\/{rel}","templated":true}]}}